{"id":4240,"date":"2021-08-17T20:23:00","date_gmt":"2021-08-17T20:23:00","guid":{"rendered":"https:\/\/www.bfv.cloud\/ajedrezeuropa\/index.php\/2021\/08\/17\/el-28-de-agosto-el-pabellon-vicente-paniagua-acogera-el-torneo-de-ajedrez-de-feria-de-alcazar\/"},"modified":"2025-11-20T11:14:32","modified_gmt":"2025-11-20T11:14:32","slug":"el-28-de-agosto-el-pabellon-vicente-paniagua-acogera-el-torneo-de-ajedrez-de-feria-de-alcazar","status":"publish","type":"post","link":"https:\/\/www.bfv.cloud\/ajedrezeuropa\/el-28-de-agosto-el-pabellon-vicente-paniagua-acogera-el-torneo-de-ajedrez-de-feria-de-alcazar\/","title":{"rendered":"EL 28 DE AGOSTO EL PABELL\u00d3N VICENTE PANIAGUA ACOGER\u00c1 EL TORNEO DE AJEDREZ DE FERIA DE ALC\u00c1ZAR"},"content":{"rendered":"<p>&nbsp;<\/p>\n<div class=\"separator\" style=\"clear: both;text-align: center\"><a href=\"https:\/\/www.bfv.cloud\/ajedrezeuropa\/wp-content\/uploads\/2021\/08\/CARTELTORNEOALCAZAR2021.jpg\" style=\"margin-left: 1em;margin-right: 1em\"><img fetchpriority=\"high\" decoding=\"async\" border=\"0\" data-original-height=\"1755\" data-original-width=\"1228\" height=\"640\" src=\"https:\/\/blogger.googleusercontent.com\/img\/b\/R29vZ2xl\/AVvXsEgIwhHPVLSG2L3IzcLyKMxFCihmen53hrirLoehsTXnUrGG8FKzaEedmLsA4X4UkdaCrvuO_SScUxKjJrSMcq2U5cvUWbjGNgX9tFKDrs8Mz2shi7aN6UGXkA9CtNymlm_qrjHGwnwjiUg\/w448-h640\/CARTEL+TORNEO+ALCAZAR+2021.jpg\" width=\"448\" \/><\/a><\/div>\n<p><span style=\"font-family: georgia;font-size: large\"><b>El pr\u00f3ximo s\u00e1bado 28 de agosto recuperamos el torneo de feria de Alc\u00e1zar de San Juan despu\u00e9s de la interrupci\u00f3n obligada por las circunstancias sanitarias de 2020. El formato de esta edici\u00f3n n\u00famero 18 seguir\u00e1 siendo el mismo, con 2 torneos diferenciados para los aficionados y las aficionadas de la categor\u00eda juvenil (sub-18) y el otro para los ajedrecistas de categor\u00eda absoluta.&nbsp;<\/b><\/span><\/p>\n<p><span style=\"font-family: georgia;font-size: large\"><b>Los trofeos ser\u00e1n por clubes, sumando los mejores 8 resultados de jugadores del mismo club en el torneo juvenil y los 3 mejores en el absoluto.<\/b><\/span><\/p>\n<p><span style=\"font-family: georgia;font-size: large\"><b>Todas las indicaciones t\u00e9cnicas y el plazo de inscripci\u00f3n figura en las bases que publicamos a continuaci\u00f3n.<\/b><\/span><\/p>\n<p><span style=\"color: #990000;font-family: georgia;font-size: large\"><b>Hay que tener en cuenta que la \u00fanica modificaci\u00f3n importante es el lugar de celebraci\u00f3n que pasa a ser el pabell\u00f3n deportivo Vicente Paniagua para poder mantener la distancia social y poder ampliar el n\u00famero de participantes.<\/b><\/span><\/p>\n<p><span style=\"color: #990000;font-family: georgia;font-size: large\"><b>\u00a1\u00a1Os esperamos!!<\/b><\/span><\/p>\n<p><span style=\"font-family: georgia;font-size: large\"><\/span><\/p>\n<div class=\"separator\" style=\"clear: both;text-align: center\"><span style=\"font-family: georgia;font-size: large\"><a href=\"https:\/\/www.bfv.cloud\/ajedrezeuropa\/wp-content\/uploads\/2021\/08\/BASESDELXVIIITORNEOFERIA20212528VTORNEOABSOLUTO2529_001.jpg\" style=\"margin-left: 1em;margin-right: 1em\"><img decoding=\"async\" border=\"0\" data-original-height=\"2048\" data-original-width=\"1447\" height=\"640\" src=\"https:\/\/blogger.googleusercontent.com\/img\/b\/R29vZ2xl\/AVvXsEjmO1B7bersJOhzxzrZ7LtFdh9qa4gGBR8jIQn73a75MOX9Ul7heFnhPPO840ycWdNkbhZW-0FWyjMsO-GTFd5RW7Pc1bWB5PnNBt16F5oM3dT2ebDVD1hKJJtlx0C4A8huYXrN6bQoH9w\/w452-h640\/BASES+DEL+XVIII+TORNEO+FERIA+2021+%2528V+TORNEO+ABSOLUTO%2529_001.jpg\" width=\"452\" \/><\/a><\/span><\/div>\n<div class=\"separator\" style=\"clear: both;text-align: center\"><a href=\"https:\/\/www.bfv.cloud\/ajedrezeuropa\/wp-content\/uploads\/2021\/08\/BASESDELXVIIITORNEOFERIA20212528XIIITORNEOS-182529_001.jpg\" style=\"margin-left: 1em;margin-right: 1em\"><img decoding=\"async\" border=\"0\" data-original-height=\"2048\" data-original-width=\"1447\" height=\"640\" src=\"https:\/\/blogger.googleusercontent.com\/img\/b\/R29vZ2xl\/AVvXsEgGJwxsMBoG6kvikPGKEH0d6czFabAUba_P-wKAlrAlGyBynppbjH5a6mE8s7YZN3pThrxwan2snokEkW6MlBo8WFv-d7dUav3P7OeUT2EOFOpgcKeoCJUvf4uLSiShftxX-ATtN5DBnrw\/w452-h640\/BASES+DEL+XVIIITORNEO+FERIA+2021+%2528XIII+TORNEO+S-18%2529_001.jpg\" width=\"452\" \/><\/a><\/div>\n<p><\/p>\n<div class=\"separator\" style=\"clear: both;text-align: center\"><\/div>\n<p><span style=\"font-family: georgia;font-size: large\"><\/p>\n<div class=\"separator\" style=\"clear: both;text-align: center\"><\/div>\n<p><b><br \/><\/b><\/span><\/p>\n","protected":false},"excerpt":{"rendered":"<p>&nbsp; El pr\u00f3ximo s\u00e1bado 28 de agosto recuperamos el torneo de feria de Alc\u00e1zar de San Juan despu\u00e9s de la interrupci\u00f3n obligada por las circunstancias sanitarias de 2020. El formato de esta edici\u00f3n n\u00famero 18 seguir\u00e1 siendo el mismo, con 2 torneos diferenciados para los aficionados y las aficionadas de la categor\u00eda juvenil (sub-18) y [&hellip;]<\/p>\n","protected":false},"author":1,"featured_media":4241,"comment_status":"open","ping_status":"closed","sticky":false,"template":"","format":"standard","meta":{"footnotes":""},"categories":[1],"tags":[],"class_list":["post-4240","post","type-post","status-publish","format-standard","has-post-thumbnail","hentry","category-noticias"],"_links":{"self":[{"href":"https:\/\/www.bfv.cloud\/ajedrezeuropa\/wp-json\/wp\/v2\/posts\/4240","targetHints":{"allow":["GET"]}}],"collection":[{"href":"https:\/\/www.bfv.cloud\/ajedrezeuropa\/wp-json\/wp\/v2\/posts"}],"about":[{"href":"https:\/\/www.bfv.cloud\/ajedrezeuropa\/wp-json\/wp\/v2\/types\/post"}],"author":[{"embeddable":true,"href":"https:\/\/www.bfv.cloud\/ajedrezeuropa\/wp-json\/wp\/v2\/users\/1"}],"replies":[{"embeddable":true,"href":"https:\/\/www.bfv.cloud\/ajedrezeuropa\/wp-json\/wp\/v2\/comments?post=4240"}],"version-history":[{"count":1,"href":"https:\/\/www.bfv.cloud\/ajedrezeuropa\/wp-json\/wp\/v2\/posts\/4240\/revisions"}],"predecessor-version":[{"id":4244,"href":"https:\/\/www.bfv.cloud\/ajedrezeuropa\/wp-json\/wp\/v2\/posts\/4240\/revisions\/4244"}],"wp:featuredmedia":[{"embeddable":true,"href":"https:\/\/www.bfv.cloud\/ajedrezeuropa\/wp-json\/wp\/v2\/media\/4241"}],"wp:attachment":[{"href":"https:\/\/www.bfv.cloud\/ajedrezeuropa\/wp-json\/wp\/v2\/media?parent=4240"}],"wp:term":[{"taxonomy":"category","embeddable":true,"href":"https:\/\/www.bfv.cloud\/ajedrezeuropa\/wp-json\/wp\/v2\/categories?post=4240"},{"taxonomy":"post_tag","embeddable":true,"href":"https:\/\/www.bfv.cloud\/ajedrezeuropa\/wp-json\/wp\/v2\/tags?post=4240"}],"curies":[{"name":"wp","href":"https:\/\/api.w.org\/{rel}","templated":true}]}}