{"id":4245,"date":"2014-08-11T23:11:00","date_gmt":"2014-08-11T23:11:00","guid":{"rendered":"https:\/\/www.bfv.cloud\/ajedrezeuropa\/index.php\/2014\/08\/11\/los-ultimos-torneos-se-cierran-con-buenas-actuaciones-de-nuestros-jugadores\/"},"modified":"2025-11-20T11:14:36","modified_gmt":"2025-11-20T11:14:36","slug":"los-ultimos-torneos-se-cierran-con-buenas-actuaciones-de-nuestros-jugadores","status":"publish","type":"post","link":"https:\/\/www.bfv.cloud\/ajedrezeuropa\/los-ultimos-torneos-se-cierran-con-buenas-actuaciones-de-nuestros-jugadores\/","title":{"rendered":"LOS \u00daLTIMOS TORNEOS SE CIERRAN CON BUENAS ACTUACIONES DE NUESTROS JUGADORES"},"content":{"rendered":"<div class=\"separator\" style=\"clear: both;text-align: center\">\n<\/div>\n<table cellpadding=\"0\" cellspacing=\"0\" class=\"tr-caption-container\" style=\"float: right;margin-left: 1em;text-align: right\">\n<tbody>\n<tr>\n<td style=\"text-align: center\"><a href=\"https:\/\/www.bfv.cloud\/ajedrezeuropa\/wp-content\/uploads\/2014\/08\/IMG-20140806-WA0003.jpg\" style=\"clear: right;margin-bottom: 1em;margin-left: auto;margin-right: auto\"><img fetchpriority=\"high\" decoding=\"async\" border=\"0\" src=\"https:\/\/www.bfv.cloud\/ajedrezeuropa\/wp-content\/uploads\/2014\/08\/IMG-20140806-WA0003.jpg\" height=\"225\" width=\"400\" \/><\/a><\/td>\n<\/tr>\n<tr>\n<td class=\"tr-caption\" style=\"text-align: center\">Isaac al comienzo de una partida en Salobre\u00f1a<\/td>\n<\/tr>\n<\/tbody>\n<\/table>\n<div align=\"left\" class=\"MsoTitle\">\n<b><span style=\"font-size: 12pt\"><span style=\"font-family: Georgia, Times New Roman, serif\">En el Campeonato de Espa\u00f1a Sub-18 de Salobre\u00f1a (Granada)<\/span><\/span><\/b><\/div>\n<p><\/p>\n<div align=\"left\" class=\"MsoTitle\">\n<span style=\"font-size: 12pt\"><span style=\"font-family: Georgia, Times New Roman, serif\"><br \/><\/span><\/span><\/div>\n<div align=\"left\" class=\"MsoTitle\">\n<span style=\"font-size: 12pt\"><span style=\"font-family: Georgia, Times New Roman, serif\">A<\/span><\/span><span style=\"font-family: Georgia, Times New Roman, serif;font-size: 12pt\">l mismo tiempo que aqu\u00ed<br \/>\ncelebr\u00e1bamos el campus, se disputaba en el hotel Best Western de Salobre\u00f1a el<br \/>\nCampeonato de Espa\u00f1a Sub-18 con la participaci\u00f3n de nuestro jugador: Isaac<br \/>\nLozano Osorio. Tras unos resultados sobresalientes en las rondas 5\u00aa, 6\u00aa y 7\u00aa, con victorias ante rivales de mucha val\u00eda, tuvo que conformarse con mejorar 10 puestos su<br \/>\nranking inicial tras perder en las 2 partidas finales. La clasificaci\u00f3n final le situ\u00f3 en la posici\u00f3n 70\u00aa, gracias a los 4 puntos<br \/>\nobtenidos, mejorando en 24 su elo FIDE.<\/span><\/div>\n<div align=\"left\" class=\"MsoTitle\">\n<span style=\"font-family: Batang;font-size: 12pt\"><br \/><\/span><\/div>\n<div align=\"left\" class=\"MsoTitle\">\n<span style=\"font-family: Batang;font-size: 12pt\">&nbsp;&nbsp;<\/span><b><span style=\"font-size: 12pt\"><span style=\"font-family: Georgia, Times New Roman, serif\">En el torneo de promoci\u00f3n de Almansa (Albacete)<\/span><\/span><\/b><\/div>\n<table cellpadding=\"0\" cellspacing=\"0\" class=\"tr-caption-container\" style=\"float: right;margin-left: 1em;text-align: right\">\n<tbody>\n<tr>\n<td style=\"text-align: center\"><a href=\"https:\/\/www.bfv.cloud\/ajedrezeuropa\/wp-content\/uploads\/2014\/08\/escolarciudadreal2014014.jpg\" style=\"clear: right;margin-bottom: 1em;margin-left: auto;margin-right: auto\"><img decoding=\"async\" border=\"0\" src=\"https:\/\/www.bfv.cloud\/ajedrezeuropa\/wp-content\/uploads\/2014\/08\/escolarciudadreal2014014.jpg\" height=\"240\" width=\"320\" \/><\/a><\/td>\n<\/tr>\n<tr>\n<td class=\"tr-caption\" style=\"text-align: center\">Javier Valdepe\u00f1as Octavio<\/td>\n<\/tr>\n<\/tbody>\n<\/table>\n<div align=\"left\" class=\"MsoTitle\">\n<span style=\"font-family: Georgia, Times New Roman, serif\"><br \/><\/span><\/div>\n<div align=\"left\" class=\"MsoTitle\">\n<span style=\"font-family: Georgia, Times New Roman, serif\">El domingo pasado finalizaba en Almansa la 25\u00aa edici\u00f3n de su torneo de promoci\u00f3n. En esta ocasi\u00f3n han sido 3 los jugadores de nuestros clubes que han participado en el torneo B: Jes\u00fas M\u00aa Bricio, Javier Valdepe\u00f1as y el propio Isaac Lozano. Tras celebrarse las 9 rondas de las que constaba, Isaac, se alzaba con la 6\u00aa posici\u00f3n tras sumar 6,5 puntos; Javier, lograba 4,5 puntos, mientras que Jes\u00fas M\u00aa terminaba con 3,5 puntos. El sensacional resultado obtenido por Isaac Lozano le permitir\u00e1 ganar otros 99 puntos en la pr\u00f3xima lista de elo de la FIDE, y otros 13 a Javier Valdepe\u00f1as. En este apartado del elo es muy significativo tener en cuenta que desde el 1 de agosto el valor del coeficiente estabilizador K, para casi todos los jugadores sub-18 de Espa\u00f1a, ha pasado a ser de 40, lo que produce unas variaciones de elo mucho m\u00e1s pronunciadas. El ejemplo del torneo de Almansa, que ha sido uno de los primeros en finalizar con el nuevo valor del coeficiente K, es muy ilustrativo de esta situaci\u00f3n. \u00a1\u00a1Enhorabuena a los tres!!<\/span><b><span style=\"font-size: 12pt\"><span style=\"font-family: Georgia, Times New Roman, serif\"><\/p>\n<table cellpadding=\"0\" cellspacing=\"0\" class=\"tr-caption-container\" style=\"float: left;margin-right: 1em;text-align: left\">\n<tbody>\n<tr>\n<td style=\"text-align: center\"><a href=\"https:\/\/www.bfv.cloud\/ajedrezeuropa\/wp-content\/uploads\/2014\/08\/100_2996.jpg\" style=\"clear: left;margin-bottom: 1em;margin-left: auto;margin-right: auto\"><img decoding=\"async\" border=\"0\" src=\"https:\/\/www.bfv.cloud\/ajedrezeuropa\/wp-content\/uploads\/2014\/08\/100_2996.jpg\" height=\"240\" width=\"320\" \/><\/a><\/td>\n<\/tr>\n<tr>\n<td class=\"tr-caption\" style=\"text-align: center\">Jes\u00fas M\u00aa Bricio Garc\u00eda de la Torre<\/td>\n<\/tr>\n<\/tbody>\n<\/table>\n<p><\/span><\/span><\/b><\/div>\n<div class=\"separator\" style=\"clear: both;text-align: center\">\n<\/div>\n","protected":false},"excerpt":{"rendered":"<p>Isaac al comienzo de una partida en Salobre\u00f1a En el Campeonato de Espa\u00f1a Sub-18 de Salobre\u00f1a (Granada) Al mismo tiempo que aqu\u00ed celebr\u00e1bamos el campus, se disputaba en el hotel Best Western de Salobre\u00f1a el Campeonato de Espa\u00f1a Sub-18 con la participaci\u00f3n de nuestro jugador: Isaac Lozano Osorio. Tras unos resultados sobresalientes en las rondas [&hellip;]<\/p>\n","protected":false},"author":1,"featured_media":4246,"comment_status":"open","ping_status":"closed","sticky":false,"template":"","format":"standard","meta":{"footnotes":""},"categories":[1],"tags":[],"class_list":["post-4245","post","type-post","status-publish","format-standard","has-post-thumbnail","hentry","category-noticias"],"_links":{"self":[{"href":"https:\/\/www.bfv.cloud\/ajedrezeuropa\/wp-json\/wp\/v2\/posts\/4245","targetHints":{"allow":["GET"]}}],"collection":[{"href":"https:\/\/www.bfv.cloud\/ajedrezeuropa\/wp-json\/wp\/v2\/posts"}],"about":[{"href":"https:\/\/www.bfv.cloud\/ajedrezeuropa\/wp-json\/wp\/v2\/types\/post"}],"author":[{"embeddable":true,"href":"https:\/\/www.bfv.cloud\/ajedrezeuropa\/wp-json\/wp\/v2\/users\/1"}],"replies":[{"embeddable":true,"href":"https:\/\/www.bfv.cloud\/ajedrezeuropa\/wp-json\/wp\/v2\/comments?post=4245"}],"version-history":[{"count":1,"href":"https:\/\/www.bfv.cloud\/ajedrezeuropa\/wp-json\/wp\/v2\/posts\/4245\/revisions"}],"predecessor-version":[{"id":4249,"href":"https:\/\/www.bfv.cloud\/ajedrezeuropa\/wp-json\/wp\/v2\/posts\/4245\/revisions\/4249"}],"wp:featuredmedia":[{"embeddable":true,"href":"https:\/\/www.bfv.cloud\/ajedrezeuropa\/wp-json\/wp\/v2\/media\/4246"}],"wp:attachment":[{"href":"https:\/\/www.bfv.cloud\/ajedrezeuropa\/wp-json\/wp\/v2\/media?parent=4245"}],"wp:term":[{"taxonomy":"category","embeddable":true,"href":"https:\/\/www.bfv.cloud\/ajedrezeuropa\/wp-json\/wp\/v2\/categories?post=4245"},{"taxonomy":"post_tag","embeddable":true,"href":"https:\/\/www.bfv.cloud\/ajedrezeuropa\/wp-json\/wp\/v2\/tags?post=4245"}],"curies":[{"name":"wp","href":"https:\/\/api.w.org\/{rel}","templated":true}]}}