{"id":425,"date":"2012-07-26T23:40:00","date_gmt":"2012-07-26T23:40:00","guid":{"rendered":"https:\/\/www.bfv.cloud\/ajedrezeuropa\/index.php\/2012\/07\/26\/subcampeones-regionales-por-equipos-sub-16\/"},"modified":"2025-11-20T10:17:29","modified_gmt":"2025-11-20T10:17:29","slug":"subcampeones-regionales-por-equipos-sub-16","status":"publish","type":"post","link":"https:\/\/www.bfv.cloud\/ajedrezeuropa\/subcampeones-regionales-por-equipos-sub-16\/","title":{"rendered":"\u00a1\u00a1SUBCAMPEONES REGIONALES POR EQUIPOS SUB-16!!"},"content":{"rendered":"<p>\ufeff <\/p>\n<table align=\"center\" cellpadding=\"0\" cellspacing=\"0\" class=\"tr-caption-container\" style=\"margin-left: auto;margin-right: auto;text-align: center\">\n<tbody>\n<tr>\n<td style=\"text-align: center\"><a href=\"https:\/\/www.bfv.cloud\/ajedrezeuropa\/wp-content\/uploads\/2012\/07\/fotoscampeonatoregionalS-16201203.jpg\" style=\"margin-left: auto;margin-right: auto\"><img fetchpriority=\"high\" decoding=\"async\" border=\"0\" height=\"300\" src=\"https:\/\/blogger.googleusercontent.com\/img\/b\/R29vZ2xl\/AVvXsEg6fxQSWoQvvEtUW0DcBNXPY0ZEgkXoqa_ltdocnvScZN4s6aRIN349zCkFtpKwzeZpHV4GaBHPIF2SBoUEhgKfugE9PS4s9PaRMQtpMmUnHYjviTeoMfAKPDIn2wzZFcJABwikwkZuBQ8\/s400\/fotos+campeonato+regional+S-16+2012+03.jpg\" width=\"400\" \/><\/a><\/td>\n<\/tr>\n<tr>\n<td class=\"tr-caption\" style=\"text-align: center\">NUESTRO AJEDREZ EN EUROPA,<br \/>\nun&nbsp;club&nbsp;con una historia propia&nbsp;en el &nbsp;ajedrez&nbsp;de Castilla-La Mancha<br \/>\nrecibe la copa que le acredita como subcamp\u00e9on regional 2012<\/td>\n<\/tr>\n<\/tbody>\n<\/table>\n<p>\ufeff &nbsp;<span style=\"color: #274e13;font-family: Arial, Helvetica, sans-serif\">Por tercer a\u00f1o consecutivo el equipo sub-16 de NUESTRO AJEDREZ EN EUROPA ha luchado, literalmente hasta la \u00faltima partida, por el t\u00edtulo de campe\u00f3n regional. Aunque en esta ocasi\u00f3n tenemos que conformarnos con la segunda plaza, las cualidades de los chicos y chicas que nos han representado en Cuenca, unido a su juventud y&nbsp;a sus ganas de progresar, nos hacen presagiar magn\u00edficos momentos deportivos en los pr\u00f3ximos a\u00f1os, como de hecho lo ha sido el resultado final de este campeonato castellano-manchego. Tan s\u00f3lo 1\/2 punto del segundo desempate nos ha privado del t\u00edtulo auton\u00f3mico ante el club de ajedrez Tomelloso tras lograr ambos 10 puntos de encuentro en el principal criterio de clasificaci\u00f3n. La emoci\u00f3n ha estado presente desde la&nbsp;primera ronda hasta la sexta y como muestra basta con un echar un vistazo a las clasificaciones provisionales despu\u00e9s de cada ronda, as\u00ed observaremos como en todo momento el equipo de NUESTRO AJEDREZ EN EUROPA se ha mantenido en la 2\u00aa plaza con opciones muy fuertes para conseguir la victoria. De cualquier forma, vaya desde aqu\u00ed nuestra felicitaci\u00f3n al club campe\u00f3n y al resto de los equipos que han competido con honestidad, esp\u00edritu deportivo&nbsp;y buen juego a lo largo de estos 4 d\u00edas de torneo. NUESTRO AJEDREZ EN EUROPA ha totalizado 4 victorias (ante la Pe\u00f1a Ajedrec\u00edstica Conquense, Bargas, Almagro y Cuenca 2016), 2 empates (ante Tomelloso y el Ateneo de Albacete) y ninguna derrota. La verdad es que este subcampeonato tiene sabor a triunfo y, todav\u00eda m\u00e1s, cuando el ranking inicial indicaba que nuestros chicos y chicas part\u00edan de la 4\u00aa posici\u00f3n. Aunque estos datos ponen de relieve la dificultad de alzarse con el 1er. puesto del ajedrez regional, debemos recordar el punto de partida de nuestro jovenc\u00edsimo equipo sub-16 en este 2012. Ah\u00ed van algunas informaciones de inter\u00e9s para valorar adecuadamente su excelente actuaci\u00f3n en este campeonato de Castilla-La Mancha.<\/span><br \/>\n\ufeff <br \/>\n\ufeff <\/p>\n<table cellpadding=\"0\" cellspacing=\"0\" class=\"tr-caption-container\" style=\"float: right;margin-left: 1em;text-align: right\">\n<tbody>\n<tr>\n<td style=\"text-align: center\"><a href=\"https:\/\/www.bfv.cloud\/ajedrezeuropa\/wp-content\/uploads\/2012\/07\/fotocampeonato.jpg\" style=\"clear: right;margin-bottom: 1em;margin-left: auto;margin-right: auto\"><img decoding=\"async\" border=\"0\" height=\"300\" src=\"https:\/\/blogger.googleusercontent.com\/img\/b\/R29vZ2xl\/AVvXsEjnETIAD6WIezioTsQ66HsZOoos0SyHyaQqWLPxgWuu0EZAeVhMMmVca6h0MpiMH5l_BuImfws3PiHINmuCLpgPva9h23dIkV06jwILsZThQZDL6RTC2JzNxIog6460_hY8HNiKF2jkT6k\/s400\/foto+campeonato.jpg\" width=\"400\" \/><\/a><\/td>\n<\/tr>\n<tr>\n<td class=\"tr-caption\" style=\"text-align: center\">Si construir un verdadero equipo es cuesti\u00f3n de mucho tiempo, \u00e9ste<br \/>\ndebe ser la excepci\u00f3n<\/td>\n<\/tr>\n<\/tbody>\n<\/table>\n<p>\ufeff \ufeff <\/p>\n<div style=\"border-bottom: medium none;border-left: medium none;border-right: medium none;border-top: medium none\"><span style=\"color: #274e13;font-family: Arial\">Por distintas razones, el a\u00f1o 2012, era un punto de inflexi\u00f3n importante para nuestro proyecto. Una de las claves se&nbsp;produc\u00eda, precisamente, en el equipo emblema de las escuelas de Alc\u00e1zar y Villafranca, el de&nbsp;categor\u00eda sub-16. El relevo generacional afectaba a la formaci\u00f3n al completo, despu\u00e9s de haber dejado las principales muestras de su calidad en el bronce conseguido en el Campeonato de Espa\u00f1a por Equipos de Club sub-16 en diciembre de 2011 y en los 2 t\u00edtulos de campe\u00f3n regional de la misma categor\u00eda en 2010 y 2011. As\u00ed es que al inicio de la actual temporada nuestra cantera de ajedrecistas deb\u00eda dotar a su club m\u00e1s representativo de 5 o 6 jugadores y jugadoras que suplieran a sus compa\u00f1eros durante los pr\u00f3ximos a\u00f1os. De esta forma quedaba la composici\u00f3n del equipo sub-16 del club Nuestro Ajedrez en Europa a principios de 2012:<\/span><\/div>\n<ul>\n<li>\n<div align=\"center\"><span style=\"color: #274e13;font-family: Arial\">Carlos \u00c1lvarez Serrano<\/span><\/div>\n<\/li>\n<li>\n<div align=\"center\"><span style=\"color: #274e13;font-family: Arial\">Isaac Lozano Osorio<\/span><\/div>\n<\/li>\n<li>\n<div align=\"center\"><span style=\"color: #274e13;font-family: Arial\">Cosimo Leonardo de Giorgi Benavent<\/span><\/div>\n<\/li>\n<li>\n<div align=\"center\"><span style=\"color: #274e13;font-family: Arial\">Silvia Toribio Camu\u00f1as<\/span><\/div>\n<\/li>\n<li>\n<div align=\"center\"><span style=\"color: #274e13;font-family: Arial\">Jes\u00fas M\u00aa Bricio G\u00aa de la Torre<\/span><\/div>\n<\/li>\n<li>\n<div style=\"text-align: center\"><span style=\"color: #274e13;font-family: Arial\">Irene Sim\u00f3n Escalona<\/span><\/div>\n<\/li>\n<\/ul>\n<div style=\"text-align: left\"><span style=\"color: #274e13;font-family: Arial\">Una de sus caracter\u00edsticas m\u00e1s importante era la entrada de 2 chicas de 13 y 12 a\u00f1os cada una provenientes del programa \u00abNuestro Ajedrez por la Igualdad\u00bb. Como es l\u00f3gico se prepar\u00f3 un calendario de competiciones que comenz\u00f3 a finales del pasado a\u00f1o con nuestra participaci\u00f3n en los campeonatos provinciales por equipos absolutos valederos para la temporada de 2012. Despu\u00e9s siguieron una buena cantidad de competiciones oficiales tanto en Toledo como en Ciudad Real, los campeonatos regionales individuales y tambi\u00e9n los nacionales. Con esta preparaci\u00f3n en competici\u00f3n afrontamos el reto deportivo m\u00e1s importante de nuestro proyecto en los \u00faltimos a\u00f1os: mantener a nuestro equipo sub-16 como una referencia del ajedrez regional y nacional. La primera prueba de fuego estaba en este torneo y consideramos que se ha superado con un sobresaliente. <\/span><\/div>\n<div style=\"text-align: left\">\n<\/div>\n<h2 style=\"text-align: center\">&#8230; y el lunes comienza nuestro V CAMPUS DE VERANO\ufeff<\/h2>\n<div style=\"text-align: left\">\n<\/div>\n<div style=\"text-align: left\"><span style=\"color: #274e13;font-family: Arial\">En los pr\u00f3ximos meses vendr\u00e1 la preparaci\u00f3n espec\u00edfica para la fase final nacional que se disputar\u00e1, como es costumbre, a principios de diciembre en el hotel Bali de la ciudad de Benidorm, empezando por nuestra actividad formativa m\u00e1s ambiciosa: EL CAMPUS DE PERFECCIONAMIENTO Y TECNIFICACI\u00d3N que inauguraremos este lunes 30 de julio en el centro juvenil La Covadonga de Alc\u00e1zar. Desde aqu\u00ed os queremos invitar a todos los aficionados e interesados por este mundo apasionante del ajedrez a conocer nuestro proyecto en el acto que celebraremos a partir de las 7,30 de la tarde en el sal\u00f3n de actos de La Covadonga y que contar\u00e1 con la presencia de los alcaldes y concejales&nbsp;de Alc\u00e1zar de San Juan y Villafranca de los Caballeros. Adem\u00e1s, este a\u00f1o, hemos preparado una peque\u00f1a exposici\u00f3n fotogr\u00e1fica y una breve presentaci\u00f3n del trabajo que venimos realizando en beneficio del deporte para j\u00f3venes, ni\u00f1os y ni\u00f1as desde hace m\u00e1s de 16 a\u00f1os.&nbsp;<\/span><\/div>\n<div align=\"left\" style=\"text-align: center\">\ufeff<\/div>\n<div align=\"left\" style=\"text-align: center\">\ufeff<\/div>\n","protected":false},"excerpt":{"rendered":"<p>\ufeff NUESTRO AJEDREZ EN EUROPA, un&nbsp;club&nbsp;con una historia propia&nbsp;en el &nbsp;ajedrez&nbsp;de Castilla-La Mancha recibe la copa que le acredita como subcamp\u00e9on regional 2012 \ufeff &nbsp;Por tercer a\u00f1o consecutivo el equipo sub-16 de NUESTRO AJEDREZ EN EUROPA ha luchado, literalmente hasta la \u00faltima partida, por el t\u00edtulo de campe\u00f3n regional. Aunque en esta ocasi\u00f3n tenemos que [&hellip;]<\/p>\n","protected":false},"author":1,"featured_media":426,"comment_status":"open","ping_status":"closed","sticky":false,"template":"","format":"standard","meta":{"footnotes":""},"categories":[1],"tags":[],"class_list":["post-425","post","type-post","status-publish","format-standard","has-post-thumbnail","hentry","category-noticias"],"_links":{"self":[{"href":"https:\/\/www.bfv.cloud\/ajedrezeuropa\/wp-json\/wp\/v2\/posts\/425","targetHints":{"allow":["GET"]}}],"collection":[{"href":"https:\/\/www.bfv.cloud\/ajedrezeuropa\/wp-json\/wp\/v2\/posts"}],"about":[{"href":"https:\/\/www.bfv.cloud\/ajedrezeuropa\/wp-json\/wp\/v2\/types\/post"}],"author":[{"embeddable":true,"href":"https:\/\/www.bfv.cloud\/ajedrezeuropa\/wp-json\/wp\/v2\/users\/1"}],"replies":[{"embeddable":true,"href":"https:\/\/www.bfv.cloud\/ajedrezeuropa\/wp-json\/wp\/v2\/comments?post=425"}],"version-history":[{"count":1,"href":"https:\/\/www.bfv.cloud\/ajedrezeuropa\/wp-json\/wp\/v2\/posts\/425\/revisions"}],"predecessor-version":[{"id":428,"href":"https:\/\/www.bfv.cloud\/ajedrezeuropa\/wp-json\/wp\/v2\/posts\/425\/revisions\/428"}],"wp:featuredmedia":[{"embeddable":true,"href":"https:\/\/www.bfv.cloud\/ajedrezeuropa\/wp-json\/wp\/v2\/media\/426"}],"wp:attachment":[{"href":"https:\/\/www.bfv.cloud\/ajedrezeuropa\/wp-json\/wp\/v2\/media?parent=425"}],"wp:term":[{"taxonomy":"category","embeddable":true,"href":"https:\/\/www.bfv.cloud\/ajedrezeuropa\/wp-json\/wp\/v2\/categories?post=425"},{"taxonomy":"post_tag","embeddable":true,"href":"https:\/\/www.bfv.cloud\/ajedrezeuropa\/wp-json\/wp\/v2\/tags?post=425"}],"curies":[{"name":"wp","href":"https:\/\/api.w.org\/{rel}","templated":true}]}}