{"id":4250,"date":"2015-02-22T20:08:00","date_gmt":"2015-02-22T20:08:00","guid":{"rendered":"https:\/\/www.bfv.cloud\/ajedrezeuropa\/index.php\/2015\/02\/22\/gran-cosecha-de-medallas-para-la-escuela-de-villafranca-en-los-provinciales-de-toledo\/"},"modified":"2025-11-20T11:14:52","modified_gmt":"2025-11-20T11:14:52","slug":"gran-cosecha-de-medallas-para-la-escuela-de-villafranca-en-los-provinciales-de-toledo","status":"publish","type":"post","link":"https:\/\/www.bfv.cloud\/ajedrezeuropa\/gran-cosecha-de-medallas-para-la-escuela-de-villafranca-en-los-provinciales-de-toledo\/","title":{"rendered":"GRAN COSECHA DE MEDALLAS PARA LA ESCUELA DE VILLAFRANCA EN LOS PROVINCIALES DE TOLEDO"},"content":{"rendered":"<table cellpadding=\"0\" cellspacing=\"0\" class=\"tr-caption-container\" style=\"float: left;text-align: left\">\n<tbody>\n<tr>\n<td style=\"text-align: center\"><a href=\"https:\/\/www.bfv.cloud\/ajedrezeuropa\/wp-content\/uploads\/2015\/02\/SAM_1484.jpg\" style=\"clear: right;margin-bottom: 1em;margin-left: auto;margin-right: auto\"><img fetchpriority=\"high\" decoding=\"async\" border=\"0\" src=\"https:\/\/www.bfv.cloud\/ajedrezeuropa\/wp-content\/uploads\/2015\/02\/SAM_1484.jpg\" height=\"238\" width=\"400\" \/><\/a><\/td>\n<\/tr>\n<tr>\n<td class=\"tr-caption\" style=\"text-align: center\">Algunos de los j\u00f3venes y ni\u00f1os ajedrecistas de la<br \/>escuela de Villafranca el s\u00e1bado pasado en Mora<\/td>\n<\/tr>\n<\/tbody>\n<\/table>\n<p><b style=\"font-family: Georgia, 'Times New Roman', serif\">El Deporte en Edad Escolar de Toledo y el Campeonato Provincial por Edades finalizan en Mora con unos resultados espectaculares para los ajedrecistas de la escuela municipal de Villafranca de los Caballeros. Con 5 clasificados para la fase regional, casi la mitad del total de 12, se convierte en la escuela toledana con mayor n\u00famero de participantes.De esta forma, ser\u00e1n 8 los representantes de \u00abNUESTRO AJEDREZ EN EUROPA\u00bb en el CRDEE, sum\u00e1ndose a los 5 de Toledo los 3 clasificados por la provincia de Ciudad Real, con 6 chicas (el 50% de las jugadoras que corresponden a las dos provincias) y 2 chicos. Por categor\u00edas tenemos 4 clasificados en el cadete y otros 4 en el infantil. \u00a1\u00a1Todo un \u00e9xito!!&nbsp;<\/b><br \/>\n<span style=\"font-family: Georgia, Times New Roman, serif\"><b><\/b><\/span><\/p>\n<table align=\"center\" cellpadding=\"0\" cellspacing=\"0\" class=\"tr-caption-container\" style=\"margin-left: auto;margin-right: auto;text-align: center\">\n<tbody>\n<tr>\n<td style=\"text-align: center\"><a href=\"https:\/\/www.bfv.cloud\/ajedrezeuropa\/wp-content\/uploads\/2015\/02\/SAM_1481.jpg\" style=\"margin-left: auto;margin-right: auto\"><img decoding=\"async\" border=\"0\" src=\"https:\/\/www.bfv.cloud\/ajedrezeuropa\/wp-content\/uploads\/2015\/02\/SAM_1481.jpg\" height=\"364\" width=\"640\" \/><\/a><\/td>\n<\/tr>\n<tr>\n<td class=\"tr-caption\" style=\"text-align: center\">Gracias al ajedrez, jugadores, padres y monitores de distintos pueblos y escuelas comparten<br \/>momentos y experiencias que enriquecen a todos<\/td>\n<\/tr>\n<\/tbody>\n<\/table>\n<p><\/p>\n<h4>\n<span style=\"font-family: Georgia, Times New Roman, serif\"><u>EN EL ESCOLAR: 5 CLASIFICADOS PARA LA FASE REGIONAL, CON UN ORO, 2 PLATAS Y 2 BRONCES<\/u><\/span><\/h4>\n<table cellpadding=\"0\" cellspacing=\"0\" class=\"tr-caption-container\" style=\"float: right;margin-left: 1em;text-align: right\">\n<tbody>\n<tr>\n<td style=\"text-align: center\"><a href=\"https:\/\/www.bfv.cloud\/ajedrezeuropa\/wp-content\/uploads\/2015\/02\/SAM_1490.jpg\" style=\"clear: right;margin-bottom: 1em;margin-left: auto;margin-right: auto\"><img decoding=\"async\" border=\"0\" src=\"https:\/\/www.bfv.cloud\/ajedrezeuropa\/wp-content\/uploads\/2015\/02\/SAM_1490.jpg\" height=\"342\" width=\"400\" \/><\/a><\/td>\n<\/tr>\n<tr>\n<td class=\"tr-caption\" style=\"text-align: center\">Mar\u00eda y Julia, a izquierda y derecha de la imagen,<br \/>en el escenario de la casa de la cultura de Mora<br \/>reciben sus premios<\/td>\n<\/tr>\n<\/tbody>\n<\/table>\n<p><\/p>\n<table cellpadding=\"0\" cellspacing=\"0\" class=\"tr-caption-container\" style=\"float: left;margin-right: 1em;text-align: left\">\n<tbody>\n<tr>\n<td style=\"text-align: center\"><a href=\"https:\/\/www.bfv.cloud\/ajedrezeuropa\/wp-content\/uploads\/2015\/02\/SAM_1492.jpg\" style=\"clear: left;margin-bottom: 1em;margin-left: auto;margin-right: auto\"><img loading=\"lazy\" decoding=\"async\" border=\"0\" src=\"https:\/\/www.bfv.cloud\/ajedrezeuropa\/wp-content\/uploads\/2015\/02\/SAM_1492.jpg\" height=\"300\" width=\"400\" \/><\/a><\/td>\n<\/tr>\n<tr>\n<td class=\"tr-caption\" style=\"text-align: center\">Roberto L\u00f3pez, subcampe\u00f3n del Infantil masculino<\/td>\n<\/tr>\n<\/tbody>\n<\/table>\n<p><b style=\"font-family: Georgia, 'Times New Roman', serif\">Los 15 jugadores inscritos por la escuela de ajedrez de Villafranca en el Campeonato del Deporte en Edad Escolar de Toledo 2015 han alcanzado una mejora sustancial en su juego y resultados. Aunque las \u00faltimas rondas han sido muy disputadas y peque\u00f1os errores han alejado a algunos de nuestros ajedrecistas de la clasificaci\u00f3n para el Castillo de San Servando, hay que decir que la evoluci\u00f3n positiva de estos chicos y chicas es m\u00e1s que notable.&nbsp;<\/b><\/p>\n<div>\n<span style=\"font-family: Georgia, Times New Roman, serif\"><b>Desglosamos la clasificaci\u00f3n final, se\u00f1alando puntos, puestos y medallas:<\/b><\/span><\/div>\n<div style=\"text-align: center\">\n<span style=\"color: #741b47;font-family: Georgia, Times New Roman, serif\"><i><u>CATEGOR\u00cdA INFANTIL<\/u><\/i><\/span><\/div>\n<div style=\"text-align: center\">\n<span style=\"font-family: Georgia, Times New Roman, serif\"><i><b>&#8211; Roberto L\u00f3pez N\u00fa\u00f1ez, 6,5 puntos, <span style=\"color: blue\">SUBCAMPE\u00d3N MASCULINO,<\/span> <span style=\"color: #660000\">(PLATA)<\/span><\/b><\/i><\/span><\/div>\n<div style=\"text-align: center\">\n<span style=\"font-family: Georgia, Times New Roman, serif\"><b><i>&#8211; Alonso L\u00f3pez N\u00fa\u00f1ez, 6 puntos, <span style=\"color: blue\">6\u00ba clasificado<\/span><\/i><\/b><\/span><\/div>\n<div style=\"text-align: center\">\n<span style=\"font-family: Georgia, Times New Roman, serif\"><b><i>&#8211; Iv\u00e1n Valencia de Loma, 6 puntos, <span style=\"color: blue\">10\u00ba clasificado<\/span><\/i><\/b><\/span><\/div>\n<div style=\"text-align: center\">\n<span style=\"font-family: Georgia, Times New Roman, serif\"><b><i>&#8211; Alfredo Amador And\u00fajar, 5 puntos, <span style=\"color: blue\">14\u00ba clasificado<\/span><\/i><\/b><\/span><\/div>\n<div style=\"text-align: center\">\n<span style=\"font-family: Georgia, Times New Roman, serif\"><b><i>&#8211; Daniel Salas Conejo, 5 puntos, <span style=\"color: blue\">17\u00ba clasificado<\/span><\/i><\/b><\/span><\/div>\n<div style=\"text-align: center\">\n<span style=\"font-family: Georgia, Times New Roman, serif\"><b><i>&#8211; Mar\u00eda Oliver Ropero, 5 puntos, <span style=\"color: blue\">SUBCAMPEONA FEMENINA, <\/span><span style=\"color: #660000\">(PLATA)<\/span><\/i><\/b><\/span><\/div>\n<div style=\"text-align: center\">\n<span style=\"font-family: Georgia, Times New Roman, serif\"><b><i>&#8211; Juanfran Mar\u00edn Torres, 5 puntos, <span style=\"color: blue\">23\u00ba clasificado<\/span><\/i><\/b><\/span><\/div>\n<div style=\"text-align: center\">\n<span style=\"font-family: Georgia, Times New Roman, serif\"><b><i>&#8211; Julia Meza Osorio, 4,5 puntos, <span style=\"color: blue\">3\u00aa FEMENINA, <\/span><span style=\"color: #660000\">(BRONCE)<\/span><\/i><\/b><\/span><\/div>\n<div style=\"text-align: center\">\n<span style=\"font-family: Georgia, Times New Roman, serif\"><b><i>&#8211; Gabriel Amador And\u00fajar, 3,5 puntos, <span style=\"color: blue\">50\u00ba clasificado<\/span><\/i><\/b><\/span><\/div>\n<div style=\"text-align: center\">\n<span style=\"font-family: Georgia, Times New Roman, serif\"><b><i>&#8211; Ra\u00fal Valverde Doiz, 3,5 puntos, <span style=\"color: blue\">53\u00ba clasificado<\/span><\/i><\/b><\/span><\/div>\n<div style=\"text-align: center\">\n<span style=\"font-family: Georgia, Times New Roman, serif\"><b><i>&#8211; \u00d3scar Roncero Gonz\u00e1lez, 3 puntos, <span style=\"color: blue\">58\u00ba clasificado<\/span><\/i><\/b><\/span><\/div>\n<div style=\"text-align: center\">\n<span style=\"font-family: Georgia, Times New Roman, serif\"><b><i>&nbsp;&#8211; \u00c1lvaro Alberca Ortuno, 3 puntos, <span style=\"color: blue\">65\u00ba<\/span><\/i><\/b><\/span><b style=\"font-family: Georgia, 'Times New Roman', serif\"><i><span style=\"color: blue\">&nbsp;clasificado<\/span><\/i><\/b><\/div>\n<div style=\"text-align: center\">\n<span style=\"font-family: Georgia, Times New Roman, serif\"><b><i>&#8211; Luis Rodr\u00edguez Garc\u00eda, 2,5 puntos, <span style=\"color: blue\">73\u00ba clasificado<\/span><\/i><\/b><\/span><\/div>\n<div style=\"text-align: center\">\n<span style=\"font-family: Georgia, Times New Roman, serif\"><b><i><span style=\"color: blue\"><br \/><\/span><\/i><\/b><\/span><\/div>\n<div style=\"text-align: left\">\n<span style=\"color: #0b5394;font-family: Georgia, Times New Roman, serif\"><i><u>IRENE SIM\u00d3N, VENCE EN LA CATEGOR\u00cdA CADETE<\/u><\/i><\/span><\/div>\n<table cellpadding=\"0\" cellspacing=\"0\" class=\"tr-caption-container\" style=\"float: right;margin-left: 1em;text-align: right\">\n<tbody>\n<tr>\n<td style=\"text-align: center\"><a href=\"https:\/\/www.bfv.cloud\/ajedrezeuropa\/wp-content\/uploads\/2015\/02\/SAM_1516.jpg\" style=\"clear: right;margin-bottom: 1em;margin-left: auto;margin-right: auto\"><img loading=\"lazy\" decoding=\"async\" border=\"0\" src=\"https:\/\/www.bfv.cloud\/ajedrezeuropa\/wp-content\/uploads\/2015\/02\/SAM_1516.jpg\" height=\"400\" width=\"372\" \/><\/a><\/td>\n<\/tr>\n<tr>\n<td class=\"tr-caption\" style=\"text-align: center\">Irene Sim\u00f3n, 1\u00aa clasificada del Escolar Cadete<\/td>\n<\/tr>\n<\/tbody>\n<\/table>\n<div style=\"text-align: left\">\n<span style=\"color: #0b5394;font-family: Georgia, Times New Roman, serif\"><b>En el cadete es importante resaltar el primer puesto en la clasificaci\u00f3n general de Irene Sim\u00f3n Escalona tras sumar 4,5 puntos de los 5 posibles. Esta jugadora de gran trayectoria personal y como miembro de nuestros equipos sub-16, logra la medalla de oro por delante de todos sus rivales incluidos los chicos. Esta circunstancia no se suele dar en el mundo de las competiciones de ajedrez, incluso en Toledo ha ocurrido en contadas ocasiones. Por eso, este t\u00edtulo de campe\u00f3n\/campeona tiene un gusto especial para todos los que la hemos acompa\u00f1ado desde peque\u00f1a.<\/b><\/span><\/div>\n<div style=\"text-align: left\">\n<span style=\"color: #0b5394;font-family: Georgia, Times New Roman, serif\"><b>Alba P\u00edriz Fern\u00e1ndez, logra la medalla de bronce femenina y se clasifica para la fase auton\u00f3mica.&nbsp;<\/b><\/span><\/div>\n<div style=\"text-align: left\">\n<span style=\"font-family: Georgia, Times New Roman, serif\"><b>\u00a1\u00a1Enhorabuena a todos!!<\/b><\/span><\/div>\n<h4>\n<span style=\"color: #b45f06;font-family: Georgia, Times New Roman, serif\"><u>EN EL FEDERADO POR EDADES: 4 OROS, 2 PLATAS Y 3 BRONCES<\/u><\/span><\/h4>\n<table cellpadding=\"0\" cellspacing=\"0\" class=\"tr-caption-container\" style=\"float: left;margin-right: 1em;text-align: left\">\n<tbody>\n<tr>\n<td style=\"text-align: center\"><a href=\"https:\/\/www.bfv.cloud\/ajedrezeuropa\/wp-content\/uploads\/2015\/02\/SAM_1505.jpg\" style=\"clear: left;margin-bottom: 1em;margin-left: auto;margin-right: auto\"><img loading=\"lazy\" decoding=\"async\" border=\"0\" src=\"https:\/\/www.bfv.cloud\/ajedrezeuropa\/wp-content\/uploads\/2015\/02\/SAM_1505.jpg\" height=\"348\" width=\"400\" \/><\/a><\/td>\n<\/tr>\n<tr>\n<td class=\"tr-caption\" style=\"text-align: center\">Las j\u00f3venes promesas de nuestro ajedrez, Alonso L\u00f3pez y Gabriel Amador,<br \/>de verde, campe\u00f3n y tercer clasificado del sub-10<\/td>\n<\/tr>\n<\/tbody>\n<\/table>\n<p><\/p>\n<table cellpadding=\"0\" cellspacing=\"0\" class=\"tr-caption-container\" style=\"float: left;margin-right: 1em;text-align: left\">\n<tbody>\n<tr>\n<td style=\"text-align: center\"><a href=\"https:\/\/www.bfv.cloud\/ajedrezeuropa\/wp-content\/uploads\/2015\/02\/SAM_1507.jpg\" style=\"clear: left;margin-bottom: 1em;margin-left: auto;margin-right: auto\"><img loading=\"lazy\" decoding=\"async\" border=\"0\" src=\"https:\/\/www.bfv.cloud\/ajedrezeuropa\/wp-content\/uploads\/2015\/02\/SAM_1507.jpg\" height=\"363\" width=\"400\" \/><\/a><\/td>\n<\/tr>\n<tr>\n<td class=\"tr-caption\" style=\"text-align: center\">Mar\u00eda Oliver, en el centro, oro del sub-12<\/td>\n<\/tr>\n<\/tbody>\n<\/table>\n<p><\/p>\n<table cellpadding=\"0\" cellspacing=\"0\" class=\"tr-caption-container\" style=\"float: right;margin-left: 1em;text-align: right\">\n<tbody>\n<tr>\n<td style=\"text-align: center\"><a href=\"https:\/\/www.bfv.cloud\/ajedrezeuropa\/wp-content\/uploads\/2015\/02\/SAM_1513.jpg\" style=\"clear: right;margin-bottom: 1em;margin-left: auto;margin-right: auto\"><img loading=\"lazy\" decoding=\"async\" border=\"0\" src=\"https:\/\/www.bfv.cloud\/ajedrezeuropa\/wp-content\/uploads\/2015\/02\/SAM_1513.jpg\" height=\"240\" width=\"320\" \/><\/a><\/td>\n<\/tr>\n<tr>\n<td class=\"tr-caption\" style=\"text-align: center\">Roberto L\u00f3pez, oro del sub-14<\/td>\n<\/tr>\n<\/tbody>\n<\/table>\n<p><b style=\"color: #b45f06;font-family: Georgia, 'Times New Roman', serif\">Para cerrar esta cr\u00f3nica, nos vamos a referir a los excelentes resultados cosechados por los 14 jugadores con los que hemos contado en el apartado de las competiciones federadas. Empezaremos por referirnos a aquellos chicos y chicas que han logrado sumar nuevas medallas a su trayectoria deportiva. Los oros con sus correspondientes t\u00edtulos de campeones han sido conseguidos por:<\/b><\/p>\n<div style=\"text-align: center\">\n<span style=\"color: #b45f06;font-family: Georgia, Times New Roman, serif\"><b>&#8211; <i>Alonso L\u00f3pez N\u00fa\u00f1ez (CAMPE\u00d3N SUB-10)<\/i><\/b><\/span><\/div>\n<table cellpadding=\"0\" cellspacing=\"0\" class=\"tr-caption-container\" style=\"float: right;margin-left: 1em;text-align: right\">\n<tbody>\n<tr>\n<td style=\"text-align: center\"><a href=\"https:\/\/www.bfv.cloud\/ajedrezeuropa\/wp-content\/uploads\/2015\/02\/SAM_1515.jpg\" style=\"clear: right;margin-bottom: 1em;margin-left: auto;margin-right: auto\"><img loading=\"lazy\" decoding=\"async\" border=\"0\" src=\"https:\/\/www.bfv.cloud\/ajedrezeuropa\/wp-content\/uploads\/2015\/02\/SAM_1515.jpg\" height=\"240\" width=\"320\" \/><\/a><\/td>\n<\/tr>\n<tr>\n<td class=\"tr-caption\" style=\"text-align: center\">Irene Sim\u00f3n, oro del sub-16<\/td>\n<\/tr>\n<\/tbody>\n<\/table>\n<div style=\"text-align: center\">\n<span style=\"color: #b45f06;font-family: Georgia, Times New Roman, serif\"><b><i>&#8211; Mar\u00eda Oliver Ropero (CAMPEONA SUB-12)<\/i><\/b><\/span><\/div>\n<div style=\"text-align: center\">\n<span style=\"color: #b45f06;font-family: Georgia, Times New Roman, serif\"><b><i>&#8211; Roberto L\u00f3pez N\u00fa\u00f1ez (CAMPE\u00d3N SUB-14)<\/i><\/b><\/span><\/div>\n<div style=\"text-align: center\">\n<span style=\"color: #b45f06;font-family: Georgia, Times New Roman, serif\"><b><i>&#8211; Irene Sim\u00f3n Escalona (CAMPEONA SUB-16)<\/i><\/b><\/span><\/div>\n<div style=\"text-align: left\">\n<span style=\"color: #b45f06;font-family: Georgia, Times New Roman, serif\"><b>Las medallas de plata las han alcanzado:<\/b><\/span><\/div>\n<div style=\"text-align: center\">\n<span style=\"color: #b45f06;font-family: Georgia, Times New Roman, serif\"><b><i>&#8211; Julia Meza Osorio (SUBCAMPEONA SUB-14)<\/i><\/b><\/span><\/div>\n<table cellpadding=\"0\" cellspacing=\"0\" class=\"tr-caption-container\" style=\"float: left;margin-right: 1em;text-align: left\">\n<tbody>\n<tr>\n<td style=\"text-align: center\"><a href=\"https:\/\/www.bfv.cloud\/ajedrezeuropa\/wp-content\/uploads\/2015\/02\/SAM_1519.jpg\" style=\"clear: right;margin-bottom: 1em;margin-left: auto;margin-right: auto\"><img loading=\"lazy\" decoding=\"async\" border=\"0\" src=\"https:\/\/www.bfv.cloud\/ajedrezeuropa\/wp-content\/uploads\/2015\/02\/SAM_1519.jpg\" height=\"320\" width=\"260\" \/><\/a><\/td>\n<\/tr>\n<tr>\n<td class=\"tr-caption\" style=\"text-align: center\">Silvia Toribio, a la izquierda de la imagen, <br \/>plata del sub-18,&nbsp;<\/td>\n<\/tr>\n<\/tbody>\n<\/table>\n<div style=\"text-align: center\">\n<span style=\"color: #b45f06;font-family: Georgia, Times New Roman, serif\"><b><i>&#8211; Silvia Toribio Camu\u00f1as (SUBCAMPEONA SUB-18)<\/i><\/b><\/span><\/div>\n<div style=\"text-align: left\">\n<span style=\"color: #b45f06;font-family: Georgia, Times New Roman, serif\"><b>Los bronces los han sumado:<\/b><\/span><\/div>\n<div style=\"text-align: center\">\n<span style=\"color: #b45f06;font-family: Georgia, Times New Roman, serif\"><b><i>&#8211; Gabriel Amador And\u00fajar (3\u00ba CLASIFICADO SUB-10)<\/i><\/b><\/span><\/div>\n<div style=\"text-align: center\">\n<span style=\"color: #b45f06;font-family: Georgia, Times New Roman, serif\"><b><i>&#8211; Alba P\u00edriz Fern\u00e1ndez (3\u00aa CLASIFICADA SUB-16)<\/i><\/b><\/span><\/div>\n<div style=\"text-align: center\">\n<span style=\"color: #b45f06;font-family: Georgia, Times New Roman, serif\"><b><i>&#8211; Isaac Lozano Osorio (3\u00ba CLASIFICADO SUB-18)<\/i><\/b><\/span><\/div>\n<div style=\"text-align: left\">\n<span style=\"color: #b45f06;font-family: Georgia, Times New Roman, serif\"><b>El resto de jugadores pertenecientes a \u00abNUESTRO AJEDREZ EN EUROPA\u00bb quedaban as\u00ed, empezando por las categor\u00edas de menor edad:<\/b><\/span><\/div>\n<div style=\"text-align: center\">\n<span style=\"color: #b45f06;font-family: Georgia, Times New Roman, serif\"><b><i>&#8211; \u00c1lvaro Alberca Ortuno (4\u00ba CLASIFICADO SUB-10)<\/i><\/b><\/span><\/div>\n<div style=\"text-align: center\">\n<span style=\"color: #b45f06;font-family: Georgia, Times New Roman, serif\"><b><i>&#8211; Alfredo Amador And\u00fajar (4\u00ba CLASIFICADO SUB-12)<\/i><\/b><\/span><\/div>\n<div style=\"text-align: center\">\n<span style=\"color: #b45f06;font-family: Georgia, Times New Roman, serif\"><b><i>&#8211; Juanfran Mar\u00edn Torres (5\u00ba CLASIFICADO SUB-12)<\/i><\/b><\/span><\/div>\n<div style=\"text-align: center\">\n<span style=\"color: #b45f06;font-family: Georgia, Times New Roman, serif\"><b><i>&#8211; \u00d3scar Roncero Gonz\u00e1lez (8\u00ba CLASIFICADO SUB-12)<\/i><\/b><\/span><\/div>\n<div style=\"text-align: center\">\n<span style=\"color: #b45f06;font-family: Georgia, Times New Roman, serif\"><b><i>&#8211; Iv\u00e1n Valencia de Loma (5\u00ba CLASIFICADO SUB-14)<\/i><\/b><\/span><\/div>\n<h4>\n<span style=\"font-family: Georgia, Times New Roman, serif\"><u><\/p>\n<h4>\n<span style=\"font-family: Georgia, Times New Roman, serif\"><u><br \/><\/u><\/span><\/h4>\n<h4>\n<span style=\"font-family: Georgia, Times New Roman, serif\"><u><br \/><\/u><\/span><\/h4>\n<h4>\n<span style=\"font-family: Georgia, Times New Roman, serif\"><u><br \/><\/u><\/span><\/h4>\n<h4>\n<span style=\"font-family: Georgia, Times New Roman, serif\"><u><br \/><\/u><\/span><\/h4>\n<h4>\n<span style=\"font-family: Georgia, Times New Roman, serif\"><u><br \/><\/u><\/span><\/h4>\n<h4>\n<span style=\"font-family: Georgia, Times New Roman, serif\"><u><br \/><\/u><\/span><\/h4>\n<h4>\n<span style=\"font-family: Georgia, Times New Roman, serif\"><u><br \/><\/u><\/span><\/h4>\n<h4>\n<span style=\"font-family: Georgia, Times New Roman, serif\"><u><br \/><\/u><\/span><\/h4>\n<h4>\n<a href=\"https:\/\/www.bfv.cloud\/ajedrezeuropa\/wp-content\/uploads\/2015\/02\/logo_radiovillacaC3B1as.jpg\" style=\"clear: right;float: right;margin-bottom: 1em;margin-left: 1em\"><img decoding=\"async\" border=\"0\" src=\"https:\/\/www.bfv.cloud\/ajedrezeuropa\/wp-content\/uploads\/2015\/02\/logo_radiovillacaC3B1as.jpg\" \/><\/a><\/h4>\n<p>RADIO VILLACA\u00d1AS, DENTRO DEL PROGRAMA \u00abDE BUENA MA\u00d1ANA\u00bb DE ROSA ARANDA, DEDICAR\u00c1 UNA SECCI\u00d3N ESPECIAL \u00abEN JAQUE\u00bb A HABLAR CON LOS CHICOS Y CHICAS PROTAGONISTAS DE ESTOS \u00c9XITOS<\/p>\n<div class=\"separator\" style=\"clear: both;text-align: center\">\n<a href=\"https:\/\/www.bfv.cloud\/ajedrezeuropa\/wp-content\/uploads\/2015\/02\/BANNER-ROSA.png\" style=\"clear: left;float: left;margin-bottom: 1em;margin-right: 1em\"><img loading=\"lazy\" decoding=\"async\" border=\"0\" src=\"https:\/\/www.bfv.cloud\/ajedrezeuropa\/wp-content\/uploads\/2015\/02\/BANNER-ROSA.png\" height=\"90\" width=\"320\" \/><\/a><\/div>\n<p><\/u><\/span><\/h4>\n<div>\n<span style=\"font-family: Georgia, Times New Roman, serif\"><b>Rosa Aranda va a dedicar una parte de su programa del pr\u00f3ximo jueves 26 de febrero a entrevistar a varios de los grandes protagonistas de estos campeonatos. Chicas y chicos desde 15 a 9 a\u00f1os responder\u00e1n a todas sus preguntas, relatando sus vivencias e impresiones en primera persona. Os animamos a todos a escuchar esta charla, que promete ser muy interesante. Por si no ten\u00e9is acceso a oir en directo el programa, colgaremos el podcast de la secci\u00f3n en cuanto est\u00e9 disponible.<\/b><\/span><\/div>\n","protected":false},"excerpt":{"rendered":"<p>Algunos de los j\u00f3venes y ni\u00f1os ajedrecistas de laescuela de Villafranca el s\u00e1bado pasado en Mora El Deporte en Edad Escolar de Toledo y el Campeonato Provincial por Edades finalizan en Mora con unos resultados espectaculares para los ajedrecistas de la escuela municipal de Villafranca de los Caballeros. Con 5 clasificados para la fase regional, [&hellip;]<\/p>\n","protected":false},"author":1,"featured_media":4251,"comment_status":"open","ping_status":"closed","sticky":false,"template":"","format":"standard","meta":{"footnotes":""},"categories":[1],"tags":[],"class_list":["post-4250","post","type-post","status-publish","format-standard","has-post-thumbnail","hentry","category-noticias"],"_links":{"self":[{"href":"https:\/\/www.bfv.cloud\/ajedrezeuropa\/wp-json\/wp\/v2\/posts\/4250","targetHints":{"allow":["GET"]}}],"collection":[{"href":"https:\/\/www.bfv.cloud\/ajedrezeuropa\/wp-json\/wp\/v2\/posts"}],"about":[{"href":"https:\/\/www.bfv.cloud\/ajedrezeuropa\/wp-json\/wp\/v2\/types\/post"}],"author":[{"embeddable":true,"href":"https:\/\/www.bfv.cloud\/ajedrezeuropa\/wp-json\/wp\/v2\/users\/1"}],"replies":[{"embeddable":true,"href":"https:\/\/www.bfv.cloud\/ajedrezeuropa\/wp-json\/wp\/v2\/comments?post=4250"}],"version-history":[{"count":1,"href":"https:\/\/www.bfv.cloud\/ajedrezeuropa\/wp-json\/wp\/v2\/posts\/4250\/revisions"}],"predecessor-version":[{"id":4263,"href":"https:\/\/www.bfv.cloud\/ajedrezeuropa\/wp-json\/wp\/v2\/posts\/4250\/revisions\/4263"}],"wp:featuredmedia":[{"embeddable":true,"href":"https:\/\/www.bfv.cloud\/ajedrezeuropa\/wp-json\/wp\/v2\/media\/4251"}],"wp:attachment":[{"href":"https:\/\/www.bfv.cloud\/ajedrezeuropa\/wp-json\/wp\/v2\/media?parent=4250"}],"wp:term":[{"taxonomy":"category","embeddable":true,"href":"https:\/\/www.bfv.cloud\/ajedrezeuropa\/wp-json\/wp\/v2\/categories?post=4250"},{"taxonomy":"post_tag","embeddable":true,"href":"https:\/\/www.bfv.cloud\/ajedrezeuropa\/wp-json\/wp\/v2\/tags?post=4250"}],"curies":[{"name":"wp","href":"https:\/\/api.w.org\/{rel}","templated":true}]}}