{"id":4269,"date":"2017-11-18T10:27:00","date_gmt":"2017-11-18T10:27:00","guid":{"rendered":"https:\/\/www.bfv.cloud\/ajedrezeuropa\/index.php\/2017\/11\/18\/el-ajedrez-en-la-escuela-una-estrategia-educativa-llega-a-todos-los-colegios-de-illescas\/"},"modified":"2025-11-20T11:14:59","modified_gmt":"2025-11-20T11:14:59","slug":"el-ajedrez-en-la-escuela-una-estrategia-educativa-llega-a-todos-los-colegios-de-illescas","status":"publish","type":"post","link":"https:\/\/www.bfv.cloud\/ajedrezeuropa\/el-ajedrez-en-la-escuela-una-estrategia-educativa-llega-a-todos-los-colegios-de-illescas\/","title":{"rendered":"\u00abEL AJEDREZ EN LA ESCUELA, UNA ESTRATEGIA EDUCATIVA\u00bb LLEGA A TODOS LOS COLEGIOS DE ILLESCAS"},"content":{"rendered":"<table cellpadding=\"0\" cellspacing=\"0\" class=\"tr-caption-container\" style=\"float: left;margin-right: 1em;text-align: left\">\n<tbody>\n<tr>\n<td style=\"text-align: center\"><a href=\"https:\/\/www.bfv.cloud\/ajedrezeuropa\/wp-content\/uploads\/2017\/11\/cartel17_8.jpg\" style=\"clear: left;margin-bottom: 1em;margin-left: auto;margin-right: auto\"><img fetchpriority=\"high\" decoding=\"async\" border=\"0\" data-original-height=\"1600\" data-original-width=\"1234\" height=\"400\" src=\"https:\/\/blogger.googleusercontent.com\/img\/b\/R29vZ2xl\/AVvXsEhio-9PE6Yz_QUPjpqNNSS5gZJ8A50in7fKtV9lQ-YD0et8F0APKC7WbVJE2ACtLRY8uYBMVA0Xi799HLGdKfK6w-trpOoc2jcOJehGd7IlrxW_RncENV_upda8M4oJ8CrYHB3_pkMHMkY\/s400\/cartel+17_8.jpg\" width=\"305\" \/><\/a><\/td>\n<\/tr>\n<tr>\n<td class=\"tr-caption\" style=\"text-align: center\">Portada del libro de introducci\u00f3n al proyecto de ajedrez<br \/>\neducativo<\/td>\n<\/tr>\n<\/tbody>\n<\/table>\n<p><span style=\", sans-serif;font-size: large\">El proyecto <b>\u00abEL AJEDREZ EN LA ESCUELA, UNA ESTRATEGIA EDUCATIVA\u00bb<\/b>, promovido por el <b>ayuntamiento de Illescas<\/b>, crece en el curso escolar 2017\/18 y ya est\u00e1 presente en los cinco colegios p\u00fablicos de la ciudad. A los <b>CEIP MART\u00cdN CHICO, LA CONSTITUCI\u00d3N<\/b> e <b>ILARCURIS<\/b>, se han unido <b>EL GRECO Y CLARA CAMPOAMOR<\/b>, introduciendo este proyecto educativo transversal dentro del horario lectivo en los cursos de 2\u00ba, 3\u00ba y 4\u00ba de primaria. Los cursos de 1\u00ba de primaria se incorporan a partir de enero de 2018 para favorecer el periodo de adaptaci\u00f3n del alumnado al nuevo entorno escolar. Adem\u00e1s la presencia del proyecto se ampl\u00eda al <b>Colegio Concertado Virgen de la Caridad<\/b> en las actividades extraescolares, ofertando ya las clases para todos l@s alumn@s de primaria y para l@s ni\u00f1@s de 4 y 5 a\u00f1os de Educaci\u00f3n Infantil.&nbsp;<\/span><\/p>\n<table cellpadding=\"0\" cellspacing=\"0\" class=\"tr-caption-container\" style=\"float: right;text-align: right\">\n<tbody>\n<tr>\n<td style=\"text-align: center\"><a href=\"https:\/\/www.bfv.cloud\/ajedrezeuropa\/wp-content\/uploads\/2017\/11\/cartelDOSSIER1Y2.jpg\" style=\"clear: right;margin-bottom: 1em;margin-left: auto;margin-right: auto\"><img decoding=\"async\" border=\"0\" data-original-height=\"1600\" data-original-width=\"1234\" height=\"400\" src=\"https:\/\/blogger.googleusercontent.com\/img\/b\/R29vZ2xl\/AVvXsEipJqV7RZkjbAUkXOfHcdvwy5Bcty9wqQ8u15xH4uI5w161huFbd60MVNGVQqftoW8Org3vjM3EJbUyCJsxz4zz_I37tMPOen5UMO-FNrOWTvVPBT3yxaFhUBZVsWa0dMYJ7v1NCgSx_bo\/s400\/cartel+DOSSIER+1+Y+2.jpg\" width=\"307\" \/><\/a><\/td>\n<\/tr>\n<tr>\n<td class=\"tr-caption\" style=\"text-align: center\">Portada del libro de contenidos y actividades para<br \/>\n3\u00ba y 4\u00ba<\/td>\n<\/tr>\n<\/tbody>\n<\/table>\n<p><span style=\", sans-serif;font-size: large\">Este proyecto de ajedrez educativo transversal es pionero en Castilla-La Mancha y supone un salto de calidad en la formaci\u00f3n en valores que promueve la iniciativa <b>\u00abIllescas ciudad educadora\u00bb<\/b>.<\/span><br \/>\n<span style=\", sans-serif;font-size: large\">El alcance de \u00abEl ajedrez en la escuela, una estrategia educativa\u00bb en Illescas es muy amplio y ya hablamos de su introducci\u00f3n en una poblaci\u00f3n escolar de m\u00e1s de 1.500 ni\u00f1os y ni\u00f1as en el espacio lectivo y de 200 en lo extraescolar.<\/span><br \/>\n<span style=\", sans-serif;font-size: large\">Desde <b>\u00abNUESTRO AJEDREZ EN EUROPA\u00bb<\/b>&nbsp;queremos agradecer el impulso y colaboraci\u00f3n que, en todo momento, recibimos del gobierno municipal de Illescas. El trabajo en la elaboraci\u00f3n de contenidos y su aplicaci\u00f3n en las aulas es una experiencia de primer nivel que tampoco hubiera sido posible sin la m\u00e1xima implicaci\u00f3n y apoyo del profesorado y las direcciones de los distintos colegios.&nbsp;<\/span><br \/>\n<span style=\", sans-serif;font-size: large\">Este es un proyecto que cree firmemente en uno de los grandes lemas de la UNESCO:&nbsp;<\/span><\/p>\n<div style=\"text-align: center\">\n<span style=\", sans-serif;font-size: large\"><b>\u00abla educaci\u00f3n reduce la desigualdad\u00bb.<\/b>&nbsp;<\/span><\/div>\n<p><\/p>\n<table align=\"center\" cellpadding=\"0\" cellspacing=\"0\" class=\"tr-caption-container\" style=\"margin-left: auto;margin-right: auto;text-align: center\">\n<tbody>\n<tr>\n<td style=\"text-align: center\"><a href=\"https:\/\/www.bfv.cloud\/ajedrezeuropa\/wp-content\/uploads\/2017\/11\/cartelDOSSIER3Y4.jpg\" style=\"margin-left: auto;margin-right: auto\"><img decoding=\"async\" border=\"0\" data-original-height=\"1600\" data-original-width=\"1234\" height=\"640\" src=\"https:\/\/blogger.googleusercontent.com\/img\/b\/R29vZ2xl\/AVvXsEjA9vzDVXNRAmMC5u3XggZH0PVjPmzBb5BnNMENe8zvx6G8Ft8ZHCKpggyFS_DmTbiVXilXvMUDzXSFygY9PUltbUpXD6U_3jYbKnDGXkrMw3Kt6F4vqxvureP_Ecu0tNdS8J60ffMBzSs\/s640\/cartel+DOSSIER+3+Y+4.jpg\" width=\"492\" \/><\/a><\/td>\n<\/tr>\n<tr>\n<td class=\"tr-caption\" style=\"text-align: center\">Portada del libro de actividades para 1\u00ba y 2\u00ba de primaria<\/td>\n<\/tr>\n<\/tbody>\n<\/table>\n<p><\/p>\n","protected":false},"excerpt":{"rendered":"<p>Portada del libro de introducci\u00f3n al proyecto de ajedrez educativo El proyecto \u00abEL AJEDREZ EN LA ESCUELA, UNA ESTRATEGIA EDUCATIVA\u00bb, promovido por el ayuntamiento de Illescas, crece en el curso escolar 2017\/18 y ya est\u00e1 presente en los cinco colegios p\u00fablicos de la ciudad. A los CEIP MART\u00cdN CHICO, LA CONSTITUCI\u00d3N e ILARCURIS, se han [&hellip;]<\/p>\n","protected":false},"author":1,"featured_media":4270,"comment_status":"open","ping_status":"closed","sticky":false,"template":"","format":"standard","meta":{"footnotes":""},"categories":[1],"tags":[],"class_list":["post-4269","post","type-post","status-publish","format-standard","has-post-thumbnail","hentry","category-noticias"],"_links":{"self":[{"href":"https:\/\/www.bfv.cloud\/ajedrezeuropa\/wp-json\/wp\/v2\/posts\/4269","targetHints":{"allow":["GET"]}}],"collection":[{"href":"https:\/\/www.bfv.cloud\/ajedrezeuropa\/wp-json\/wp\/v2\/posts"}],"about":[{"href":"https:\/\/www.bfv.cloud\/ajedrezeuropa\/wp-json\/wp\/v2\/types\/post"}],"author":[{"embeddable":true,"href":"https:\/\/www.bfv.cloud\/ajedrezeuropa\/wp-json\/wp\/v2\/users\/1"}],"replies":[{"embeddable":true,"href":"https:\/\/www.bfv.cloud\/ajedrezeuropa\/wp-json\/wp\/v2\/comments?post=4269"}],"version-history":[{"count":1,"href":"https:\/\/www.bfv.cloud\/ajedrezeuropa\/wp-json\/wp\/v2\/posts\/4269\/revisions"}],"predecessor-version":[{"id":4273,"href":"https:\/\/www.bfv.cloud\/ajedrezeuropa\/wp-json\/wp\/v2\/posts\/4269\/revisions\/4273"}],"wp:featuredmedia":[{"embeddable":true,"href":"https:\/\/www.bfv.cloud\/ajedrezeuropa\/wp-json\/wp\/v2\/media\/4270"}],"wp:attachment":[{"href":"https:\/\/www.bfv.cloud\/ajedrezeuropa\/wp-json\/wp\/v2\/media?parent=4269"}],"wp:term":[{"taxonomy":"category","embeddable":true,"href":"https:\/\/www.bfv.cloud\/ajedrezeuropa\/wp-json\/wp\/v2\/categories?post=4269"},{"taxonomy":"post_tag","embeddable":true,"href":"https:\/\/www.bfv.cloud\/ajedrezeuropa\/wp-json\/wp\/v2\/tags?post=4269"}],"curies":[{"name":"wp","href":"https:\/\/api.w.org\/{rel}","templated":true}]}}