{"id":4274,"date":"2015-01-28T22:04:00","date_gmt":"2015-01-28T22:04:00","guid":{"rendered":"https:\/\/www.bfv.cloud\/ajedrezeuropa\/index.php\/2015\/01\/28\/2a-jornada-de-buenos-resultados-de-las-escuelas-de-ajedrez-de-alcazar-y-villafranca-en-los-provinciales-de-ciudad-real-y-toledo\/"},"modified":"2025-11-20T11:15:09","modified_gmt":"2025-11-20T11:15:09","slug":"2a-jornada-de-buenos-resultados-de-las-escuelas-de-ajedrez-de-alcazar-y-villafranca-en-los-provinciales-de-ciudad-real-y-toledo","status":"publish","type":"post","link":"https:\/\/www.bfv.cloud\/ajedrezeuropa\/2a-jornada-de-buenos-resultados-de-las-escuelas-de-ajedrez-de-alcazar-y-villafranca-en-los-provinciales-de-ciudad-real-y-toledo\/","title":{"rendered":"2\u00aa JORNADA DE BUENOS RESULTADOS DE LAS ESCUELAS DE AJEDREZ DE ALC\u00c1ZAR Y VILLAFRANCA EN LOS PROVINCIALES DE CIUDAD REAL Y TOLEDO"},"content":{"rendered":"<table cellpadding=\"0\" cellspacing=\"0\" class=\"tr-caption-container\" style=\"float: left;margin-right: 1em;text-align: left\">\n<tbody>\n<tr>\n<td style=\"text-align: center\"><a href=\"https:\/\/www.bfv.cloud\/ajedrezeuropa\/wp-content\/uploads\/2015\/01\/SAM_1425.jpg\" style=\"clear: left;margin-bottom: 1em;margin-left: auto;margin-right: auto\"><img fetchpriority=\"high\" decoding=\"async\" border=\"0\" src=\"https:\/\/www.bfv.cloud\/ajedrezeuropa\/wp-content\/uploads\/2015\/01\/SAM_1425.jpg\" height=\"300\" width=\"400\" \/><\/a><\/td>\n<\/tr>\n<tr>\n<td class=\"tr-caption\" style=\"text-align: center\">Alonso L\u00f3pez (sub-10 de primer a\u00f1o)<br \/>\nlogra la 9\u00aa posici\u00f3n&nbsp;<\/td>\n<\/tr>\n<\/tbody>\n<\/table>\n<div style=\"margin-bottom: .0001pt;margin: 0cm;text-align: justify\">\n<span style=\"font-family: Georgia, Times New Roman, serif\"><b>La<br \/>\n2\u00aa jornada de las fases provinciales del Deporte en Edad Escolar&nbsp; de Toledo y Ciudad Real ha vuelto a traer<br \/>\nbuenas noticias para los ajedrecistas integrados en el proyecto \u201cNuestro<br \/>\nAjedrez en Europa\u201d. Si el primer fin de semana de competici\u00f3n fueron 29 los<br \/>\nparticipantes de las escuelas de Alc\u00e1zar y Villafranca, en este segundo se ha<br \/>\npodido completar el grupo de inscritos, dejando el total de jugadores que est\u00e1n<br \/>\ndisputando los distintos campeonatos en 32 (17 en Toledo y 15 en Ciudad Real).<br \/>\nA esta importante participaci\u00f3n, una de las m\u00e1s numerosas en cada provincia, se<br \/>\nune el buen nivel de competencia y juego que muchos de ellos van adquiriendo.<br \/>\nUn repaso por los resultados en cada uno de los campeonatos nos ofrece una<br \/>\nvisi\u00f3n de conjunto muy equilibrada. Sea cual sea la categor\u00eda de edad que<br \/>\nbusquemos encontramos varios de nuestros alumnos y alumnas en posiciones<br \/>\ndestacadas tanto en Ciudad Real como en Toledo.<\/b><\/span><span style=\"font-family: Arial, sans-serif\"><\/span><\/div>\n<div style=\"margin-bottom: .0001pt;margin: 0cm;text-align: justify\">\n<\/div>\n<div style=\"margin-bottom: .0001pt;margin: 0cm;text-align: justify\">\n<b><u><span style=\"color: navy\"><span style=\"font-family: Georgia, Times New Roman, serif\">Los<br \/>\ncampeonatos de Toledo<\/span><span style=\"font-family: Arial, sans-serif\"><\/span><\/span><\/u><\/b><\/div>\n<div style=\"margin-bottom: .0001pt;margin: 0cm;text-align: justify\">\n<\/div>\n<table cellpadding=\"0\" cellspacing=\"0\" class=\"tr-caption-container\" style=\"float: right;margin-left: 1em;text-align: right\">\n<tbody>\n<tr>\n<td style=\"text-align: center\"><a href=\"https:\/\/www.bfv.cloud\/ajedrezeuropa\/wp-content\/uploads\/2015\/01\/012.jpg\" style=\"clear: left;margin-bottom: 1em;margin-left: auto;margin-right: auto\"><img decoding=\"async\" border=\"0\" src=\"https:\/\/www.bfv.cloud\/ajedrezeuropa\/wp-content\/uploads\/2015\/01\/012.jpg\" height=\"144\" width=\"200\" \/><\/a><\/td>\n<\/tr>\n<tr>\n<td class=\"tr-caption\" style=\"text-align: center\">Juanfran Mar\u00edn<\/td>\n<\/tr>\n<\/tbody>\n<\/table>\n<div style=\"margin-bottom: .0001pt;margin: 0cm;text-align: justify\">\n<span style=\"font-family: Georgia, Times New Roman, serif\"><b><u>Deporte<br \/>\nen Edad Escolar \u2013 categor\u00eda Infantil<\/u><span style=\"color: navy\"><\/span><\/b><\/span><\/div>\n<div style=\"margin-bottom: .0001pt;margin: 0cm;text-align: justify\">\n<span style=\"font-family: Georgia, Times New Roman, serif\"><b>Despu\u00e9s<br \/>\nde 4 rondas, las puntuaciones y clasificaciones provisionales de los jugadores<br \/>\nde la escuela de Villafranca son:<\/b><\/span><\/div>\n<div style=\"margin-bottom: .0001pt;margin: 0cm;text-align: justify\">\n<span style=\"font-family: Georgia, Times New Roman, serif\"><b>Con<br \/>\n3,5 puntos: Roberto L\u00f3pez, clasificado en 5\u00aa posici\u00f3n.<\/b><\/span><\/div>\n<div style=\"margin-bottom: .0001pt;margin: 0cm;text-align: justify\">\n<span style=\"font-family: Georgia, Times New Roman, serif\"><b>Con<br \/>\n3 puntos: Iv\u00e1n Valencia, Alfredo Amador y Alonso L\u00f3pez (ocupando los puestos<br \/>\ndel 7\u00ba al 9\u00ba de la clasificaci\u00f3n provisional); tambi\u00e9n con 3 puntos, Mar\u00eda<br \/>\nOliver (3\u00aa clasificada femenina) y Daniel Salas Conejo (13\u00ba).<\/b><\/span><\/div>\n<table cellpadding=\"0\" cellspacing=\"0\" class=\"tr-caption-container\" style=\"float: right;text-align: right\">\n<tbody>\n<tr>\n<td style=\"text-align: center\"><a href=\"https:\/\/www.bfv.cloud\/ajedrezeuropa\/wp-content\/uploads\/2015\/01\/SAM_1422.jpg\" style=\"clear: left;margin-bottom: 1em;margin-left: auto;margin-right: auto\"><img decoding=\"async\" border=\"0\" src=\"https:\/\/www.bfv.cloud\/ajedrezeuropa\/wp-content\/uploads\/2015\/01\/SAM_1422.jpg\" height=\"150\" width=\"200\" \/><\/a><\/td>\n<\/tr>\n<tr>\n<td class=\"tr-caption\" style=\"text-align: center\">\u00c1lvaro Alberca<\/td>\n<\/tr>\n<\/tbody>\n<\/table>\n<div style=\"margin-bottom: .0001pt;margin: 0cm;text-align: justify\">\n<span style=\"font-family: Georgia, Times New Roman, serif\"><b>Con<br \/>\n2,5 puntos: Julia Meza (4\u00aa femenina).<\/b><\/span><\/div>\n<div style=\"margin-bottom: .0001pt;margin: 0cm;text-align: justify\">\n<span style=\"font-family: Georgia, Times New Roman, serif\"><b>Con<br \/>\n2 puntos: Juanfran Mar\u00edn (30\u00ba), \u00d3scar Roncero (35\u00ba) y Gabriel Amador (36\u00ba)<\/b><\/span><\/div>\n<div style=\"margin-bottom: .0001pt;margin: 0cm;text-align: justify\">\n<span style=\"font-family: Georgia, Times New Roman, serif\"><b>Con<br \/>\n1,5 puntos: Ra\u00fal Valverde (55\u00ba) y Luis Rodr\u00edguez (57\u00ba).<\/b><\/span><\/div>\n<div style=\"margin-bottom: .0001pt;margin: 0cm;text-align: justify\">\n<span style=\"font-family: Georgia, Times New Roman, serif\"><b>Con<br \/>\n1 punto: \u00c1lvaro Alberca (76\u00ba).<\/b><\/span><\/div>\n<div class=\"MsoNormal\" style=\"text-align: justify\">\n<u><span style=\"font-family: Georgia, Times New Roman, serif\"><b><br \/><\/b><\/span><\/u><\/div>\n<div class=\"MsoNormal\" style=\"text-align: justify\">\n<u><span style=\"font-family: Georgia, Times New Roman, serif\"><b>Deporte en Edad Escolar \u2013<br \/>\ncategor\u00eda Cadete<\/b><\/span><\/u><\/div>\n<table cellpadding=\"0\" cellspacing=\"0\" class=\"tr-caption-container\" style=\"float: left;text-align: left\">\n<tbody>\n<tr>\n<td style=\"text-align: center\"><a href=\"https:\/\/www.bfv.cloud\/ajedrezeuropa\/wp-content\/uploads\/2015\/01\/SAM_1429.jpg\" style=\"clear: right;margin-bottom: 1em;margin-left: auto;margin-right: auto\"><img loading=\"lazy\" decoding=\"async\" border=\"0\" src=\"https:\/\/www.bfv.cloud\/ajedrezeuropa\/wp-content\/uploads\/2015\/01\/SAM_1429.jpg\" height=\"121\" width=\"200\" \/><\/a><\/td>\n<\/tr>\n<tr>\n<td class=\"tr-caption\" style=\"text-align: center\">Alba e Irene en el Cadete de Toledo<\/td>\n<\/tr>\n<\/tbody>\n<\/table>\n<table cellpadding=\"0\" cellspacing=\"0\" class=\"tr-caption-container\" style=\"float: right;margin-left: 1em;text-align: right\">\n<tbody>\n<tr>\n<td style=\"text-align: center\"><a href=\"https:\/\/www.bfv.cloud\/ajedrezeuropa\/wp-content\/uploads\/2015\/01\/SAM_1416.jpg\" style=\"clear: right;margin-bottom: 1em;margin-left: auto;margin-right: auto\"><img loading=\"lazy\" decoding=\"async\" border=\"0\" src=\"https:\/\/www.bfv.cloud\/ajedrezeuropa\/wp-content\/uploads\/2015\/01\/SAM_1416.jpg\" height=\"320\" width=\"257\" \/><\/a><\/td>\n<\/tr>\n<tr>\n<td class=\"tr-caption\" style=\"text-align: center\">Roberto L\u00f3pez, 5\u00ba clasificado del Infantil<\/td>\n<\/tr>\n<\/tbody>\n<\/table>\n<div class=\"MsoBodyText2\">\n<span style=\"font-family: Georgia, Times New Roman, serif\"><b><br \/><\/b><\/span><\/div>\n<div class=\"MsoBodyText2\">\n<span style=\"font-family: Georgia, Times New Roman, serif\"><b><br \/><\/b><\/span><\/div>\n<div class=\"MsoBodyText2\">\n<span style=\"font-family: Georgia, Times New Roman, serif\"><b><br \/><\/b><\/span><\/div>\n<div class=\"MsoBodyText2\">\n<span style=\"font-family: Georgia, Times New Roman, serif\"><b><br \/><\/b><\/span><\/div>\n<div class=\"MsoBodyText2\">\n<span style=\"font-family: Georgia, Times New Roman, serif\"><b><br \/><\/b><\/span><\/div>\n<div class=\"MsoBodyText2\">\n<span style=\"font-family: Georgia, Times New Roman, serif\"><b><br \/><\/b><\/span><\/div>\n<div class=\"MsoBodyText2\">\n<span style=\"font-family: Georgia, Times New Roman, serif\"><b><br \/><\/b><\/span><\/div>\n<div class=\"MsoBodyText2\">\n<span style=\"font-family: Georgia, Times New Roman, serif\"><b><br \/><\/b><\/span><\/div>\n<div class=\"MsoBodyText2\">\n<span style=\"font-family: Georgia, Times New Roman, serif\"><b><br \/><\/b><\/span><\/div>\n<div class=\"MsoBodyText2\">\n<span style=\"font-family: Georgia, Times New Roman, serif\"><b>Disputadas 3 rondas de las 5 totales, las 2 jugadoras de<br \/>\nla escuela de Villafranca encabezan la clasificaci\u00f3n provisional femenina.<\/b><\/span><\/div>\n<div class=\"MsoBodyText\" style=\"text-align: justify\">\n<span style=\"font-size: 12.0pt\"><span style=\"font-family: Georgia, Times New Roman, serif\"><b>Con 2,5 puntos, Irene Sim\u00f3n, colidera la categor\u00eda<br \/>\nCadete junto a Borja Hern\u00e1ndez. Mientras, Alba P\u00edriz, con una victoria, alcanza<br \/>\nla 2\u00aa plaza femenina. <\/b><\/span><\/span><\/div>\n<div class=\"MsoBodyText\" style=\"text-align: justify\">\n<u><span style=\"font-size: 12.0pt\"><span style=\"font-family: Georgia, Times New Roman, serif\"><b>Campeonato Provincial Juvenil Sub-18<\/b><\/span><\/span><\/u><\/div>\n<div class=\"MsoBodyText\" style=\"text-align: justify\">\n<span style=\"font-size: 12.0pt\"><span style=\"font-family: Georgia, Times New Roman, serif\"><b>En el Campeonato Sub-18, tambi\u00e9n con 3 rondas<br \/>\njugadas de las 5 programadas: Isaac Lozano, con 2 puntos, se sit\u00faa en la 3\u00aa<br \/>\nposici\u00f3n; Silvia Toribio, con 1,5 puntos, est\u00e1 en el 2\u00ba puesto del femenino.<\/b><\/span><\/span><\/div>\n<div class=\"MsoBodyText\" style=\"text-align: justify\">\n<span style=\"font-size: 12.0pt\"><span style=\"font-family: Georgia, Times New Roman, serif\"><b>La pr\u00f3xima jornada de los provinciales de Toledo<br \/>\ntendr\u00e1 lugar el s\u00e1bado 7 de febrero, jug\u00e1ndose 2 rondas en el Infantil y una<br \/>\nsola en el Cadete y el Sub-18.<\/b><\/span><\/span><\/div>\n<div class=\"MsoBodyText\" style=\"text-align: justify\">\n<\/div>\n<table align=\"center\" cellpadding=\"0\" cellspacing=\"0\" class=\"tr-caption-container\" style=\"margin-left: auto;margin-right: auto;text-align: center\">\n<tbody>\n<tr>\n<td style=\"text-align: center\"><a href=\"https:\/\/www.bfv.cloud\/ajedrezeuropa\/wp-content\/uploads\/2015\/01\/SAM_1426.jpg\" style=\"margin-left: auto;margin-right: auto\"><img loading=\"lazy\" decoding=\"async\" border=\"0\" src=\"https:\/\/www.bfv.cloud\/ajedrezeuropa\/wp-content\/uploads\/2015\/01\/SAM_1426.jpg\" height=\"155\" width=\"400\" \/><\/a><\/td>\n<\/tr>\n<tr>\n<td class=\"tr-caption\" style=\"text-align: center\">Provincial sub-18: Isaac Lozano &#8211; Silvia Toribio<\/td>\n<\/tr>\n<\/tbody>\n<\/table>\n<div class=\"MsoBodyText\" style=\"text-align: justify\">\n<b><u><span style=\"color: navy;font-size: 12.0pt\"><span style=\"font-family: Georgia, Times New Roman, serif\">El Escolar de Ciudad Real<\/span><\/span><\/u><\/b><\/div>\n<div class=\"MsoBodyText\" style=\"text-align: justify\">\n<\/div>\n<div class=\"MsoBodyText\" style=\"text-align: justify\">\n<u><span style=\"font-size: 12.0pt\"><span style=\"font-family: Georgia, Times New Roman, serif\"><b>Deporte en Edad Escolar \u2013 categor\u00eda Infantil<\/b><\/span><\/span><\/u><\/div>\n<table cellpadding=\"0\" cellspacing=\"0\" class=\"tr-caption-container\" style=\"float: right;margin-left: 1em;text-align: right\">\n<tbody>\n<tr>\n<td style=\"text-align: center\"><a href=\"https:\/\/www.bfv.cloud\/ajedrezeuropa\/wp-content\/uploads\/2015\/01\/SAM_1387.jpg\" style=\"clear: right;margin-bottom: 1em;margin-left: auto;margin-right: auto\"><img loading=\"lazy\" decoding=\"async\" border=\"0\" src=\"https:\/\/www.bfv.cloud\/ajedrezeuropa\/wp-content\/uploads\/2015\/01\/SAM_1387.jpg\" height=\"240\" width=\"320\" \/><\/a><\/td>\n<\/tr>\n<tr>\n<td class=\"tr-caption\" style=\"text-align: center\">Una vista general de la sala de juego<\/td>\n<\/tr>\n<\/tbody>\n<\/table>\n<div class=\"MsoBodyText\" style=\"text-align: justify\">\n<span style=\"font-size: 12.0pt\"><span style=\"font-family: Georgia, Times New Roman, serif\"><b>Tras las 4 rondas disputadas de un total de 8, 5<br \/>\njugadores de la escuela de Alc\u00e1zar suman 3 puntos: Arturo Mate (6\u00ba), Nuria<br \/>\nLozano (1\u00aa femenina), Isabel Marcos-Alberca (2\u00aa femenina), Enrique Velasco<br \/>\n(10\u00ba) y Julio M\u00e9rida (12\u00ba).<\/b><\/span><\/span><\/div>\n<div class=\"MsoBodyText\" style=\"text-align: justify\">\n<span style=\"font-size: 12.0pt\"><span style=\"font-family: Georgia, Times New Roman, serif\"><b>Con 2 puntos: Arsenio L\u00f3pez (24\u00ba), Rub\u00e9n Monge (29\u00ba)<br \/>\ny Pablo Vela (39\u00ba).<\/b><\/span><\/span><\/div>\n<div class=\"MsoBodyText\" style=\"text-align: justify\">\n<span style=\"font-size: 12.0pt\"><span style=\"font-family: Georgia, Times New Roman, serif\"><b>Con 1 punto: Rafael Carrasco (47\u00ba), Daniel Climent<br \/>\n(49\u00ba), Roc\u00edo Arias (8\u00aa femenina), Clara Vela (9\u00aa femenina) y Sergio Arias<br \/>\n(60\u00ba).<\/b><\/span><\/span><\/div>\n<div class=\"MsoBodyText\" style=\"text-align: justify\">\n<u><span style=\"font-size: 12.0pt\"><span style=\"font-family: Georgia, Times New Roman, serif\"><b>Deporte en Edad Escolar \u2013 categor\u00eda Cadete<\/b><\/span><\/span><\/u><\/div>\n<table cellpadding=\"0\" cellspacing=\"0\" class=\"tr-caption-container\" style=\"float: left;margin-right: 1em;text-align: left\">\n<tbody>\n<tr>\n<td style=\"text-align: center\"><a href=\"https:\/\/www.bfv.cloud\/ajedrezeuropa\/wp-content\/uploads\/2015\/01\/SAM_1388.jpg\" style=\"clear: left;margin-bottom: 1em;margin-left: auto;margin-right: auto\"><img loading=\"lazy\" decoding=\"async\" border=\"0\" src=\"https:\/\/www.bfv.cloud\/ajedrezeuropa\/wp-content\/uploads\/2015\/01\/SAM_1388.jpg\" height=\"150\" width=\"200\" \/><\/a><\/td>\n<\/tr>\n<tr>\n<td class=\"tr-caption\" style=\"text-align: center\">Javier Valdepe\u00f1as, l\u00edder<br \/>\ndel Cadete de C Real<\/td>\n<\/tr>\n<\/tbody>\n<\/table>\n<div class=\"MsoBodyText\" style=\"text-align: justify\">\n<span style=\"font-size: 12.0pt\"><span style=\"font-family: Georgia, Times New Roman, serif\"><b>En la categor\u00eda de mayor edad del Escolar<br \/>\nciudarreale\u00f1o se han jugado 3 rondas de las 6 previstas, encabezando la<br \/>\nclasificaci\u00f3n provisional Javier Valdepe\u00f1as, con 2,5 puntos, empatado con Juan<br \/>\nJos\u00e9 Losa y Enol Urquijo. En el femenino a\u00fan no ha habido suerte y Marta<br \/>\nEspinosa contin\u00faa sin sumar ning\u00fan punto, aunque estamos convencidos de que en<br \/>\nlas 3 pr\u00f3ximas partidas ser\u00e1 capaz de recuperar gran parte de lo perdido.<\/b><\/span><\/span><\/div>\n<table cellpadding=\"0\" cellspacing=\"0\" class=\"tr-caption-container\" style=\"float: right;margin-left: 1em;text-align: right\">\n<tbody>\n<tr>\n<td style=\"text-align: center\"><a href=\"https:\/\/www.bfv.cloud\/ajedrezeuropa\/wp-content\/uploads\/2015\/01\/SAM_1389.jpg\" style=\"clear: right;margin-bottom: 1em;margin-left: auto;margin-right: auto\"><img loading=\"lazy\" decoding=\"async\" border=\"0\" src=\"https:\/\/www.bfv.cloud\/ajedrezeuropa\/wp-content\/uploads\/2015\/01\/SAM_1389.jpg\" height=\"240\" width=\"320\" \/><\/a><\/td>\n<\/tr>\n<tr>\n<td class=\"tr-caption\" style=\"text-align: center\">Marta Espinosa<\/td>\n<\/tr>\n<\/tbody>\n<\/table>\n<div class=\"MsoBodyText\" style=\"text-align: justify\">\n<span style=\"font-size: 12.0pt\"><span style=\"font-family: Georgia, Times New Roman, serif\"><b>Mediado el Escolar de Ciudad Real, la escuela de<br \/>\najedrez de Alc\u00e1zar, se sit\u00faa en la 3\u00aa plaza de las 2 categor\u00edas en la<br \/>\nclasificaci\u00f3n provisional por equipos, por detr\u00e1s de Tomelloso y Valdepe\u00f1as.<\/b><\/span><\/span><\/div>\n<div class=\"MsoBodyText\" style=\"text-align: justify\">\n<span style=\"font-size: 12.0pt\"><span style=\"font-family: Georgia, Times New Roman, serif\"><b>Este domingo, d\u00eda 1 de febrero, prosigue la<br \/>\ncompetici\u00f3n en Miguelturra con una jornada a doble ronda en ambas categor\u00edas.<br \/>\nEs muy probable que ya se definan con claridad las posibilidades en el Cadete,<br \/>\na falta de una \u00fanica partida en la jornada final del 8 de febrero, y quede un<br \/>\npoco m\u00e1s definido el Infantil.<\/b><\/span><\/span><\/div>\n<div class=\"MsoBodyText\" style=\"text-align: justify\">\n<\/div>\n<div class=\"MsoBodyText\" style=\"text-align: justify\">\n<b><u><span style=\"color: navy;font-size: 12.0pt\"><span style=\"font-family: Georgia, Times New Roman, serif\">Los clasificados para la fase<br \/>\nregional del CRDEE<\/span><\/span><\/u><\/b><\/div>\n<div class=\"MsoBodyText\" style=\"text-align: justify\">\n<\/div>\n<p><\/p>\n<div class=\"MsoBodyText\" style=\"text-align: justify\">\n<span style=\"color: windowtext;font-size: 12.0pt\"><span style=\"font-family: Georgia, Times New Roman, serif\"><b>Probablemente, la final regional<br \/>\ndel Deporte en Edad Escolar de 2015 se juegue en el Castillo de San Servando en<br \/>\nToledo. Si esto fuera as\u00ed, la provincia de Toledo clasificar\u00eda a los 4 primeros<br \/>\nchicos y las 4 primeras chicas de cada categor\u00eda, por corresponderle la sede<br \/>\ndel campeonato, mientras que Ciudad Real lo har\u00eda con los 3 primeros<br \/>\nclasificados.&nbsp;<\/b><\/span><\/span><\/div>\n<p><\/p>\n","protected":false},"excerpt":{"rendered":"<p>Alonso L\u00f3pez (sub-10 de primer a\u00f1o) logra la 9\u00aa posici\u00f3n&nbsp; La 2\u00aa jornada de las fases provinciales del Deporte en Edad Escolar&nbsp; de Toledo y Ciudad Real ha vuelto a traer buenas noticias para los ajedrecistas integrados en el proyecto \u201cNuestro Ajedrez en Europa\u201d. Si el primer fin de semana de competici\u00f3n fueron 29 los [&hellip;]<\/p>\n","protected":false},"author":1,"featured_media":4275,"comment_status":"open","ping_status":"closed","sticky":false,"template":"","format":"standard","meta":{"footnotes":""},"categories":[1],"tags":[],"class_list":["post-4274","post","type-post","status-publish","format-standard","has-post-thumbnail","hentry","category-noticias"],"_links":{"self":[{"href":"https:\/\/www.bfv.cloud\/ajedrezeuropa\/wp-json\/wp\/v2\/posts\/4274","targetHints":{"allow":["GET"]}}],"collection":[{"href":"https:\/\/www.bfv.cloud\/ajedrezeuropa\/wp-json\/wp\/v2\/posts"}],"about":[{"href":"https:\/\/www.bfv.cloud\/ajedrezeuropa\/wp-json\/wp\/v2\/types\/post"}],"author":[{"embeddable":true,"href":"https:\/\/www.bfv.cloud\/ajedrezeuropa\/wp-json\/wp\/v2\/users\/1"}],"replies":[{"embeddable":true,"href":"https:\/\/www.bfv.cloud\/ajedrezeuropa\/wp-json\/wp\/v2\/comments?post=4274"}],"version-history":[{"count":1,"href":"https:\/\/www.bfv.cloud\/ajedrezeuropa\/wp-json\/wp\/v2\/posts\/4274\/revisions"}],"predecessor-version":[{"id":4284,"href":"https:\/\/www.bfv.cloud\/ajedrezeuropa\/wp-json\/wp\/v2\/posts\/4274\/revisions\/4284"}],"wp:featuredmedia":[{"embeddable":true,"href":"https:\/\/www.bfv.cloud\/ajedrezeuropa\/wp-json\/wp\/v2\/media\/4275"}],"wp:attachment":[{"href":"https:\/\/www.bfv.cloud\/ajedrezeuropa\/wp-json\/wp\/v2\/media?parent=4274"}],"wp:term":[{"taxonomy":"category","embeddable":true,"href":"https:\/\/www.bfv.cloud\/ajedrezeuropa\/wp-json\/wp\/v2\/categories?post=4274"},{"taxonomy":"post_tag","embeddable":true,"href":"https:\/\/www.bfv.cloud\/ajedrezeuropa\/wp-json\/wp\/v2\/tags?post=4274"}],"curies":[{"name":"wp","href":"https:\/\/api.w.org\/{rel}","templated":true}]}}