{"id":4285,"date":"2012-09-17T22:55:00","date_gmt":"2012-09-17T22:55:00","guid":{"rendered":"https:\/\/www.bfv.cloud\/ajedrezeuropa\/index.php\/2012\/09\/17\/el-xvi-abierto-de-feria-cita-a-las-familias-villafranqueras-de-nuestro-ajedrez\/"},"modified":"2025-11-20T11:15:16","modified_gmt":"2025-11-20T11:15:16","slug":"el-xvi-abierto-de-feria-cita-a-las-familias-villafranqueras-de-nuestro-ajedrez","status":"publish","type":"post","link":"https:\/\/www.bfv.cloud\/ajedrezeuropa\/el-xvi-abierto-de-feria-cita-a-las-familias-villafranqueras-de-nuestro-ajedrez\/","title":{"rendered":"EL XVI ABIERTO DE FERIA CITA A LAS FAMILIAS VILLAFRANQUERAS DE NUESTRO AJEDREZ"},"content":{"rendered":"<p>\ufeff  <\/p>\n<table cellpadding=\"0\" cellspacing=\"0\" class=\"tr-caption-container\" style=\"clear: left;float: left;margin-bottom: 1em;text-align: left\">\n<tbody>\n<tr>\n<td style=\"text-align: center\"><a href=\"https:\/\/www.bfv.cloud\/ajedrezeuropa\/wp-content\/uploads\/2012\/09\/FOTOSXVITORNEOABIERTODEVILLAFRANCA018.jpg\" style=\"clear: left;margin-bottom: 1em;margin-left: auto;margin-right: auto\"><img fetchpriority=\"high\" decoding=\"async\" border=\"0\" height=\"240\" src=\"https:\/\/blogger.googleusercontent.com\/img\/b\/R29vZ2xl\/AVvXsEhwlxGsNXmm7cHmZg6GGD7dFapxP8q32Dv16PV0ZYyCLIAgTokzcYX4ezqqo3MO82QiKxzUJRwi9HOA9VRwvFAyMagehy_VZLlbyyWpvf58mpWgz3-Pdn4w-mYng75Klba1ynXiLLmmGnk\/s320\/FOTOS+XVI+TORNEO+ABIERTO+DE+VILLAFRANCA+018.jpg\" width=\"320\" \/><\/a><\/td>\n<\/tr>\n<tr>\n<td class=\"tr-caption\" style=\"text-align: center\">El alcalde y el concejal de deportes de Villafranca <br \/>\nentregan el trofeo de campe\u00f3n local absoluto<br \/>\na Antonio Albo<\/td>\n<\/tr>\n<\/tbody>\n<\/table>\n<p>\ufeff<br \/>\n\ufeff\ufeff  <\/p>\n<table align=\"center\" cellpadding=\"0\" cellspacing=\"0\" class=\"tr-caption-container\" style=\"float: left;margin-right: 1em;text-align: left\">\n<tbody>\n<tr>\n<td style=\"border-bottom: medium none;border-left: medium none;border-right: medium none;border-top: medium none;text-align: center\"><a href=\"https:\/\/www.bfv.cloud\/ajedrezeuropa\/wp-content\/uploads\/2012\/09\/FOTOSXVITORNEOABIERTODEVILLAFRANCA002.jpg\" style=\"clear: left;margin-bottom: 1em;margin-left: auto;margin-right: auto\"><img decoding=\"async\" border=\"0\" height=\"300\" src=\"https:\/\/blogger.googleusercontent.com\/img\/b\/R29vZ2xl\/AVvXsEhokk3jSvF4ER6duDtqVmk1tSFjXwfF3b96s73K4A7MkAmjhERU5AzaWESg28NLn0qiupRfPbnj8gAe54IrrFjZr1pUaswItS8ISxXxm7J0u-D66KgySh6zO_uwO2MQsSE19c_ZwM-303s\/s400\/FOTOS+XVI+TORNEO+ABIERTO+DE+VILLAFRANCA+002.jpg\" width=\"400\" \/><\/a><\/td>\n<\/tr>\n<tr>\n<td class=\"tr-caption\" style=\"text-align: center\">La sala de conferencias de la casa de la cultura ha servido,<br \/>\nuna vez m\u00e1s, de sala de juego del torneo de feria<\/td>\n<\/tr>\n<\/tbody>\n<\/table>\n<p>\ufeff\ufeff\ufeff<br \/>\n\ufeff\ufeff \ufeff <\/p>\n<h3 style=\"border-bottom: medium none;border-left: medium none;border-right: medium none;border-top: medium none\">En plena feria de Villafranca, justamente un d\u00eda despu\u00e9s del d\u00eda del Cristo de Santa Ana, el ajedrez ha vuelto a celebrar su encuentro anual con los aficionados locales. A decir verdad, la edici\u00f3n n\u00famero XVI del Abierto de Villafranca&nbsp;ha seguido&nbsp;manteniendo el color y sabor de sus or\u00edgenes, con unos ajedrecistas que ceden unas pocas horas festivas a la pr\u00e1ctica del deporte de la mente. En una \u00e9poca de notables retrocesos en lo que se refiere a la celebraci\u00f3n de torneos de ajedrez, es significativo que nuestro proyecto pueda continuar desarrollando las actividades y los programas que mejor nos definen. \ufeff \ufeff  <\/p>\n<table align=\"center\" cellpadding=\"0\" cellspacing=\"0\" class=\"tr-caption-container\" style=\"margin-left: auto;margin-right: auto;text-align: center\">\n<tbody>\n<tr>\n<td style=\"text-align: center\"><a href=\"https:\/\/www.bfv.cloud\/ajedrezeuropa\/wp-content\/uploads\/2012\/09\/FOTOSXVITORNEOABIERTODEVILLAFRANCA005.jpg\" style=\"margin-left: auto;margin-right: auto\"><img decoding=\"async\" border=\"0\" height=\"300\" src=\"https:\/\/blogger.googleusercontent.com\/img\/b\/R29vZ2xl\/AVvXsEgFvhN5gyd0llGGwntjUMTdgyAbQm2kAYEDyYA32a9WWXOGP5ZbuubvUIdVznmiX7OTTAXbWtXxmfzSOIDBhpS0pawgdLyG19GbbrF9vBcFo9d3f2f-WAufaC37Wl5W02SrJBP72HTRAuM\/s400\/FOTOS+XVI+TORNEO+ABIERTO+DE+VILLAFRANCA+005.jpg\" width=\"400\" \/><\/a><\/td>\n<\/tr>\n<tr>\n<td class=\"tr-caption\" style=\"text-align: center\">Los trofeos de los Hermanos Pe\u00f1o reproducen la imagen del&nbsp;tratado de<br \/>\nAlfonso X \u00abel Sabio\u00bb titulado \u00abLibro de Acedrex, Dados e Tablas\u00bb&nbsp;<\/td>\n<\/tr>\n<\/tbody>\n<\/table>\n<p>\ufeff\ufeffPensemos que, precisamente ahora, el milenario juego del ajedrez est\u00e1 a punto de conseguir uno de los objetivos m\u00e1s anhelados de las \u00faltimas d\u00e9cadas: ser reconocido como una materia escolar necesaria para complementar la formaci\u00f3n integral de los ni\u00f1os, ni\u00f1as y j\u00f3venes, pero no s\u00f3lo en la Uni\u00f3n Europea sino tambi\u00e9n en un buen n\u00famero del resto de pa\u00edses del mundo. Por desgracia, la situaci\u00f3n econ\u00f3mica actual en Espa\u00f1a&nbsp;unida a otros factores de dif\u00edcil comprensi\u00f3n, provocan el retroceso en la necesaria expansi\u00f3n de la pr\u00e1ctica del deporte de la mente en nuestro pa\u00eds&nbsp;y el moment\u00e1neo arrinconamiento de un programa tan interesante como el de \u00abAjedrez en la Escuela\u00bb.<\/h3>\n<h2 style=\"text-align: center\"><u><span style=\"color: #274e13\">REGRESAN&nbsp; LAS&nbsp; ESCUELAS DE AJEDREZ<\/span><\/u><\/h2>\n<h3><span style=\"color: #274e13\">En pr\u00f3ximos d\u00edas informaremos sobre el calendario de reuniones preparatorias de la pr\u00f3xima temporada y tambi\u00e9n del comienzo de las clases en las escuelas deportivas de Alc\u00e1zar de San Juan y Villafranca de los Caballeros.<\/span><img loading=\"lazy\" decoding=\"async\" height=\"72\" src=\"https:\/\/blogger.googleusercontent.com\/img\/b\/R29vZ2xl\/AVvXsEj7LuzfXJ2OufJArm0PpfLcJ6xg0bZY3KM5aIVWKsMY40J2sSY_1MTipctl-AZrK3nkzg9HLxTwCehsLh6qo8HDmcIozLypkxqwquY_pisvd4PLKAH4CKXxMmwCr6qMMfey9kliMiCx86w\/s320\/FOTOS+XVI+TORNEO+ABIERTO+DE+VILLAFRANCA+021.jpg\" style=\"left: 409px;opacity: 0.3;position: absolute;top: 716px\" width=\"96\" \/> \ufeff<\/h3>\n<h3>\n<table align=\"center\" cellpadding=\"0\" cellspacing=\"0\" class=\"tr-caption-container\" style=\"margin-left: auto;margin-right: auto;text-align: center\">\n<tbody>\n<tr>\n<td style=\"text-align: center\"><a href=\"https:\/\/www.bfv.cloud\/ajedrezeuropa\/wp-content\/uploads\/2012\/09\/FOTOSXVITORNEOABIERTODEVILLAFRANCA021.jpg\" style=\"margin-left: auto;margin-right: auto\"><img loading=\"lazy\" decoding=\"async\" border=\"0\" height=\"300\" src=\"https:\/\/blogger.googleusercontent.com\/img\/b\/R29vZ2xl\/AVvXsEj7LuzfXJ2OufJArm0PpfLcJ6xg0bZY3KM5aIVWKsMY40J2sSY_1MTipctl-AZrK3nkzg9HLxTwCehsLh6qo8HDmcIozLypkxqwquY_pisvd4PLKAH4CKXxMmwCr6qMMfey9kliMiCx86w\/s400\/FOTOS+XVI+TORNEO+ABIERTO+DE+VILLAFRANCA+021.jpg\" width=\"400\" \/><\/a><\/td>\n<\/tr>\n<tr>\n<td class=\"tr-caption\" style=\"text-align: center\">Santiago Talavera, recogiendo su trofeo de campe\u00f3n del<br \/>\nXVI ABIERTO DE VILLAFRANCA<\/td>\n<\/tr>\n<\/tbody>\n<\/table>\n<\/h3>\n<h3>\ufeff<\/h3>\n<div class=\"separator\" style=\"border-bottom: medium none;border-left: medium none;border-right: medium none;border-top: medium none;clear: both;text-align: center\"><\/div>\n","protected":false},"excerpt":{"rendered":"<p>\ufeff El alcalde y el concejal de deportes de Villafranca entregan el trofeo de campe\u00f3n local absoluto a Antonio Albo \ufeff \ufeff\ufeff La sala de conferencias de la casa de la cultura ha servido, una vez m\u00e1s, de sala de juego del torneo de feria \ufeff\ufeff\ufeff \ufeff\ufeff \ufeff En plena feria de Villafranca, justamente un [&hellip;]<\/p>\n","protected":false},"author":1,"featured_media":4286,"comment_status":"open","ping_status":"closed","sticky":false,"template":"","format":"standard","meta":{"footnotes":""},"categories":[1],"tags":[],"class_list":["post-4285","post","type-post","status-publish","format-standard","has-post-thumbnail","hentry","category-noticias"],"_links":{"self":[{"href":"https:\/\/www.bfv.cloud\/ajedrezeuropa\/wp-json\/wp\/v2\/posts\/4285","targetHints":{"allow":["GET"]}}],"collection":[{"href":"https:\/\/www.bfv.cloud\/ajedrezeuropa\/wp-json\/wp\/v2\/posts"}],"about":[{"href":"https:\/\/www.bfv.cloud\/ajedrezeuropa\/wp-json\/wp\/v2\/types\/post"}],"author":[{"embeddable":true,"href":"https:\/\/www.bfv.cloud\/ajedrezeuropa\/wp-json\/wp\/v2\/users\/1"}],"replies":[{"embeddable":true,"href":"https:\/\/www.bfv.cloud\/ajedrezeuropa\/wp-json\/wp\/v2\/comments?post=4285"}],"version-history":[{"count":1,"href":"https:\/\/www.bfv.cloud\/ajedrezeuropa\/wp-json\/wp\/v2\/posts\/4285\/revisions"}],"predecessor-version":[{"id":4290,"href":"https:\/\/www.bfv.cloud\/ajedrezeuropa\/wp-json\/wp\/v2\/posts\/4285\/revisions\/4290"}],"wp:featuredmedia":[{"embeddable":true,"href":"https:\/\/www.bfv.cloud\/ajedrezeuropa\/wp-json\/wp\/v2\/media\/4286"}],"wp:attachment":[{"href":"https:\/\/www.bfv.cloud\/ajedrezeuropa\/wp-json\/wp\/v2\/media?parent=4285"}],"wp:term":[{"taxonomy":"category","embeddable":true,"href":"https:\/\/www.bfv.cloud\/ajedrezeuropa\/wp-json\/wp\/v2\/categories?post=4285"},{"taxonomy":"post_tag","embeddable":true,"href":"https:\/\/www.bfv.cloud\/ajedrezeuropa\/wp-json\/wp\/v2\/tags?post=4285"}],"curies":[{"name":"wp","href":"https:\/\/api.w.org\/{rel}","templated":true}]}}