{"id":429,"date":"2021-12-14T11:39:00","date_gmt":"2021-12-14T11:39:00","guid":{"rendered":"https:\/\/www.bfv.cloud\/ajedrezeuropa\/index.php\/2021\/12\/14\/xiii-concentracion-de-navidad-de-nuestro-proyecto\/"},"modified":"2025-11-20T10:17:30","modified_gmt":"2025-11-20T10:17:30","slug":"xiii-concentracion-de-navidad-de-nuestro-proyecto","status":"publish","type":"post","link":"https:\/\/www.bfv.cloud\/ajedrezeuropa\/xiii-concentracion-de-navidad-de-nuestro-proyecto\/","title":{"rendered":"XIII CONCENTRACI\u00d3N DE NAVIDAD DE NUESTRO PROYECTO"},"content":{"rendered":"<\/p>\n<div class=\"separator\" style=\"clear: both;text-align: center\"><a href=\"https:\/\/blogger.googleusercontent.com\/img\/a\/AVvXsEh6wztAj5mG1dxRC23YmBM7GJXjfAb1m4hqbdCVDjZxcYg9RAiErIL7GHQrXGqarDIcQFwwGMMouXfj1H7oKfQFQaO0sMIQldaPLuOMq97E3cR_WJMdUyPxv9esbBpV2eBCD9_fz40Loa5WoobFd14OYeeKJJap3RdtlPLf9KKRPSXWiz5vaGn61183=s3523\" style=\"margin-left: 1em;margin-right: 1em\"><img fetchpriority=\"high\" decoding=\"async\" border=\"0\" data-original-height=\"3523\" data-original-width=\"3184\" height=\"640\" src=\"https:\/\/blogger.googleusercontent.com\/img\/a\/AVvXsEh6wztAj5mG1dxRC23YmBM7GJXjfAb1m4hqbdCVDjZxcYg9RAiErIL7GHQrXGqarDIcQFwwGMMouXfj1H7oKfQFQaO0sMIQldaPLuOMq97E3cR_WJMdUyPxv9esbBpV2eBCD9_fz40Loa5WoobFd14OYeeKJJap3RdtlPLf9KKRPSXWiz5vaGn61183=w578-h640\" width=\"578\" \/><\/a><\/div>\n<p>&nbsp;<span style=\"font-family: verdana;font-size: large\"><b>Despu\u00e9s de un 2020 en el que result\u00f3 imposible celebrar una de nuestras actividades m\u00e1s importantes en el aspecto formativo, en 2021 recuperamos la Concentraci\u00f3n de Navidad en su 13\u00aa edici\u00f3n. Los alumnos y las alumnas de las escuelas de ajedrez de Alc\u00e1zar de San Juan y Villlafranca de los Caballeros tendr\u00e1n la oportunidad de seguir mejorando sus conocimientos durante los d\u00edas 26, 27 y 28 de diciembre. Las aulas de la casa de la cultura de Villafranca recibir\u00e1n de nuevo a los peque\u00f1os y j\u00f3venes aficionados que ya se encuentran en periodo de preparaci\u00f3n de la recientemente estrenada temporada 2021\/22.<\/b><\/span><\/p>\n<div><span style=\"font-family: verdana;font-size: large\"><b>Publicamos el d\u00edptico informativo y la ficha de inscripci\u00f3n.<\/b><\/span><\/div>\n<div>\n<div class=\"separator\" style=\"clear: both;text-align: center\">\n<div class=\"separator\" style=\"clear: both;text-align: center\"><a href=\"https:\/\/blogger.googleusercontent.com\/img\/a\/AVvXsEjx0I_UIexYXbu6NCEnqo-h45OlSc_Z_Es735fD15ZDE0nIXnTm5iio-jU8Kch6anQISMKcptR0qwNWCQd5XbaqQLlII8XwXxgbpvkiV84vSvvIi2DRgAFJZYqzLBLZBlr0XO4aFwd4FWItg3PYeyJMoBidvR79Ahjter3rx-CgubDWn7M8TXF50NG_=s3508\" style=\"clear: right;float: right;margin-bottom: 1em;margin-left: 1em\"><img decoding=\"async\" border=\"0\" data-original-height=\"2479\" data-original-width=\"3508\" height=\"374\" src=\"https:\/\/blogger.googleusercontent.com\/img\/a\/AVvXsEjx0I_UIexYXbu6NCEnqo-h45OlSc_Z_Es735fD15ZDE0nIXnTm5iio-jU8Kch6anQISMKcptR0qwNWCQd5XbaqQLlII8XwXxgbpvkiV84vSvvIi2DRgAFJZYqzLBLZBlr0XO4aFwd4FWItg3PYeyJMoBidvR79Ahjter3rx-CgubDWn7M8TXF50NG_=w529-h374\" width=\"529\" \/><\/a><\/div>\n<div class=\"separator\" style=\"clear: both;text-align: center\"><a href=\"https:\/\/blogger.googleusercontent.com\/img\/a\/AVvXsEgqQMRcNZcIy7EDWVvTTzAb646SHADk1UhrBMBc4kTfT3l8fjpgkhV33r18v9UadYR1iXXkDrALAPypXck1OWJSEF3ACS5Sx8fx3Sz1QLZ4gs4GKPbyAIgUBeU-OWgCUxzAGlUG206zuCkupmMl6cyYTlES1hJAICvOvE3L5-u51Te4vtCyqY6CIMss=s3508\" style=\"clear: left;float: left;margin-bottom: 1em;margin-right: 1em\"><img decoding=\"async\" border=\"0\" data-original-height=\"2479\" data-original-width=\"3508\" height=\"283\" src=\"https:\/\/blogger.googleusercontent.com\/img\/a\/AVvXsEgqQMRcNZcIy7EDWVvTTzAb646SHADk1UhrBMBc4kTfT3l8fjpgkhV33r18v9UadYR1iXXkDrALAPypXck1OWJSEF3ACS5Sx8fx3Sz1QLZ4gs4GKPbyAIgUBeU-OWgCUxzAGlUG206zuCkupmMl6cyYTlES1hJAICvOvE3L5-u51Te4vtCyqY6CIMss=w400-h283\" width=\"400\" \/><\/a><\/div>\n<p><a href=\"https:\/\/blogger.googleusercontent.com\/img\/a\/AVvXsEhuFg1ZzPAShe6bw9nytVxfXbgWwvcfB1VAz31_9JlM7Z7E8fH7R6Tz8JEQZf2VQByvSLOFV7DYDOjwf0FdN1qKuuJWXaFyqWwX-bGSN9gc7_uza6KliJj2bo53uF8Pk0SvlOOa0mBJGMaT9zEZ2gda5Zm9hpBP_sByrySpQdl8VMarBd_NxkzHclUM=s3508\" style=\"margin-left: 1em;margin-right: 1em\"><img loading=\"lazy\" decoding=\"async\" border=\"0\" data-original-height=\"3508\" data-original-width=\"2479\" height=\"640\" src=\"https:\/\/blogger.googleusercontent.com\/img\/a\/AVvXsEhuFg1ZzPAShe6bw9nytVxfXbgWwvcfB1VAz31_9JlM7Z7E8fH7R6Tz8JEQZf2VQByvSLOFV7DYDOjwf0FdN1qKuuJWXaFyqWwX-bGSN9gc7_uza6KliJj2bo53uF8Pk0SvlOOa0mBJGMaT9zEZ2gda5Zm9hpBP_sByrySpQdl8VMarBd_NxkzHclUM=w452-h640\" width=\"452\" \/><\/a><\/div>\n<p><span style=\"font-family: verdana;font-size: large\"><b><br \/><\/b><\/span><\/div>\n","protected":false},"excerpt":{"rendered":"<p>&nbsp;Despu\u00e9s de un 2020 en el que result\u00f3 imposible celebrar una de nuestras actividades m\u00e1s importantes en el aspecto formativo, en 2021 recuperamos la Concentraci\u00f3n de Navidad en su 13\u00aa edici\u00f3n. Los alumnos y las alumnas de las escuelas de ajedrez de Alc\u00e1zar de San Juan y Villlafranca de los Caballeros tendr\u00e1n la oportunidad de [&hellip;]<\/p>\n","protected":false},"author":1,"featured_media":0,"comment_status":"open","ping_status":"closed","sticky":false,"template":"","format":"standard","meta":{"footnotes":""},"categories":[1],"tags":[],"class_list":["post-429","post","type-post","status-publish","format-standard","hentry","category-noticias"],"_links":{"self":[{"href":"https:\/\/www.bfv.cloud\/ajedrezeuropa\/wp-json\/wp\/v2\/posts\/429","targetHints":{"allow":["GET"]}}],"collection":[{"href":"https:\/\/www.bfv.cloud\/ajedrezeuropa\/wp-json\/wp\/v2\/posts"}],"about":[{"href":"https:\/\/www.bfv.cloud\/ajedrezeuropa\/wp-json\/wp\/v2\/types\/post"}],"author":[{"embeddable":true,"href":"https:\/\/www.bfv.cloud\/ajedrezeuropa\/wp-json\/wp\/v2\/users\/1"}],"replies":[{"embeddable":true,"href":"https:\/\/www.bfv.cloud\/ajedrezeuropa\/wp-json\/wp\/v2\/comments?post=429"}],"version-history":[{"count":1,"href":"https:\/\/www.bfv.cloud\/ajedrezeuropa\/wp-json\/wp\/v2\/posts\/429\/revisions"}],"predecessor-version":[{"id":430,"href":"https:\/\/www.bfv.cloud\/ajedrezeuropa\/wp-json\/wp\/v2\/posts\/429\/revisions\/430"}],"wp:attachment":[{"href":"https:\/\/www.bfv.cloud\/ajedrezeuropa\/wp-json\/wp\/v2\/media?parent=429"}],"wp:term":[{"taxonomy":"category","embeddable":true,"href":"https:\/\/www.bfv.cloud\/ajedrezeuropa\/wp-json\/wp\/v2\/categories?post=429"},{"taxonomy":"post_tag","embeddable":true,"href":"https:\/\/www.bfv.cloud\/ajedrezeuropa\/wp-json\/wp\/v2\/tags?post=429"}],"curies":[{"name":"wp","href":"https:\/\/api.w.org\/{rel}","templated":true}]}}