{"id":4294,"date":"2013-02-25T14:45:00","date_gmt":"2013-02-25T14:45:00","guid":{"rendered":"https:\/\/www.bfv.cloud\/ajedrezeuropa\/index.php\/2013\/02\/25\/3-campeones-3-subcampeones-y-un-tercer-puesto-en-los-escolares-provinciales\/"},"modified":"2025-11-20T11:15:28","modified_gmt":"2025-11-20T11:15:28","slug":"3-campeones-3-subcampeones-y-un-tercer-puesto-en-los-escolares-provinciales","status":"publish","type":"post","link":"https:\/\/www.bfv.cloud\/ajedrezeuropa\/3-campeones-3-subcampeones-y-un-tercer-puesto-en-los-escolares-provinciales\/","title":{"rendered":"3 CAMPEONES, 3 SUBCAMPEONES Y UN TERCER PUESTO EN LOS ESCOLARES PROVINCIALES"},"content":{"rendered":"<p><\/p>\n<div class=\"separator\" style=\"clear: both;text-align: center\">\n<a href=\"https:\/\/www.bfv.cloud\/ajedrezeuropa\/wp-content\/uploads\/2013\/02\/ESCOLARCIUDADREALJORNADAFINAL015.jpg\" style=\"clear: left;float: left;margin-bottom: 1em;margin-right: 1em\"><br \/><\/a><a href=\"https:\/\/www.bfv.cloud\/ajedrezeuropa\/wp-content\/uploads\/2013\/02\/ESCOLARCIUDADREALJORNADAFINAL013.jpg\" style=\"clear: right;float: right;margin-bottom: 1em;margin-left: 1em\"><br \/><\/a><\/div>\n<p><\/p>\n<table cellpadding=\"0\" cellspacing=\"0\" class=\"tr-caption-container\" style=\"margin-left: auto;margin-right: auto;text-align: center\">\n<tbody>\n<tr>\n<td style=\"text-align: center\"><a href=\"https:\/\/www.bfv.cloud\/ajedrezeuropa\/wp-content\/uploads\/2013\/02\/ESCOLARTOLEDOJORNADAFINAL032.jpg\" style=\"clear: left;margin-bottom: 1em;margin-left: auto;margin-right: auto\"><img fetchpriority=\"high\" decoding=\"async\" border=\"0\" height=\"190\" src=\"https:\/\/blogger.googleusercontent.com\/img\/b\/R29vZ2xl\/AVvXsEgAvo2km25d5QM6uzgg3yImgp2OFjgTn5w4GlcQHQzdg7357l1nblKVB9U8kNcTGnWUjpmvpHckXNS8ZVhVA4-eujfdp0QWlD5P5xi0VRjXSMt9fHM07r_njPiasMv3GxOFgcHXZDEbHv0\/s400\/ESCOLAR+TOLEDO+JORNADA+FINAL+032.jpg\" width=\"400\" \/><\/a><\/td>\n<\/tr>\n<tr>\n<td class=\"tr-caption\" style=\"text-align: center\">11 son los trofeos logrados en Toledo<\/td>\n<\/tr>\n<\/tbody>\n<\/table>\n<h3 style=\"text-align: center\">\n<span style=\"font-family: Verdana, sans-serif\"><b>\u00c9XITO DE ALC\u00c1ZAR Y VILLAFRANCA&nbsp;<\/b><\/span><\/h3>\n<h3 style=\"text-align: center\">\n<span style=\"font-family: Verdana, sans-serif\"><b>EN CIUDAD REAL Y TOLEDO<\/b><\/span><\/h3>\n<div>\n<b style=\"font-family: Verdana, sans-serif\">Las escuelas de ajedrez de Alc\u00e1zar y Villafranca han rubricado su mejor actuaci\u00f3n en unos campeonatos provinciales del Deporte en Edad Escolar. Un total de 7 ajedrecistas han alcanzado la clasificaci\u00f3n para la fase regional, 3 en el cadete y 4 en el infantil, lo que marcar\u00e1 un nuevo r\u00e9cord de participaci\u00f3n de nuestros jugadores en esta competici\u00f3n. Mientras en Toledo son 4 los clasificados, 3 chicas y 1 chico, en Ciudad Real son 2 chicos 1 chica los que llevar\u00e1n la representaci\u00f3n de nuestro proyecto al regional de Sese\u00f1a\/Esquivias que se celebrar\u00e1 del 30 de mayo al 2 de junio. Estos son los excelentes resultados desglosados por categor\u00edas y por provincias:<\/b><\/div>\n<div>\n<table cellpadding=\"0\" cellspacing=\"0\" class=\"tr-caption-container\" style=\"float: right;margin-left: 1em;text-align: right\">\n<tbody>\n<tr>\n<td style=\"text-align: center\"><a href=\"https:\/\/www.bfv.cloud\/ajedrezeuropa\/wp-content\/uploads\/2013\/02\/ESCOLARCIUDADREALJORNADAFINAL014.jpg\" style=\"clear: right;margin-bottom: 1em;margin-left: auto;margin-right: auto\"><img decoding=\"async\" border=\"0\" height=\"240\" src=\"https:\/\/blogger.googleusercontent.com\/img\/b\/R29vZ2xl\/AVvXsEgmR_IbbLXkm4cWs-aTZJWtd8cmmztJrjCOZsSMWlph6IXxPypMs-J8aJivKqBeC3TP3eT8zUioHFNQArqwrDAwRr67Wtlw3SaN74sreP2xr0L7W4FR4TXln_AXcOfyw17lLjNal3oSvck\/s320\/ESCOLAR+CIUDAD+REAL+JORNADA+FINAL+014.jpg\" width=\"320\" \/><\/a><\/td>\n<\/tr>\n<tr>\n<td class=\"tr-caption\" style=\"text-align: center\">Marta Espinosa, a la derecha, consigue la clasificaci\u00f3n <br \/>\npara la&nbsp;fase regional en su primera participaci\u00f3n en el<br \/>\nprovincial de Ciudad Real<\/td>\n<\/tr>\n<\/tbody>\n<\/table>\n<div style=\"text-align: center\">\n<span style=\"font-family: Verdana, sans-serif;font-weight: bold\">&#8211; Campe\u00f3n Cadete de Toledo: Isaac Lozano Osorio<\/span><\/div>\n<div style=\"text-align: center\">\n<span style=\"font-family: Verdana, sans-serif;font-weight: bold\">&#8211; Campe\u00f3n Cadete de Ciudad Real: Cosimo Leonardo de Giorgi Benavent<\/span><\/div>\n<div style=\"text-align: center\">\n<span style=\"font-family: Verdana, sans-serif;font-weight: bold\">&#8211; Campeona Infantil de Toledo: Irene Sim\u00f3n Escalona<\/span><\/div>\n<div style=\"text-align: center\">\n<span style=\"font-family: Verdana, sans-serif;font-weight: bold\">-Subcampeona Cadete de Toledo: Silvia Toribio Camu\u00f1as<\/span><\/div>\n<div style=\"text-align: center\">\n<span style=\"font-family: Verdana, sans-serif;font-weight: bold\">-Subcampe\u00f3n Infantil de Ciudad Real: Javier Valdepe\u00f1as Octavio<\/span><\/div>\n<div style=\"text-align: center\">\n<span style=\"font-family: Verdana, sans-serif;font-weight: bold\">-Subcampeona Infantil de Toledo: Alba P\u00edriz Fern\u00e1ndez<\/span><\/div>\n<div style=\"text-align: center\">\n<span style=\"font-family: Verdana, sans-serif;font-weight: bold\">&#8211; 3\u00aa clasificada Infantil de Ciudad Real: Marta Espinosa Gil<\/span><\/div>\n<div class=\"separator\" style=\"clear: both;text-align: center\">\n<\/div>\n<table align=\"center\" cellpadding=\"0\" cellspacing=\"0\" class=\"tr-caption-container\" style=\"margin-left: 1em;margin-right: 1em;text-align: right\">\n<tbody>\n<tr>\n<td style=\"text-align: center\"><a href=\"https:\/\/www.bfv.cloud\/ajedrezeuropa\/wp-content\/uploads\/2013\/02\/ESCOLARTOLEDOJORNADAFINAL031.jpg\" style=\"clear: right;margin-bottom: 1em;margin-left: auto;margin-right: auto\"><img decoding=\"async\" border=\"0\" height=\"300\" src=\"https:\/\/blogger.googleusercontent.com\/img\/b\/R29vZ2xl\/AVvXsEjKWdhyphenhyphenfv8jIPtkOCy9CtuqVBuS2tUfrv0cvtxlNLZmML0QEh8nUce0TfJKip2P6t9viC5gwF2c7sHiTjmmlMLqA3ya4CWZ9e-oV9CLDOErJy7gp33PoRnzsaSYG1jATN00Ofadvff77_0\/s400\/ESCOLAR+TOLEDO+JORNADA+FINAL+031.jpg\" width=\"400\" \/><\/a><\/td>\n<\/tr>\n<tr>\n<td class=\"tr-caption\" style=\"text-align: center\">Los hermanos Sim\u00f3n Escalona son los nuevos<br \/>\ncampeones provinciales en sus categor\u00edas<\/td>\n<\/tr>\n<\/tbody>\n<\/table>\n<p><\/p>\n<table cellpadding=\"0\" cellspacing=\"0\" class=\"tr-caption-container\" style=\"float: right;margin-left: 1em;text-align: right\">\n<tbody>\n<tr>\n<td style=\"text-align: center\"><a href=\"https:\/\/www.bfv.cloud\/ajedrezeuropa\/wp-content\/uploads\/2013\/02\/ESCOLARCIUDADREALJORNADAFINAL008.jpg\" style=\"clear: left;margin-bottom: 1em;margin-left: auto;margin-right: auto\"><img loading=\"lazy\" decoding=\"async\" border=\"0\" height=\"240\" src=\"https:\/\/blogger.googleusercontent.com\/img\/b\/R29vZ2xl\/AVvXsEjLWZ79Z0DBTlmqj_LoWbK-TCJurLm013j7njLwe8eHApqjb0TorYRlAaXUvw6ydEU6Jg2vFIjebWgbGNoHjAXXcmnhtk4ilT1WpV_W5bv0yQxSe9iwel7EoYGEaT7CEh54r_Xa9xuy9k4\/s320\/ESCOLAR+CIUDAD+REAL+JORNADA+FINAL+008.jpg\" width=\"320\" \/><\/a><\/td>\n<\/tr>\n<tr>\n<td class=\"tr-caption\" style=\"text-align: center\">3 trofeos individuales, 1 por equipos y 3 distinciones para<br \/>\nnuestros jugadores de menor edad son los premios<br \/>\nlogrados en Ciudad Real<\/td>\n<\/tr>\n<\/tbody>\n<\/table>\n<h3 style=\"text-align: center\">\n<span style=\"font-family: Verdana, sans-serif\"><b><u>M\u00e1s de 30 participantes de nuestras escuelas<\/u><\/b><\/span><\/h3>\n<p><span style=\"font-family: Verdana, sans-serif\"><b>Adem\u00e1s, hay que destacar el 9\u00ba puesto en el Infantil de Ciudad Real de Julio M\u00e9rida y el 5\u00ba femenino de Isabel Marcos-Alberca, as\u00ed como el 10\u00ba en el Infantil de Toledo de Iv\u00e1n Valencia. Siendo estos resultados el fruto de un trabajo continuado y el s\u00edmbolo del esfuerzo diario de muchos alumnos y alumnas, no queremos dejar de se\u00f1alar la importancia de los valores de deportividad y compa\u00f1erismo que siempre hemos mantenido.<\/b><\/span><\/p>\n<h3 style=\"text-align: center\">\n<span style=\"font-family: Verdana, sans-serif\"><b><u>4 oros y 3 platas&nbsp;<\/u><\/b><\/span><\/h3>\n<h3 style=\"text-align: center\">\n<span style=\"font-family: Verdana, sans-serif\"><b><u>en el Campeonato de Toledo&nbsp;<\/u><\/b><\/span><b style=\"font-family: Verdana, sans-serif\"><u>por Edades<\/u><\/b><\/h3>\n<\/div>\n<div>\n<b style=\"font-family: Verdana, sans-serif\">Entretanto, el provincial por edades toledano, tambi\u00e9n ha reflejado los m\u00e9ritos de los alumnos y alumnas de la escuela de Villafranca, ofreciendo las siguientes clasificaciones:<\/b><\/div>\n<div style=\"text-align: center\">\n<b style=\"font-family: Verdana, sans-serif\"><u><br \/><\/u><\/b><\/div>\n<div style=\"text-align: center\">\n<b style=\"font-family: Verdana, sans-serif\"><u>Sub-18<\/u><\/b><\/div>\n<div style=\"text-align: center\">\n<span style=\"font-family: Verdana, sans-serif\"><b>&#8211; Campe\u00f3n: Jorge Sim\u00f3n Escalona<\/b><\/span><\/div>\n<div style=\"text-align: center\">\n<span style=\"font-family: Verdana, sans-serif\"><b>-Subcampe\u00f3n: Daniel P\u00edriz Fern\u00e1ndez<\/b><\/span><\/div>\n<div style=\"text-align: center\">\n<span style=\"font-family: Verdana, sans-serif\"><b>&#8211; 6\u00ba clasificado: Jes\u00fas M\u00aa Bricio Garc\u00eda de la Torre<\/b><\/span><\/div>\n<div style=\"text-align: center\">\n<span style=\"font-family: Verdana, sans-serif\"><b>9\u00ba clasificado: Rub\u00e9n Escribano Alberca<\/b><\/span><\/div>\n<div style=\"text-align: center\">\n<span style=\"font-family: Verdana, sans-serif\"><b><br \/><\/b><\/span><\/div>\n<div style=\"text-align: center\">\n<span style=\"font-family: Verdana, sans-serif\"><b><u>Sub-16<\/u><\/b><\/span><\/div>\n<div style=\"text-align: center\">\n<span style=\"font-family: Verdana, sans-serif\"><b>-Campe\u00f3n: Isaac Lozano Osorio<\/b><\/span><\/div>\n<div style=\"text-align: center\">\n<span style=\"font-family: Verdana, sans-serif\"><b>-Subcampeona: Silvia Toribio Camu\u00f1as<\/b><\/span><\/div>\n<div style=\"text-align: center\">\n<span style=\"font-family: Verdana, sans-serif\"><b>15\u00ba clasificado: Jos\u00e9 Luis D\u00edaz Guerrero<\/b><\/span><\/div>\n<div style=\"text-align: center\">\n<span style=\"font-family: Verdana, sans-serif\"><b>17\u00ba clasificado: Ra\u00fal D\u00edaz Guerrero<\/b><\/span><\/div>\n<div style=\"text-align: center\">\n<span style=\"font-family: Verdana, sans-serif\"><b><br \/><\/b><\/span><\/div>\n<div style=\"text-align: center\">\n<span style=\"font-family: Verdana, sans-serif\"><b><u>Sub-14<\/u><\/b><\/span><\/div>\n<div style=\"text-align: center\">\n<span style=\"font-family: Verdana, sans-serif\"><b>&#8211; Campeona: Irene Sim\u00f3n Escalona<\/b><\/span><\/div>\n<div style=\"text-align: center\">\n<span style=\"font-family: Verdana, sans-serif\"><b>-Subcampeona: Alba P\u00edriz Fern\u00e1ndez<\/b><\/span><\/div>\n<div style=\"text-align: center\">\n<span style=\"font-family: Verdana, sans-serif\"><b><br \/><\/b><\/span><\/div>\n<div style=\"text-align: center\">\n<span style=\"font-family: Verdana, sans-serif\"><b><u>Sub-12<\/u><\/b><\/span><\/div>\n<div style=\"text-align: center\">\n<span style=\"font-family: Verdana, sans-serif\"><b>&#8211; 5\u00ba clasificado: Iv\u00e1n Valencia de Loma<\/b><\/span><\/div>\n<div style=\"text-align: center\">\n<span style=\"font-family: Verdana, sans-serif\"><b><br \/><\/b><\/span><\/div>\n<div style=\"text-align: center\">\n<span style=\"font-family: Verdana, sans-serif\"><b><u>Sub-10<\/u><\/b><\/span><\/div>\n<div style=\"text-align: center\">\n<span style=\"font-family: Verdana, sans-serif\"><b>-Campeona: Mar\u00eda Oliver Ropero<\/b><\/span><\/div>\n<div style=\"text-align: center\">\n<span style=\"font-family: Verdana, sans-serif\"><b>6\u00ba clasificado: \u00d3scar Roncero Gonz\u00e1lez<\/b><\/span><\/div>\n<div style=\"text-align: center\">\n<span style=\"font-family: Verdana, sans-serif\"><b><br \/><\/b><\/span><\/div>\n<table cellpadding=\"0\" cellspacing=\"0\" class=\"tr-caption-container\" style=\"float: left;margin-right: 1em;text-align: left\">\n<tbody>\n<tr>\n<td style=\"text-align: center\"><a href=\"https:\/\/www.bfv.cloud\/ajedrezeuropa\/wp-content\/uploads\/2013\/02\/ESCOLARCIUDADREALJORNADAFINAL016.jpg\" style=\"clear: left;margin-bottom: 1em;margin-left: auto;margin-right: auto\"><img loading=\"lazy\" decoding=\"async\" border=\"0\" height=\"240\" src=\"https:\/\/blogger.googleusercontent.com\/img\/b\/R29vZ2xl\/AVvXsEhGn6lg68Chl5QY5lDWdiQ4ngqpkpCuEHYdQ_rOnHto1TSpF0nuqtn1BSd9J2msPLi7mLssIGGM4Kqg38cNkb6h7dwC2NwWF9QqutoQU8VjNF4vneW1RxtgNfWIlCYq7On40AHd_WcthKE\/s320\/ESCOLAR+CIUDAD+REAL+JORNADA+FINAL+016.jpg\" width=\"320\" \/><\/a><\/td>\n<\/tr>\n<tr>\n<td class=\"tr-caption\" style=\"text-align: center\">Leo de Giorgi campe\u00f3n cadete de Ciudad Real<\/td>\n<\/tr>\n<\/tbody>\n<\/table>\n<table cellpadding=\"0\" cellspacing=\"0\" class=\"tr-caption-container\" style=\"float: right;margin-left: 1em;text-align: right\">\n<tbody>\n<tr>\n<td style=\"text-align: center\"><a href=\"https:\/\/www.bfv.cloud\/ajedrezeuropa\/wp-content\/uploads\/2013\/02\/ESCOLARCIUDADREALJORNADAFINAL015.jpg\" style=\"clear: right;margin-bottom: 1em;margin-left: auto;margin-right: auto\"><img loading=\"lazy\" decoding=\"async\" border=\"0\" height=\"240\" src=\"https:\/\/blogger.googleusercontent.com\/img\/b\/R29vZ2xl\/AVvXsEjfUAF1CvVKC3rscXEyKY2KaqvW12B7sScimmPC_vwwL6s4Z9EZwfvit4to-EE-X3LzUFHYQsDFy56QxPd6oy7M8lHC8xMa9jVjRdKrS3ellHOr6TIppKAkzad2mmV-MWdjbN2nglMc_tk\/s320\/ESCOLAR+CIUDAD+REAL+JORNADA+FINAL+015.jpg\" width=\"320\" \/><\/a><\/td>\n<\/tr>\n<tr>\n<td class=\"tr-caption\" style=\"text-align: center\">Javier Valdepe\u00f1as subcampe\u00f3n infantil de Ciudad Real<\/td>\n<\/tr>\n<\/tbody>\n<\/table>\n<p><\/p>\n<table cellpadding=\"0\" cellspacing=\"0\" class=\"tr-caption-container\" style=\"float: left;margin-right: 1em;text-align: left\">\n<tbody>\n<tr>\n<td style=\"text-align: center\"><a href=\"https:\/\/www.bfv.cloud\/ajedrezeuropa\/wp-content\/uploads\/2013\/02\/ESCOLARCIUDADREALJORNADAFINAL013.jpg\" style=\"clear: left;margin-bottom: 1em;margin-left: auto;margin-right: auto\"><img loading=\"lazy\" decoding=\"async\" border=\"0\" height=\"240\" src=\"https:\/\/blogger.googleusercontent.com\/img\/b\/R29vZ2xl\/AVvXsEi5W51RhohgFt6OKrxpUXjk_eqWUs7UUDWsju1ShKyauMK0QG46NLQw0x5Fuqww09DqJKGZYC7IXiWNsjwA75vYbKf5bgaGMSWbdNxsallX2ye63DR-N52GleeiXTcHYlzQ_n_4EFFdQR0\/s320\/ESCOLAR+CIUDAD+REAL+JORNADA+FINAL+013.jpg\" width=\"320\" \/><\/a><\/td>\n<\/tr>\n<tr>\n<td class=\"tr-caption\" style=\"text-align: center\">Julio M\u00e9rida recibe la medalla de 1er. clasificado sub-12<\/td>\n<\/tr>\n<\/tbody>\n<\/table>\n<div style=\"text-align: left\">\n<h3>\n<span style=\"font-family: Verdana, sans-serif\"><u>Otras clasificaciones destacadas:<\/u><\/span><\/h3>\n<div>\n<span style=\"font-family: Verdana, sans-serif\"><b>El Escolar de Ciudad Real ha hecho entrega de otras distinciones tanto por equipos como en individual.<\/b><\/span><\/div>\n<div>\n<span style=\"font-family: Verdana, sans-serif\"><b>En la categor\u00eda Infantil la EDM de Alc\u00e1zar obtuv\u00f3 el bronce por equipos empatado con el subcampe\u00f3n, la escuela de ajedrez de Valdepe\u00f1as.<\/b><\/span><\/div>\n<div>\n<span style=\"font-family: Verdana, sans-serif\"><b>Tambi\u00e9n se distinguieron con 3 medallas a los ajedrecistas:<\/b><\/span><\/div>\n<div>\n<span style=\"font-family: Verdana, sans-serif\"><b>&#8211; Julio M\u00e9rida, como campe\u00f3n sub-12.<\/b><\/span><\/div>\n<div>\n<span style=\"font-family: Verdana, sans-serif\"><b>&#8211; M\u00aa Isabel Marcos-Alberca, campeona femenina sub-12.<\/b><\/span><\/div>\n<div>\n<span style=\"font-family: Verdana, sans-serif\"><b>&#8211; Julia Meza, 5\u00aa clasificada sub-12.<\/b><\/span><\/div>\n<div>\n<span style=\"font-family: Verdana, sans-serif\"><b><br \/><\/b><\/span><\/div>\n<div>\n<span style=\"font-family: Verdana, sans-serif\"><b>\u00a1\u00a1Enhorabuena!!&nbsp;<\/b><\/span><\/div>\n<div>\n<span style=\"font-family: Verdana, sans-serif\"><b><br \/><\/b><\/span><\/div>\n<\/div>\n","protected":false},"excerpt":{"rendered":"<p>11 son los trofeos logrados en Toledo \u00c9XITO DE ALC\u00c1ZAR Y VILLAFRANCA&nbsp; EN CIUDAD REAL Y TOLEDO Las escuelas de ajedrez de Alc\u00e1zar y Villafranca han rubricado su mejor actuaci\u00f3n en unos campeonatos provinciales del Deporte en Edad Escolar. Un total de 7 ajedrecistas han alcanzado la clasificaci\u00f3n para la fase regional, 3 en el [&hellip;]<\/p>\n","protected":false},"author":1,"featured_media":4295,"comment_status":"open","ping_status":"closed","sticky":false,"template":"","format":"standard","meta":{"footnotes":""},"categories":[1],"tags":[],"class_list":["post-4294","post","type-post","status-publish","format-standard","has-post-thumbnail","hentry","category-noticias"],"_links":{"self":[{"href":"https:\/\/www.bfv.cloud\/ajedrezeuropa\/wp-json\/wp\/v2\/posts\/4294","targetHints":{"allow":["GET"]}}],"collection":[{"href":"https:\/\/www.bfv.cloud\/ajedrezeuropa\/wp-json\/wp\/v2\/posts"}],"about":[{"href":"https:\/\/www.bfv.cloud\/ajedrezeuropa\/wp-json\/wp\/v2\/types\/post"}],"author":[{"embeddable":true,"href":"https:\/\/www.bfv.cloud\/ajedrezeuropa\/wp-json\/wp\/v2\/users\/1"}],"replies":[{"embeddable":true,"href":"https:\/\/www.bfv.cloud\/ajedrezeuropa\/wp-json\/wp\/v2\/comments?post=4294"}],"version-history":[{"count":1,"href":"https:\/\/www.bfv.cloud\/ajedrezeuropa\/wp-json\/wp\/v2\/posts\/4294\/revisions"}],"predecessor-version":[{"id":4302,"href":"https:\/\/www.bfv.cloud\/ajedrezeuropa\/wp-json\/wp\/v2\/posts\/4294\/revisions\/4302"}],"wp:featuredmedia":[{"embeddable":true,"href":"https:\/\/www.bfv.cloud\/ajedrezeuropa\/wp-json\/wp\/v2\/media\/4295"}],"wp:attachment":[{"href":"https:\/\/www.bfv.cloud\/ajedrezeuropa\/wp-json\/wp\/v2\/media?parent=4294"}],"wp:term":[{"taxonomy":"category","embeddable":true,"href":"https:\/\/www.bfv.cloud\/ajedrezeuropa\/wp-json\/wp\/v2\/categories?post=4294"},{"taxonomy":"post_tag","embeddable":true,"href":"https:\/\/www.bfv.cloud\/ajedrezeuropa\/wp-json\/wp\/v2\/tags?post=4294"}],"curies":[{"name":"wp","href":"https:\/\/api.w.org\/{rel}","templated":true}]}}