{"id":4303,"date":"2015-02-06T12:17:00","date_gmt":"2015-02-06T12:17:00","guid":{"rendered":"https:\/\/www.bfv.cloud\/ajedrezeuropa\/index.php\/2015\/02\/06\/seccion-en-jaque-del-programa-de-radio-villacanas-de-buena-manana\/"},"modified":"2025-11-20T11:15:28","modified_gmt":"2025-11-20T11:15:28","slug":"seccion-en-jaque-del-programa-de-radio-villacanas-de-buena-manana","status":"publish","type":"post","link":"https:\/\/www.bfv.cloud\/ajedrezeuropa\/seccion-en-jaque-del-programa-de-radio-villacanas-de-buena-manana\/","title":{"rendered":"SECCI\u00d3N \u00abEN JAQUE\u00bb DEL PROGRAMA DE RADIO VILLACA\u00d1AS \u00abDE BUENA MA\u00d1ANA\u00bb"},"content":{"rendered":"<p>Aqu\u00ed os dejamos el podcast del jueves pasado en Radio Villaca\u00f1as. El contenido de la secci\u00f3n se dedic\u00f3 a informar sobre el desarrollo de las competiciones provinciales del Deporte en Edad Escolar en Toledo y Ciudad Real, as\u00ed como a tratar sobre la firma de los convenios que las escuelas y los clubes preparan para este a\u00f1o. Muy pronto informaremos en profundidad sobre algunos de los asuntos m\u00e1s importantes hablados con Rosa Aranda. Esperamos que lo disfruteis.<br \/>\n<iframe allowfullscreen=\"\" frameborder=\"0\" height=\"200\" src=\"http:\/\/www.ivoox.com\/player_ej_4042669_4_1.html?c1=ff6600\"><\/iframe><\/p>\n","protected":false},"excerpt":{"rendered":"<p>Aqu\u00ed os dejamos el podcast del jueves pasado en Radio Villaca\u00f1as. El contenido de la secci\u00f3n se dedic\u00f3 a informar sobre el desarrollo de las competiciones provinciales del Deporte en Edad Escolar en Toledo y Ciudad Real, as\u00ed como a tratar sobre la firma de los convenios que las escuelas y los clubes preparan para [&hellip;]<\/p>\n","protected":false},"author":1,"featured_media":0,"comment_status":"open","ping_status":"closed","sticky":false,"template":"","format":"standard","meta":{"footnotes":""},"categories":[1],"tags":[],"class_list":["post-4303","post","type-post","status-publish","format-standard","hentry","category-noticias"],"_links":{"self":[{"href":"https:\/\/www.bfv.cloud\/ajedrezeuropa\/wp-json\/wp\/v2\/posts\/4303","targetHints":{"allow":["GET"]}}],"collection":[{"href":"https:\/\/www.bfv.cloud\/ajedrezeuropa\/wp-json\/wp\/v2\/posts"}],"about":[{"href":"https:\/\/www.bfv.cloud\/ajedrezeuropa\/wp-json\/wp\/v2\/types\/post"}],"author":[{"embeddable":true,"href":"https:\/\/www.bfv.cloud\/ajedrezeuropa\/wp-json\/wp\/v2\/users\/1"}],"replies":[{"embeddable":true,"href":"https:\/\/www.bfv.cloud\/ajedrezeuropa\/wp-json\/wp\/v2\/comments?post=4303"}],"version-history":[{"count":1,"href":"https:\/\/www.bfv.cloud\/ajedrezeuropa\/wp-json\/wp\/v2\/posts\/4303\/revisions"}],"predecessor-version":[{"id":4304,"href":"https:\/\/www.bfv.cloud\/ajedrezeuropa\/wp-json\/wp\/v2\/posts\/4303\/revisions\/4304"}],"wp:attachment":[{"href":"https:\/\/www.bfv.cloud\/ajedrezeuropa\/wp-json\/wp\/v2\/media?parent=4303"}],"wp:term":[{"taxonomy":"category","embeddable":true,"href":"https:\/\/www.bfv.cloud\/ajedrezeuropa\/wp-json\/wp\/v2\/categories?post=4303"},{"taxonomy":"post_tag","embeddable":true,"href":"https:\/\/www.bfv.cloud\/ajedrezeuropa\/wp-json\/wp\/v2\/tags?post=4303"}],"curies":[{"name":"wp","href":"https:\/\/api.w.org\/{rel}","templated":true}]}}