{"id":4305,"date":"2013-05-27T21:53:00","date_gmt":"2013-05-27T21:53:00","guid":{"rendered":"https:\/\/www.bfv.cloud\/ajedrezeuropa\/index.php\/2013\/05\/27\/el-equipo-sub-16-de-nuestro-ajedrez-en-europa-clasificado-para-la-final-regional\/"},"modified":"2025-11-20T11:15:35","modified_gmt":"2025-11-20T11:15:35","slug":"el-equipo-sub-16-de-nuestro-ajedrez-en-europa-clasificado-para-la-final-regional","status":"publish","type":"post","link":"https:\/\/www.bfv.cloud\/ajedrezeuropa\/el-equipo-sub-16-de-nuestro-ajedrez-en-europa-clasificado-para-la-final-regional\/","title":{"rendered":"EL EQUIPO SUB-16 DE NUESTRO AJEDREZ EN EUROPA CLASIFICADO PARA LA FINAL REGIONAL"},"content":{"rendered":"<table cellpadding=\"0\" cellspacing=\"0\" class=\"tr-caption-container\" style=\"float: left;margin-right: 1em;text-align: left\">\n<tbody>\n<tr>\n<td style=\"text-align: center\"><a href=\"https:\/\/www.bfv.cloud\/ajedrezeuropa\/wp-content\/uploads\/2013\/05\/FOTOSPROVINCIALEQUIPOSSUB-162013014.jpg\" style=\"clear: left;margin-bottom: 1em;margin-left: auto;margin-right: auto\"><img fetchpriority=\"high\" decoding=\"async\" border=\"0\" height=\"283\" src=\"https:\/\/blogger.googleusercontent.com\/img\/b\/R29vZ2xl\/AVvXsEi4LUisS74c0Cn7vFDH4z9nHA4f-FwlWAZK5GhEv4aRSBsq8E7L84EnlK2iiYb4L228uezEqWMz7yYcE50hFXKMmB_NvKBLUnSPL4RwFSjT_Igp4RRR81Tf9cxgc7xGIOJLyUOsG5SMF_A\/s400\/FOTOS+PROVINCIAL+EQUIPOS+SUB-16+2013+014.jpg\" width=\"400\" \/><\/a><\/td>\n<\/tr>\n<tr>\n<td class=\"tr-caption\" style=\"text-align: center\">El equipo de Nuestro Ajedrez en Europa<\/td>\n<\/tr>\n<\/tbody>\n<\/table>\n<table cellpadding=\"0\" cellspacing=\"0\" class=\"tr-caption-container\" style=\"float: left;margin-right: 1em;text-align: left\">\n<tbody>\n<tr>\n<td style=\"text-align: center\"><a href=\"https:\/\/www.bfv.cloud\/ajedrezeuropa\/wp-content\/uploads\/2013\/05\/FOTOSPROVINCIALEQUIPOSSUB-162013010.jpg\" style=\"clear: left;margin-bottom: 1em;margin-left: auto;margin-right: auto\"><img decoding=\"async\" border=\"0\" height=\"300\" src=\"https:\/\/blogger.googleusercontent.com\/img\/b\/R29vZ2xl\/AVvXsEjuVNwXRD5E8Dvtsv9I0oZM56NLd5LJ9hOB2T1-oSfXRlsq1W6HCOMz8_H1U3ai1kQ3H02LqAy0GbBA6Z1Nh3ohVfZJXAjvVp_1dYDFUNOxkAiuq_Bto6t7fQN43nSYH8jSWNNN60kbNlk\/s400\/FOTOS+PROVINCIAL+EQUIPOS+SUB-16+2013+010.jpg\" width=\"400\" \/><\/a><\/td>\n<\/tr>\n<tr>\n<td class=\"tr-caption\" style=\"text-align: center\">4 de los jugadores de Nuestro Ajedrez por la Igualdad<\/td>\n<\/tr>\n<\/tbody>\n<\/table>\n<div class=\"MsoNormal\" style=\"text-align: justify\">\n<span style=\"font-family: Trebuchet MS, sans-serif\">El equipo sub-16 de Nuestro<br \/>\nAjedrez en Europa ha vuelto a clasificarse para la final regional del<br \/>\nCampeonato por Equipos de Castilla-La Mancha. Este era el objetivo principal de<br \/>\nesta competici\u00f3n, toda vez que el formado por los chicos y chicas de Nuestro Ajedrez<br \/>\npor la Igualdad tiene en su formaci\u00f3n y aprendizaje su \u00fanica misi\u00f3n. Esta final<br \/>\nauton\u00f3mica a\u00fan no tiene fecha ni sede definitiva, en cuanto se comuniquen<br \/>\ninformaremos de ello. Recordemos que en las 3 ediciones celebradas hasta ahora,<br \/>\nnuestro equipo ha conseguido alzarse con la victoria en 2010 y 2011, quedando<br \/>\nen 2\u00aa posici\u00f3n en 2012 empatado con el campe\u00f3n, el club de ajedrez Tomelloso.<br \/>\nPara este a\u00f1o se prev\u00e9 una lucha cerrada por el t\u00edtulo regional entre 3 o 4<br \/>\nclubes, entre los que de nuevo se preparar\u00e1n para estar nuestros ajedrecistas &nbsp;sub-16. &nbsp; &nbsp; &nbsp; &nbsp;<\/span><\/div>\n<table cellpadding=\"0\" cellspacing=\"0\" class=\"tr-caption-container\" style=\"float: left;margin-right: 1em;text-align: left\">\n<tbody>\n<tr>\n<td style=\"text-align: center\"><a href=\"https:\/\/www.bfv.cloud\/ajedrezeuropa\/wp-content\/uploads\/2013\/05\/FOTOSPROVINCIALEQUIPOSSUB-162013005.jpg\" style=\"clear: left;margin-bottom: 1em;margin-left: auto;margin-right: auto\"><img decoding=\"async\" border=\"0\" height=\"240\" src=\"https:\/\/blogger.googleusercontent.com\/img\/b\/R29vZ2xl\/AVvXsEhSAbTdWCsRVQiAy7nnHczFqztRfvfu4MLQt4kag7k84eK-uPVS__T-xqQjYmTzrD3GyGUilZoXLTF8Lkg8eKRuGmeuavL2x4reocoVexkgYvxWXmDoskE-5PKL7u4jRCMwaxxzBa_Kdck\/s320\/FOTOS+PROVINCIAL+EQUIPOS+SUB-16+2013+005.jpg\" width=\"320\" \/><\/a><\/td>\n<\/tr>\n<tr>\n<td class=\"tr-caption\" style=\"text-align: center\">Comienza el campeonato en el Centro San Marcos<\/td>\n<\/tr>\n<\/tbody>\n<\/table>\n<table cellpadding=\"0\" cellspacing=\"0\" class=\"tr-caption-container\" style=\"float: left;margin-right: 1em;text-align: left\">\n<tbody>\n<tr>\n<td style=\"text-align: center\"><a href=\"https:\/\/www.bfv.cloud\/ajedrezeuropa\/wp-content\/uploads\/2013\/05\/FOTOSPROVINCIALEQUIPOSSUB-162013007.jpg\" style=\"clear: left;margin-bottom: 1em;margin-left: auto;margin-right: auto\"><img loading=\"lazy\" decoding=\"async\" border=\"0\" height=\"240\" src=\"https:\/\/blogger.googleusercontent.com\/img\/b\/R29vZ2xl\/AVvXsEil-1f2KGXZqWt_0g5FOPaxQl4Ab7AkKSP74p1wUCtaULqRqQSc-dttIS3WQJFsfOp5YY-9zWYuEWKYTO6Cydx-EhoH1zvexHZlzgUzK0IlbrTNaDapx0QjtEMQ07tEd6gqd0J8JGNvdsU\/s320\/FOTOS+PROVINCIAL+EQUIPOS+SUB-16+2013+007.jpg\" width=\"320\" \/><\/a><\/td>\n<\/tr>\n<tr>\n<td class=\"tr-caption\" style=\"text-align: center\">Nuestros 2 equipos se enfrentan en la 2\u00aa ronda<\/td>\n<\/tr>\n<\/tbody>\n<\/table>\n<div class=\"MsoNormal\" style=\"text-align: justify\">\n<span style=\"font-family: Trebuchet MS, sans-serif\">En lo que se refiere al<br \/>\nprovincial reci\u00e9n jugado, hay que se\u00f1alar la participaci\u00f3n de 14 chicos y<br \/>\nchicas de las escuelas de ajedrez de Alc\u00e1zar y Villafranca, con edades<br \/>\ncomprendidas entre los 11 y los 16 a\u00f1os. A pesar de ser muy pocas las rondas de<br \/>\njuego, solamente 3 al ser 4 el n\u00famero total de participantes, todos tuvieron la<br \/>\noportunidad de sentarse a disputar al menos 1 partida sobre el tablero. Frente<br \/>\na ellos se encontraban otros 2 equipos, representantes de sendos clubes,<br \/>\nformados por una selecci\u00f3n de destacados jugadores castellano-manchegos<br \/>\nprocedentes de muy diversas escuelas de ajedrez. Desde aqu\u00ed queremos felicitar<br \/>\na los jugadores del club clasificado y, en general, a todos los que tuvieron la<br \/>\noportunidad de mostrar sus habilidades ajedrec\u00edsticas dentro de la competici\u00f3n<br \/>\noficial.<\/span><\/div>\n<p><\/p>\n","protected":false},"excerpt":{"rendered":"<p>El equipo de Nuestro Ajedrez en Europa 4 de los jugadores de Nuestro Ajedrez por la Igualdad El equipo sub-16 de Nuestro Ajedrez en Europa ha vuelto a clasificarse para la final regional del Campeonato por Equipos de Castilla-La Mancha. Este era el objetivo principal de esta competici\u00f3n, toda vez que el formado por los [&hellip;]<\/p>\n","protected":false},"author":1,"featured_media":4306,"comment_status":"open","ping_status":"closed","sticky":false,"template":"","format":"standard","meta":{"footnotes":""},"categories":[1],"tags":[],"class_list":["post-4305","post","type-post","status-publish","format-standard","has-post-thumbnail","hentry","category-noticias"],"_links":{"self":[{"href":"https:\/\/www.bfv.cloud\/ajedrezeuropa\/wp-json\/wp\/v2\/posts\/4305","targetHints":{"allow":["GET"]}}],"collection":[{"href":"https:\/\/www.bfv.cloud\/ajedrezeuropa\/wp-json\/wp\/v2\/posts"}],"about":[{"href":"https:\/\/www.bfv.cloud\/ajedrezeuropa\/wp-json\/wp\/v2\/types\/post"}],"author":[{"embeddable":true,"href":"https:\/\/www.bfv.cloud\/ajedrezeuropa\/wp-json\/wp\/v2\/users\/1"}],"replies":[{"embeddable":true,"href":"https:\/\/www.bfv.cloud\/ajedrezeuropa\/wp-json\/wp\/v2\/comments?post=4305"}],"version-history":[{"count":1,"href":"https:\/\/www.bfv.cloud\/ajedrezeuropa\/wp-json\/wp\/v2\/posts\/4305\/revisions"}],"predecessor-version":[{"id":4310,"href":"https:\/\/www.bfv.cloud\/ajedrezeuropa\/wp-json\/wp\/v2\/posts\/4305\/revisions\/4310"}],"wp:featuredmedia":[{"embeddable":true,"href":"https:\/\/www.bfv.cloud\/ajedrezeuropa\/wp-json\/wp\/v2\/media\/4306"}],"wp:attachment":[{"href":"https:\/\/www.bfv.cloud\/ajedrezeuropa\/wp-json\/wp\/v2\/media?parent=4305"}],"wp:term":[{"taxonomy":"category","embeddable":true,"href":"https:\/\/www.bfv.cloud\/ajedrezeuropa\/wp-json\/wp\/v2\/categories?post=4305"},{"taxonomy":"post_tag","embeddable":true,"href":"https:\/\/www.bfv.cloud\/ajedrezeuropa\/wp-json\/wp\/v2\/tags?post=4305"}],"curies":[{"name":"wp","href":"https:\/\/api.w.org\/{rel}","templated":true}]}}