{"id":431,"date":"2018-08-12T17:29:00","date_gmt":"2018-08-12T17:29:00","guid":{"rendered":"https:\/\/www.bfv.cloud\/ajedrezeuropa\/index.php\/2018\/08\/12\/once-anos-de-nuestro-ajedrez-en-europa\/"},"modified":"2025-11-20T10:17:37","modified_gmt":"2025-11-20T10:17:37","slug":"once-anos-de-nuestro-ajedrez-en-europa","status":"publish","type":"post","link":"https:\/\/www.bfv.cloud\/ajedrezeuropa\/once-anos-de-nuestro-ajedrez-en-europa\/","title":{"rendered":"ONCE A\u00d1OS DE NUESTRO AJEDREZ EN EUROPA"},"content":{"rendered":"<table align=\"center\" cellpadding=\"0\" cellspacing=\"0\" class=\"tr-caption-container\" style=\"margin-left: auto;margin-right: auto;text-align: center\">\n<tbody>\n<tr>\n<td style=\"text-align: center\"><a href=\"https:\/\/www.bfv.cloud\/ajedrezeuropa\/wp-content\/uploads\/2018\/08\/CLAUSURAGRUPO.jpg\" style=\"margin-left: auto;margin-right: auto\"><img fetchpriority=\"high\" decoding=\"async\" border=\"0\" data-original-height=\"420\" data-original-width=\"1600\" height=\"168\" src=\"https:\/\/blogger.googleusercontent.com\/img\/b\/R29vZ2xl\/AVvXsEgnuYs6RJvaHqcc-JohS4wPmJmmttC7_6FkrSUVrMl1Yth9AkWzKFCDA1SE7MinygZQAMBj2uBYTLZIEjFWlY1d_Z52ep8PrfBtzmlodScJ-s2PDBZW510kWDAD6c-c6pLJ-qQXjGje1H0\/s640\/CLAUSURA+GRUPO.jpg\" width=\"640\" \/><\/a><\/td>\n<\/tr>\n<tr>\n<td class=\"tr-caption\" style=\"text-align: center\">La entrega de diplomas del campus 2018<\/td>\n<\/tr>\n<\/tbody>\n<\/table>\n<p><span style=\", sans-serif;font-size: large\"><b>Aprovechando la reciente finalizaci\u00f3n del campus de verano, queremos dar a conocer un breve balance de los logros que el proyecto \u00abNuestro Ajedrez en Europa\u00bb ha aportado a lo largo de sus 11 a\u00f1os de existencia. Es muy significativo que transcurrida m\u00e1s de una d\u00e9cada desde el comienzo del proyecto, podamos hablar de aquellos aspectos que lo hacen \u00fanico en Castilla-La Mancha:<\/b><\/span><\/p>\n<table align=\"center\" cellpadding=\"0\" cellspacing=\"0\" class=\"tr-caption-container\" style=\"float: left;margin-right: 1em;text-align: left\">\n<tbody>\n<tr>\n<td style=\"text-align: center\"><a href=\"https:\/\/www.bfv.cloud\/ajedrezeuropa\/wp-content\/uploads\/2018\/08\/COMIENDOJUNTOSENALCAZAR.jpg\" style=\"margin-left: auto;margin-right: auto\"><img decoding=\"async\" border=\"0\" data-original-height=\"683\" data-original-width=\"1117\" height=\"241\" src=\"https:\/\/blogger.googleusercontent.com\/img\/b\/R29vZ2xl\/AVvXsEjifQxEv3ECz8jednepxxnREQcC_W3iw-pT282TGIsNzf9MWxH4KlC8_zsv5c0LiYmuDaSHCsHa9KQT-aT_XXH0BDnpTPwq6wP_DXtPA6k0AX0mv2r31tcGx-NCI_I5gepTXqp9hr6fcH0\/s400\/COMIENDO+JUNTOS+EN+ALCAZAR.jpg\" width=\"400\" \/><\/a><\/td>\n<\/tr>\n<tr>\n<td class=\"tr-caption\" style=\"text-align: center\">El valor de la convivencia y de la amistad (Hotel Intur Alc\u00e1zar 2018)<\/td>\n<\/tr>\n<\/tbody>\n<\/table>\n<p><span style=\", sans-serif;font-size: large\"><b>1\u00ba La amplitud con la que se trabaja el ajedrez en este proyecto desde distintos \u00e1mbitos de actuaci\u00f3n: el educativo, el deportivo o el competitivo, pueden ser 3 referencias distintas y complementarias.&nbsp;<\/b><\/span><\/p>\n<table cellpadding=\"0\" cellspacing=\"0\" class=\"tr-caption-container\" style=\"float: left;margin-right: 1em;text-align: left\">\n<tbody>\n<tr>\n<td style=\"text-align: center\"><a href=\"https:\/\/www.bfv.cloud\/ajedrezeuropa\/wp-content\/uploads\/2018\/08\/CLASEHERMINIO.jpg\" style=\"clear: left;margin-bottom: 1em;margin-left: auto;margin-right: auto\"><img decoding=\"async\" border=\"0\" data-original-height=\"1356\" data-original-width=\"1600\" height=\"338\" src=\"https:\/\/blogger.googleusercontent.com\/img\/b\/R29vZ2xl\/AVvXsEikA-Sp3Xj9FmAE7FmSoPBppQWRWVBWGGssmH7rDGUMGfHTgl1X0L6xMSYNiuPV0ihiKIDl6PSQsm6Q8U_-WHdA_MEZdkr3ZQnzC6sZKlVv5omYuOpQcfiK5UEa81Oo4HPezcTb19PQdyw\/s400\/CLASE+HERMINIO.JPG\" width=\"400\" \/><\/a><\/td>\n<\/tr>\n<tr>\n<td class=\"tr-caption\" style=\"text-align: center\">Ense\u00f1ando desde el ajedrez<br \/>\n(Herminio en clase. Villafranca 2018)<\/td>\n<\/tr>\n<\/tbody>\n<\/table>\n<p><span style=\", sans-serif;font-size: large\"><b><br \/><\/b><\/span><br \/>\n<b style=\"font-family: verdana, sans-serif\"><span style=\"font-size: large\">2\u00ba Las posibilidades formativas y competitivas que permite a los chicos y las chicas que pertenecen a los clubes del proyecto. (participaci\u00f3n en campeonatos nacionales, formaci\u00f3n de alto nivel con nuestros grandes maestros, etc.)<\/span><\/b><br \/>\n<span style=\", sans-serif;font-size: large\"><b>3\u00ba M\u00e1s de 2.800 personas vinculadas a trav\u00e9s de los distintos programas en los que se trabaja, desde mayores a ni\u00f1os y ni\u00f1as de 4 a\u00f1os.<\/b><\/span><br \/>\n<span style=\", sans-serif;font-size: large\"><b>4\u00ba Un proyecto abierto en el que todo el mundo tiene la capacidad de aportar y de colaborar.<\/p>\n<table align=\"center\" cellpadding=\"0\" cellspacing=\"0\" class=\"tr-caption-container\" style=\"margin-left: auto;margin-right: auto;text-align: center\">\n<tbody>\n<tr>\n<td style=\"text-align: center\"><a href=\"https:\/\/www.bfv.cloud\/ajedrezeuropa\/wp-content\/uploads\/2018\/08\/APRENDIENDOCONUBILAVA.jpg\" style=\"margin-left: auto;margin-right: auto\"><img loading=\"lazy\" decoding=\"async\" border=\"0\" data-original-height=\"713\" data-original-width=\"1600\" height=\"284\" src=\"https:\/\/blogger.googleusercontent.com\/img\/b\/R29vZ2xl\/AVvXsEgnj8ZDld1ljOX0Oe2wzd9JwPKEn0kcsHakwU037nwyWoVBchzkRkKHQ5tQEoay1Or3iYNUwBBZ9AR9UGKiITojfbK5HApEO7-kkIPPH2BFOOSmvfECOz2KqMoasvBDB2S-ua0-5OH6X6Q\/s640\/APRENDIENDO+CON+UBILAVA.JPG\" width=\"640\" \/><\/a><\/td>\n<\/tr>\n<tr>\n<td class=\"tr-caption\" style=\"text-align: center\">El aprendizaje a trav\u00e9s del genio y el ingenio de los grandes maestros<\/td>\n<\/tr>\n<\/tbody>\n<\/table>\n<p><\/b><\/span><br \/>\n<span style=\", sans-serif;font-size: large\"><b>5\u00ba La extensi\u00f3n y proyecci\u00f3n de \u00abEl ajedrez en la escuela, una estrategia educativa\u00bb, concede al proyecto global una capacidad de crecimiento muy importante.<\/b><\/span><br \/>\n<span style=\", sans-serif;font-size: large\"><b><br \/><\/b><\/span><br \/>\n<\/p>\n<table align=\"center\" cellpadding=\"0\" cellspacing=\"0\" class=\"tr-caption-container\" style=\"float: right;margin-left: 1em;text-align: right\">\n<tbody>\n<tr>\n<td style=\"text-align: center\"><a href=\"https:\/\/www.bfv.cloud\/ajedrezeuropa\/wp-content\/uploads\/2018\/08\/LOSENTRENADORESSERE25C3259ANENACOMER.jpg\" style=\"margin-left: auto;margin-right: auto\"><img loading=\"lazy\" decoding=\"async\" border=\"0\" data-original-height=\"653\" data-original-width=\"1143\" height=\"227\" src=\"https:\/\/blogger.googleusercontent.com\/img\/b\/R29vZ2xl\/AVvXsEiFwaiF6QdT7o4XJouEq-H7inM6NzjZHAP3omyaKyJrPmwCr0wudIQuxvTAUhvkFctt1WHOTO0dDDiIY04Hu09riEA8dKLJfNWPllYVsM4L6deRERjD4lr0uXxghTsZP4M8mV73-MZE8Ww\/s400\/LOS+ENTRENADORES+SE+RE%25C3%259ANEN+A+COMER.jpg\" width=\"400\" \/><\/a><\/td>\n<\/tr>\n<tr>\n<td class=\"tr-caption\" style=\"text-align: center\">Comiendo entre amigos<br \/>\n(Hotel Intur Alc\u00e1zar 2018)<\/td>\n<\/tr>\n<\/tbody>\n<\/table>\n<p><b style=\"font-family: verdana, sans-serif\"><span style=\"font-size: large\">6\u00ba El car\u00e1cter profundamente social con el que trabajamos el ajedrez desde los colegios a las escuelas deportivas, desde la competici\u00f3n nacional a los torneos de los pueblos. Todo el mundo tiene cabida en este proyecto, siempre que trabaje en beneficio de la sociedad.<\/span><\/b><br \/>\n<span style=\", sans-serif;font-size: large\"><b><\/p>\n<table align=\"center\" cellpadding=\"0\" cellspacing=\"0\" class=\"tr-caption-container\" style=\"float: right;margin-left: 1em;text-align: right\">\n<tbody>\n<tr>\n<td style=\"text-align: center\"><a href=\"https:\/\/www.bfv.cloud\/ajedrezeuropa\/wp-content\/uploads\/2018\/08\/TABLEROPARAINVIDENTES2.jpg\" style=\"margin-left: auto;margin-right: auto\"><img loading=\"lazy\" decoding=\"async\" border=\"0\" data-original-height=\"690\" data-original-width=\"804\" height=\"341\" src=\"https:\/\/blogger.googleusercontent.com\/img\/b\/R29vZ2xl\/AVvXsEjC9iyySLwxynNQLQa5E6hWgC6SzgWY56zxZeLRFQOTH2ePc5MRo-Khn6P0Qps0W0NeAu8dJFfFpBPDP4TzARdQFXOYoqlPeKDXNxeSHWCsaIUWpY0r8vCQBGddWX3DLuffdjLad1pzRpg\/s400\/TABLERO+PARA+INVIDENTES+2.jpg\" width=\"400\" \/><\/a><\/td>\n<\/tr>\n<tr>\n<td class=\"tr-caption\" style=\"text-align: center\">Tablero para invidentes dentro de nuestro proyecto<br \/>\nde ajedrez educativo<\/td>\n<\/tr>\n<\/tbody>\n<\/table>\n<p><\/b><\/span><br \/>\n<span style=\", sans-serif;font-size: large\"><b>Son solo 6 de las decenas de puntos que podr\u00edamos se\u00f1alar, aunque todav\u00eda queda mucho camino por recorrer y grandes retos por los que seguir trabajando.<\/b><\/span><\/p>\n","protected":false},"excerpt":{"rendered":"<p>La entrega de diplomas del campus 2018 Aprovechando la reciente finalizaci\u00f3n del campus de verano, queremos dar a conocer un breve balance de los logros que el proyecto \u00abNuestro Ajedrez en Europa\u00bb ha aportado a lo largo de sus 11 a\u00f1os de existencia. Es muy significativo que transcurrida m\u00e1s de una d\u00e9cada desde el comienzo [&hellip;]<\/p>\n","protected":false},"author":1,"featured_media":432,"comment_status":"open","ping_status":"closed","sticky":false,"template":"","format":"standard","meta":{"footnotes":""},"categories":[1],"tags":[],"class_list":["post-431","post","type-post","status-publish","format-standard","has-post-thumbnail","hentry","category-noticias"],"_links":{"self":[{"href":"https:\/\/www.bfv.cloud\/ajedrezeuropa\/wp-json\/wp\/v2\/posts\/431","targetHints":{"allow":["GET"]}}],"collection":[{"href":"https:\/\/www.bfv.cloud\/ajedrezeuropa\/wp-json\/wp\/v2\/posts"}],"about":[{"href":"https:\/\/www.bfv.cloud\/ajedrezeuropa\/wp-json\/wp\/v2\/types\/post"}],"author":[{"embeddable":true,"href":"https:\/\/www.bfv.cloud\/ajedrezeuropa\/wp-json\/wp\/v2\/users\/1"}],"replies":[{"embeddable":true,"href":"https:\/\/www.bfv.cloud\/ajedrezeuropa\/wp-json\/wp\/v2\/comments?post=431"}],"version-history":[{"count":1,"href":"https:\/\/www.bfv.cloud\/ajedrezeuropa\/wp-json\/wp\/v2\/posts\/431\/revisions"}],"predecessor-version":[{"id":438,"href":"https:\/\/www.bfv.cloud\/ajedrezeuropa\/wp-json\/wp\/v2\/posts\/431\/revisions\/438"}],"wp:featuredmedia":[{"embeddable":true,"href":"https:\/\/www.bfv.cloud\/ajedrezeuropa\/wp-json\/wp\/v2\/media\/432"}],"wp:attachment":[{"href":"https:\/\/www.bfv.cloud\/ajedrezeuropa\/wp-json\/wp\/v2\/media?parent=431"}],"wp:term":[{"taxonomy":"category","embeddable":true,"href":"https:\/\/www.bfv.cloud\/ajedrezeuropa\/wp-json\/wp\/v2\/categories?post=431"},{"taxonomy":"post_tag","embeddable":true,"href":"https:\/\/www.bfv.cloud\/ajedrezeuropa\/wp-json\/wp\/v2\/tags?post=431"}],"curies":[{"name":"wp","href":"https:\/\/api.w.org\/{rel}","templated":true}]}}