{"id":4311,"date":"2023-07-06T10:17:00","date_gmt":"2023-07-06T10:17:00","guid":{"rendered":"https:\/\/www.bfv.cloud\/ajedrezeuropa\/index.php\/2023\/07\/06\/ii-torneo-ferias-de-san-nicasio-en-camunas\/"},"modified":"2025-11-20T11:15:39","modified_gmt":"2025-11-20T11:15:39","slug":"ii-torneo-ferias-de-san-nicasio-en-camunas","status":"publish","type":"post","link":"https:\/\/www.bfv.cloud\/ajedrezeuropa\/ii-torneo-ferias-de-san-nicasio-en-camunas\/","title":{"rendered":"II TORNEO FERIAS DE SAN NICASIO EN CAMU\u00d1AS"},"content":{"rendered":"<p>&nbsp;<\/p>\n<div class=\"separator\" style=\"clear: both;text-align: center\"><a href=\"https:\/\/www.bfv.cloud\/ajedrezeuropa\/wp-content\/uploads\/2023\/07\/CARTEL20II20TORNEO20FIESTAS20SAN20NICASIO.jpeg\" style=\"margin-left: 1em;margin-right: 1em\"><img fetchpriority=\"high\" decoding=\"async\" border=\"0\" data-original-height=\"1600\" data-original-width=\"1131\" height=\"640\" src=\"https:\/\/blogger.googleusercontent.com\/img\/b\/R29vZ2xl\/AVvXsEhsw1NkMXIRhmO_MaPseOyngOtQtxwDAG1AVS_QOczcd6Jc8vEL_MmcmJAuAkqMDIeNbUL6-sb6VvrkHKfHV8jTwekywCPMFwYni7BE1kDghyUoeCKYPlA5k6gzo6JHOVDm-GOaCcG0BLW8jrOzrOw5zrluLN5_RxlzhXHIV50Eqe3PyS8Nus3SqtGuHsI\/w452-h640\/CARTEL%20II%20TORNEO%20FIESTAS%20SAN%20NICASIO.jpeg\" width=\"452\" \/><\/a><\/div>\n<p><\/p>\n<p><span style=\"font-size: large\">El ayuntamiento de Camu\u00f1as junto a la escuela de ajedrez organizan la 2\u00aa edici\u00f3n del Torneo de Ferias de San Nicasio el s\u00e1bado, d\u00eda 29 de julio, en el Almac\u00e9n del Trigo. Las inscripciones est\u00e1n abiertas hasta el 27 de julio, aunque deb\u00e9is tener en cuenta que el n\u00famero m\u00e1ximo de participantes es de 40 personas, por orden de inscripci\u00f3n.<\/span><\/p>\n<p><span style=\"font-size: large\">Toda la informaci\u00f3n sobre el torneo pod\u00e9is consultarla en las bases que publicamos:<\/span><\/p>\n<\/p>\n<div class=\"separator\" style=\"clear: both;text-align: center\"><a href=\"https:\/\/www.bfv.cloud\/ajedrezeuropa\/wp-content\/uploads\/2023\/07\/BASES20II20TORNEO20SAN20NICASIO201.jpg\" style=\"margin-left: 1em;margin-right: 1em\"><img decoding=\"async\" border=\"0\" data-original-height=\"1600\" data-original-width=\"1131\" height=\"640\" src=\"https:\/\/blogger.googleusercontent.com\/img\/b\/R29vZ2xl\/AVvXsEhSPwq46TSj3KwU4E3OL95Di0LXccNmw9sHgwh9Txe0v7uFTKLxoiSz6CdQDyrCOHuWavIShIsy3NjvDyuWkOtxmQt8n5jsHeUnMlyrS0vstgYnuhEhuHNwLsL8qPa4mE-wbMBfXOB8JQltaheGhHBEq_nVnp9cVpJ90QphFkdufA37zJQVfgTHlQc1_bI\/w452-h640\/BASES%20II%20TORNEO%20SAN%20NICASIO%201.jpg\" width=\"452\" \/><\/a><\/div>\n<\/p>\n<div class=\"separator\" style=\"clear: both;text-align: center\"><a href=\"https:\/\/www.bfv.cloud\/ajedrezeuropa\/wp-content\/uploads\/2023\/07\/BASES20II20TORNEO20SAN20NICASIO202.jpg\" style=\"margin-left: 1em;margin-right: 1em\"><img decoding=\"async\" border=\"0\" data-original-height=\"1600\" data-original-width=\"1131\" height=\"640\" src=\"https:\/\/blogger.googleusercontent.com\/img\/b\/R29vZ2xl\/AVvXsEgHpHD9W-YoqcyfCD1VuQAbtlH1foNkGZ7_2RDwC_is9-sGbGxlCJe5EupSdHdnx6qw09xzODeAEESBbw4Dzrr_tDFrZaNtSevJ7XCqhqtdJXYDWgJ8hiuL_U-WiPRCHRS2M4x8QsdSa3LJRVA1Rb_52ZsC5iZVZc9diuOn7dlIgTJfcYN2g9-aM1A3IAs\/w452-h640\/BASES%20II%20TORNEO%20SAN%20NICASIO%202.jpg\" width=\"452\" \/><\/a><\/div>\n<p><\/p>\n","protected":false},"excerpt":{"rendered":"<p>&nbsp; El ayuntamiento de Camu\u00f1as junto a la escuela de ajedrez organizan la 2\u00aa edici\u00f3n del Torneo de Ferias de San Nicasio el s\u00e1bado, d\u00eda 29 de julio, en el Almac\u00e9n del Trigo. Las inscripciones est\u00e1n abiertas hasta el 27 de julio, aunque deb\u00e9is tener en cuenta que el n\u00famero m\u00e1ximo de participantes es de [&hellip;]<\/p>\n","protected":false},"author":1,"featured_media":4312,"comment_status":"open","ping_status":"closed","sticky":false,"template":"","format":"standard","meta":{"footnotes":""},"categories":[1],"tags":[],"class_list":["post-4311","post","type-post","status-publish","format-standard","has-post-thumbnail","hentry","category-noticias"],"_links":{"self":[{"href":"https:\/\/www.bfv.cloud\/ajedrezeuropa\/wp-json\/wp\/v2\/posts\/4311","targetHints":{"allow":["GET"]}}],"collection":[{"href":"https:\/\/www.bfv.cloud\/ajedrezeuropa\/wp-json\/wp\/v2\/posts"}],"about":[{"href":"https:\/\/www.bfv.cloud\/ajedrezeuropa\/wp-json\/wp\/v2\/types\/post"}],"author":[{"embeddable":true,"href":"https:\/\/www.bfv.cloud\/ajedrezeuropa\/wp-json\/wp\/v2\/users\/1"}],"replies":[{"embeddable":true,"href":"https:\/\/www.bfv.cloud\/ajedrezeuropa\/wp-json\/wp\/v2\/comments?post=4311"}],"version-history":[{"count":1,"href":"https:\/\/www.bfv.cloud\/ajedrezeuropa\/wp-json\/wp\/v2\/posts\/4311\/revisions"}],"predecessor-version":[{"id":4315,"href":"https:\/\/www.bfv.cloud\/ajedrezeuropa\/wp-json\/wp\/v2\/posts\/4311\/revisions\/4315"}],"wp:featuredmedia":[{"embeddable":true,"href":"https:\/\/www.bfv.cloud\/ajedrezeuropa\/wp-json\/wp\/v2\/media\/4312"}],"wp:attachment":[{"href":"https:\/\/www.bfv.cloud\/ajedrezeuropa\/wp-json\/wp\/v2\/media?parent=4311"}],"wp:term":[{"taxonomy":"category","embeddable":true,"href":"https:\/\/www.bfv.cloud\/ajedrezeuropa\/wp-json\/wp\/v2\/categories?post=4311"},{"taxonomy":"post_tag","embeddable":true,"href":"https:\/\/www.bfv.cloud\/ajedrezeuropa\/wp-json\/wp\/v2\/tags?post=4311"}],"curies":[{"name":"wp","href":"https:\/\/api.w.org\/{rel}","templated":true}]}}