{"id":4316,"date":"2016-06-20T13:31:00","date_gmt":"2016-06-20T13:31:00","guid":{"rendered":"https:\/\/www.bfv.cloud\/ajedrezeuropa\/index.php\/2016\/06\/20\/el-proyecto-de-iniciacion-al-ajedrez-en-la-escuela-finaliza-por-este-curso\/"},"modified":"2025-11-20T11:15:46","modified_gmt":"2025-11-20T11:15:46","slug":"el-proyecto-de-iniciacion-al-ajedrez-en-la-escuela-finaliza-por-este-curso","status":"publish","type":"post","link":"https:\/\/www.bfv.cloud\/ajedrezeuropa\/el-proyecto-de-iniciacion-al-ajedrez-en-la-escuela-finaliza-por-este-curso\/","title":{"rendered":"EL PROYECTO DE \u00abINICIACI\u00d3N AL AJEDREZ EN LA ESCUELA\u00bb FINALIZA POR ESTE CURSO"},"content":{"rendered":"<div class=\"separator\" style=\"clear: both;text-align: center\">\n<a href=\"https:\/\/www.bfv.cloud\/ajedrezeuropa\/wp-content\/uploads\/2016\/06\/IMG-20160428-WA014.jpg\" style=\"margin-left: 1em;margin-right: 1em\"><img fetchpriority=\"high\" decoding=\"async\" border=\"0\" height=\"360\" src=\"https:\/\/blogger.googleusercontent.com\/img\/b\/R29vZ2xl\/AVvXsEidLsVR8n_HAj-qbUpf4Gu5VdwawaEhJm3nAi1B5ZLLi0WX_T7CQFeQ68JIvpMcNAfStV33YLoEXXdktuXPWFmaE6CG1CYNMFKr4v3aVmthLXvPcWJJ0M8Dfjz4e97Fhlkh2APIUu_wr8k\/s640\/IMG-20160428-WA014.jpg\" width=\"640\" \/><\/a><\/div>\n<p><\/p>\n<table cellpadding=\"0\" cellspacing=\"0\" class=\"tr-caption-container\" style=\"float: right;margin-left: 1em;text-align: right\">\n<tbody>\n<tr>\n<td style=\"text-align: center\"><a href=\"https:\/\/www.bfv.cloud\/ajedrezeuropa\/wp-content\/uploads\/2016\/06\/IMG-20160511-WA014.jpg\" style=\"clear: right;margin-bottom: 1em;margin-left: auto;margin-right: auto\"><img decoding=\"async\" border=\"0\" height=\"240\" src=\"https:\/\/blogger.googleusercontent.com\/img\/b\/R29vZ2xl\/AVvXsEjZfqmYJ91HpU6C5MPHTWZ-VAWSjUhR2YuiMuUdnWjbbZk5R4tOGrG0g6ClO-cnpF-EWy1Fp0njQ8bZbx7rZ9HK7BLTaqFzv5HkxF94WHDTUIGFsDJAgbvtp2K2fxVx1R9W-sqf21TJEpQ\/s400\/IMG-20160511-WA014.jpg\" width=\"400\" \/><\/a><\/td>\n<\/tr>\n<tr>\n<td class=\"tr-caption\" style=\"text-align: center\">El colegio Fernando Mart\u00edn de Mora<\/td>\n<\/tr>\n<\/tbody>\n<\/table>\n<div class=\"separator\" style=\"margin: 0cm 0cm 0.0001pt;text-align: justify\">\n<b><span style=\"font-family: Arial, sans-serif;font-size: 13.5pt\">La semana pasada finaliz\u00f3 el programa de \u201cINICIACI\u00d3N AL AJEDREZ EN<br \/>\nLA ESCUELA\u201d desarrollado en 7 centros de ense\u00f1anza de la provincia de Toledo<br \/>\ngracias a la colaboraci\u00f3n de la Direcci\u00f3n General de Deportes de la Junta de<br \/>\nCastilla-La Mancha con nuestro proyecto. <\/span><\/b><\/div>\n<div class=\"separator\" style=\"margin: 0cm 0cm 0.0001pt;text-align: justify\">\n<b><span style=\"font-family: Arial, sans-serif;font-size: 13.5pt\">Con esta actividad formativa se ha llegado a m\u00e1s de 250 alumnos y<br \/>\nalumnas de entre 7 y 14 a\u00f1os de edad. La ayuda e implicaci\u00f3n de m\u00e1s de 12<br \/>\nprofesores y de los respectivos equipos directivos de los 6 colegios de<br \/>\nense\u00f1anza primaria y del instituto de secundaria donde se ha implantado este<br \/>\nprograma ha sido encomiable, facilitando el trabajo de nuestros 4 monitores<br \/>\n(Mart\u00edn Sanz, Daniel P\u00edriz, Francisco Perea y Luismi Monreal) y convirtiendo la<br \/>\nexperiencia en todo un \u00e9xito.<\/span><\/b><\/div>\n<div class=\"separator\" style=\"clear: both;text-align: center\">\n<a href=\"https:\/\/www.bfv.cloud\/ajedrezeuropa\/wp-content\/uploads\/2016\/06\/DSC03025.jpg\" style=\"clear: right;float: right;margin-bottom: 1em;margin-left: 1em\"><img decoding=\"async\" border=\"0\" height=\"266\" src=\"https:\/\/blogger.googleusercontent.com\/img\/b\/R29vZ2xl\/AVvXsEgNV5XooNyBm4lD7fFH1nu1oWPo1lQv-FES85nGCSJhg0zU8Dw7wvjL7FhQYFiqdHPI94bkM3Plo17URue7h7HtvQx5Ur00ps-oNEBy8tX2zlIc5dzqdlAyxy58y06wt58x3JpoiVvz80M\/s400\/DSC03025.jpg\" width=\"400\" \/><\/a><\/div>\n<p>&nbsp;<b style=\"text-align: justify\"><span style=\"font-family: Arial, sans-serif;font-size: 13.5pt\">Este nuevo encuentro entre el mundo de la educaci\u00f3n y el del<br \/>\najedrez ha puesto de manifiesto las grandes posibilidades del \u201cm\u00e9todo<br \/>\ntransversal\u201d, adaptado y formulado a la realidad formativa de Castilla-La<br \/>\nMancha. De esta manera se han podido introducir las ense\u00f1anzas b\u00e1sicas del<br \/>\ncurso en materias como: matem\u00e1ticas, lengua, sociales, ingl\u00e9s, m\u00fasica y<br \/>\neducaci\u00f3n f\u00edsica. Otro de los elementos destacados sobre el que tambi\u00e9n se ha<br \/>\ntrabajado ha sido el de la atenci\u00f3n a las necesidades de grupos especiales, implementando<br \/>\nactividades espec\u00edficas para el alumnado diagnosticado de Trastorno del<br \/>\nEspectro Autista (TEA) y Trastorno por D\u00e9ficit de Atenci\u00f3n e Hiperactividad<br \/>\n(TDAH).<\/span><\/b><\/p>\n<div class=\"separator\" style=\"margin: 0cm 0cm 0.0001pt;text-align: justify\">\n<a href=\"https:\/\/www.bfv.cloud\/ajedrezeuropa\/wp-content\/uploads\/2016\/06\/DSC03022.jpg\" style=\"clear: left;float: left;margin-bottom: 1em;margin-right: 1em\"><img loading=\"lazy\" decoding=\"async\" border=\"0\" height=\"266\" src=\"https:\/\/blogger.googleusercontent.com\/img\/b\/R29vZ2xl\/AVvXsEj0M6O9nTgHILj8GdiI_1GQSb4sGqNa8IueQnYkuOjxMAM5LwA-WL7WGRi3Q7Mgb8ishYDroBv_CbERoC-9PspvjHpnC1b6FatPCrdMU1V3aWPKmiwTVBEa8udYMt4SQ08Xw9tavS2ofpM\/s400\/DSC03022.jpg\" width=\"400\" \/><\/a><b><\/b><\/div>\n<div style=\"text-align: left\">\n<b><b><span style=\"font-family: Arial, sans-serif;font-size: 13.5pt\">El programa se ha pilotado en las distintas \u00e1reas educativas en<br \/>\ncoordinaci\u00f3n con el profesorado y los equipos directivos de los siguientes<br \/>\ncolegios de primaria (CEIP): TIRSO DE MOLINA de Arg\u00e9s, CIUDAD DE AQUISGR\u00c1N de<br \/>\nToledo, LA FUENTE de Nambroca, MIGUEL DE CERVANTES de Arg\u00e9s, FERNANDO MART\u00cdN de<br \/>\nMora y MIGUEL DE CERVANTES de Villafranca de los Caballeros.<\/span><\/b><a href=\"https:\/\/www.bfv.cloud\/ajedrezeuropa\/wp-content\/uploads\/2016\/06\/IMG-20160428-WA008.jpg\" style=\"margin-left: 1em;margin-right: 1em\"><img loading=\"lazy\" decoding=\"async\" border=\"0\" height=\"180\" src=\"https:\/\/blogger.googleusercontent.com\/img\/b\/R29vZ2xl\/AVvXsEgzlYIHP8Zh7wVoQ5JvyaCB0qj0WFlBfbMzhIRPMCpc6kIU_UYDr0fL-IDYLYwhQVeMEoQPVP8vjLeqVPa2ny_fSywcdkAqzD2SvEOSjd6blwcOGitizg3gghHkvQrwq2VeVZaquvtK2rU\/s640\/IMG-20160428-WA008.jpg\" width=\"640\" \/><\/a><\/b><\/div>\n<p><\/p>\n<div class=\"separator\" style=\"margin: 0cm 0cm 0.0001pt;text-align: justify\">\n<b><span style=\"font-family: Arial, sans-serif;font-size: 13.5pt\">Dentro de la ense\u00f1anza secundaria se ha incluido al IESO PRINCESA<br \/>\nGALIANA de Toledo, de acuerdo con los objetivos del proyecto: \u201cEL AJEDREZ EN LA<br \/>\nESCUELA\u201d.<\/span><\/b><\/div>\n<div class=\"separator\" style=\"margin: 0cm 0cm 0.0001pt;text-align: justify\">\n<b><span style=\"font-family: Arial, sans-serif;font-size: 13.5pt\">Para contrastar y mejorar las aplicaciones y utilidades del<br \/>\nconjunto de actividades que se han puesto en marcha, se ha recogido un informe<br \/>\nde evaluaci\u00f3n y sugerencias de los responsables de los centros educativos.<br \/>\nEstos informes individualizados formar\u00e1n parte del estudio final con el que se<br \/>\ncierra el programa en este curso.<\/span><\/b><\/div>\n<p><\/p>\n<div class=\"separator\" style=\"margin: 0cm 0cm 0.0001pt;text-align: justify\">\n<b><span style=\"font-family: Arial, sans-serif;font-size: 13.5pt\">Desde NUESTRO AJEDREZ EN EUROPA queremos agradecer el trabajo y<br \/>\ndedicaci\u00f3n de todas las personas e instituciones que han colaborado con<br \/>\nnosotros. &nbsp;<\/span><\/b><\/div>\n<table cellpadding=\"0\" cellspacing=\"0\" class=\"tr-caption-container\" style=\"margin-left: auto;margin-right: auto;text-align: center\">\n<tbody>\n<tr>\n<td style=\"text-align: center\"><a href=\"https:\/\/www.bfv.cloud\/ajedrezeuropa\/wp-content\/uploads\/2016\/06\/IMG-20160503-WA000.jpg\" style=\"clear: left;margin-bottom: 1em;margin-left: auto;margin-right: auto\"><img loading=\"lazy\" decoding=\"async\" border=\"0\" height=\"640\" src=\"https:\/\/blogger.googleusercontent.com\/img\/b\/R29vZ2xl\/AVvXsEj8sAGr-aESfmkuBqA6QFHOLISiNIITDsOkS3lkHXHXj0a4gEFV-sjPUtt4WL-ZPyugLUl653VMJ5ub8zHaLKuVRMGRk581olLpFh2RB2Uiht5Bj6rZ9cLMmf2wnmIWF0MyvqJaatikneY\/s640\/IMG-20160503-WA000.jpg\" width=\"460\" \/><\/a><\/td>\n<\/tr>\n<tr>\n<td class=\"tr-caption\" style=\"text-align: center\">Un reloj con el valor de las piezas de ajedrez<br \/>\nconfeccionado por los propios alumnos<\/td>\n<\/tr>\n<\/tbody>\n<\/table>\n<p><\/p>\n","protected":false},"excerpt":{"rendered":"<p>El colegio Fernando Mart\u00edn de Mora La semana pasada finaliz\u00f3 el programa de \u201cINICIACI\u00d3N AL AJEDREZ EN LA ESCUELA\u201d desarrollado en 7 centros de ense\u00f1anza de la provincia de Toledo gracias a la colaboraci\u00f3n de la Direcci\u00f3n General de Deportes de la Junta de Castilla-La Mancha con nuestro proyecto. Con esta actividad formativa se ha [&hellip;]<\/p>\n","protected":false},"author":1,"featured_media":4317,"comment_status":"open","ping_status":"closed","sticky":false,"template":"","format":"standard","meta":{"footnotes":""},"categories":[1],"tags":[],"class_list":["post-4316","post","type-post","status-publish","format-standard","has-post-thumbnail","hentry","category-noticias"],"_links":{"self":[{"href":"https:\/\/www.bfv.cloud\/ajedrezeuropa\/wp-json\/wp\/v2\/posts\/4316","targetHints":{"allow":["GET"]}}],"collection":[{"href":"https:\/\/www.bfv.cloud\/ajedrezeuropa\/wp-json\/wp\/v2\/posts"}],"about":[{"href":"https:\/\/www.bfv.cloud\/ajedrezeuropa\/wp-json\/wp\/v2\/types\/post"}],"author":[{"embeddable":true,"href":"https:\/\/www.bfv.cloud\/ajedrezeuropa\/wp-json\/wp\/v2\/users\/1"}],"replies":[{"embeddable":true,"href":"https:\/\/www.bfv.cloud\/ajedrezeuropa\/wp-json\/wp\/v2\/comments?post=4316"}],"version-history":[{"count":1,"href":"https:\/\/www.bfv.cloud\/ajedrezeuropa\/wp-json\/wp\/v2\/posts\/4316\/revisions"}],"predecessor-version":[{"id":4323,"href":"https:\/\/www.bfv.cloud\/ajedrezeuropa\/wp-json\/wp\/v2\/posts\/4316\/revisions\/4323"}],"wp:featuredmedia":[{"embeddable":true,"href":"https:\/\/www.bfv.cloud\/ajedrezeuropa\/wp-json\/wp\/v2\/media\/4317"}],"wp:attachment":[{"href":"https:\/\/www.bfv.cloud\/ajedrezeuropa\/wp-json\/wp\/v2\/media?parent=4316"}],"wp:term":[{"taxonomy":"category","embeddable":true,"href":"https:\/\/www.bfv.cloud\/ajedrezeuropa\/wp-json\/wp\/v2\/categories?post=4316"},{"taxonomy":"post_tag","embeddable":true,"href":"https:\/\/www.bfv.cloud\/ajedrezeuropa\/wp-json\/wp\/v2\/tags?post=4316"}],"curies":[{"name":"wp","href":"https:\/\/api.w.org\/{rel}","templated":true}]}}