{"id":4324,"date":"2014-02-27T21:51:00","date_gmt":"2014-02-27T21:51:00","guid":{"rendered":"https:\/\/www.bfv.cloud\/ajedrezeuropa\/index.php\/2014\/02\/27\/ii-torneo-de-ajedrez-de-las-fiestas-del-milagro-en-illescas\/"},"modified":"2025-11-20T11:15:47","modified_gmt":"2025-11-20T11:15:47","slug":"ii-torneo-de-ajedrez-de-las-fiestas-del-milagro-en-illescas","status":"publish","type":"post","link":"https:\/\/www.bfv.cloud\/ajedrezeuropa\/ii-torneo-de-ajedrez-de-las-fiestas-del-milagro-en-illescas\/","title":{"rendered":"II TORNEO DE AJEDREZ DE LAS FIESTAS DEL MILAGRO EN ILLESCAS"},"content":{"rendered":"<div class=\"separator\" style=\"clear: both;text-align: center\">\n<a href=\"https:\/\/www.bfv.cloud\/ajedrezeuropa\/wp-content\/uploads\/2014\/02\/TORNEO_DE_ILLESCAS.jpeg\" style=\"clear: left;float: left;margin-bottom: 1em;margin-right: 1em\"><img fetchpriority=\"high\" decoding=\"async\" border=\"0\" src=\"https:\/\/www.bfv.cloud\/ajedrezeuropa\/wp-content\/uploads\/2014\/02\/TORNEO_DE_ILLESCAS.jpeg\" height=\"640\" width=\"452\" \/><\/a><\/div>\n<p><span style=\"font-family: Trebuchet MS, sans-serif\"><br \/><\/span><br \/>\n<span style=\"font-family: Trebuchet MS, sans-serif\"><br \/><\/span><br \/>\n<span style=\"background-color: #ffd966;font-family: Trebuchet MS, sans-serif\">El ayuntamiento de Illescas, junto a su escuela de ajedrez, vuelven a organizar el torneo de ajedrez de las \u00abFiestas del Milagro\u00bb. El s\u00e1bado 15 de marzo, a las 4 y media de la tarde en el Espacio de Creaci\u00f3n Joven, es la cita con la segunda edici\u00f3n de este torneo promovido por el monitor de la escuela de Illescas, Daniel P\u00edriz. Habr\u00e1 premios para los 2 primeros clasificados en las categor\u00edas absoluta, sub-16, sub-12 y sub-10, y tambi\u00e9n para los campeones locales de cada una de ellas.<\/span><br \/>\n<span style=\"background-color: #ffd966;font-family: Trebuchet MS, sans-serif\">\u00a1\u00a1Os animamos a participar!!<\/span><\/p>\n","protected":false},"excerpt":{"rendered":"<p>El ayuntamiento de Illescas, junto a su escuela de ajedrez, vuelven a organizar el torneo de ajedrez de las \u00abFiestas del Milagro\u00bb. El s\u00e1bado 15 de marzo, a las 4 y media de la tarde en el Espacio de Creaci\u00f3n Joven, es la cita con la segunda edici\u00f3n de este torneo promovido por el monitor [&hellip;]<\/p>\n","protected":false},"author":1,"featured_media":4325,"comment_status":"open","ping_status":"closed","sticky":false,"template":"","format":"standard","meta":{"footnotes":""},"categories":[1],"tags":[],"class_list":["post-4324","post","type-post","status-publish","format-standard","has-post-thumbnail","hentry","category-noticias"],"_links":{"self":[{"href":"https:\/\/www.bfv.cloud\/ajedrezeuropa\/wp-json\/wp\/v2\/posts\/4324","targetHints":{"allow":["GET"]}}],"collection":[{"href":"https:\/\/www.bfv.cloud\/ajedrezeuropa\/wp-json\/wp\/v2\/posts"}],"about":[{"href":"https:\/\/www.bfv.cloud\/ajedrezeuropa\/wp-json\/wp\/v2\/types\/post"}],"author":[{"embeddable":true,"href":"https:\/\/www.bfv.cloud\/ajedrezeuropa\/wp-json\/wp\/v2\/users\/1"}],"replies":[{"embeddable":true,"href":"https:\/\/www.bfv.cloud\/ajedrezeuropa\/wp-json\/wp\/v2\/comments?post=4324"}],"version-history":[{"count":1,"href":"https:\/\/www.bfv.cloud\/ajedrezeuropa\/wp-json\/wp\/v2\/posts\/4324\/revisions"}],"predecessor-version":[{"id":4326,"href":"https:\/\/www.bfv.cloud\/ajedrezeuropa\/wp-json\/wp\/v2\/posts\/4324\/revisions\/4326"}],"wp:featuredmedia":[{"embeddable":true,"href":"https:\/\/www.bfv.cloud\/ajedrezeuropa\/wp-json\/wp\/v2\/media\/4325"}],"wp:attachment":[{"href":"https:\/\/www.bfv.cloud\/ajedrezeuropa\/wp-json\/wp\/v2\/media?parent=4324"}],"wp:term":[{"taxonomy":"category","embeddable":true,"href":"https:\/\/www.bfv.cloud\/ajedrezeuropa\/wp-json\/wp\/v2\/categories?post=4324"},{"taxonomy":"post_tag","embeddable":true,"href":"https:\/\/www.bfv.cloud\/ajedrezeuropa\/wp-json\/wp\/v2\/tags?post=4324"}],"curies":[{"name":"wp","href":"https:\/\/api.w.org\/{rel}","templated":true}]}}