{"id":4335,"date":"2015-07-26T17:35:00","date_gmt":"2015-07-26T17:35:00","guid":{"rendered":"https:\/\/www.bfv.cloud\/ajedrezeuropa\/index.php\/2015\/07\/26\/javier-valdepenas-en-el-campeonato-de-espana-sub-16\/"},"modified":"2025-11-20T11:15:56","modified_gmt":"2025-11-20T11:15:56","slug":"javier-valdepenas-en-el-campeonato-de-espana-sub-16","status":"publish","type":"post","link":"https:\/\/www.bfv.cloud\/ajedrezeuropa\/javier-valdepenas-en-el-campeonato-de-espana-sub-16\/","title":{"rendered":"JAVIER VALDEPE\u00d1AS EN EL CAMPEONATO DE ESPA\u00d1A SUB-16"},"content":{"rendered":"<table cellpadding=\"0\" cellspacing=\"0\" class=\"tr-caption-container\" style=\"float: right;margin-left: 1em;text-align: right\">\n<tbody>\n<tr>\n<td style=\"text-align: center\"><a href=\"https:\/\/www.bfv.cloud\/ajedrezeuropa\/wp-content\/uploads\/2015\/07\/IMG-20150725-WA000.jpg\" style=\"clear: right;margin-bottom: 1em;margin-left: auto;margin-right: auto\"><img fetchpriority=\"high\" decoding=\"async\" border=\"0\" height=\"188\" src=\"https:\/\/blogger.googleusercontent.com\/img\/b\/R29vZ2xl\/AVvXsEiaOnMLrNe2lfuZgBVDdMCT-vg2sZHggEUWmaxhhOAOCSAIUl-d9p4AzrAAEwlXh1CauqP22VdWpMrtJ4iOew8htJzf5Y3jWvEV5inOfp2sftdpWysZ_5QKqc3B5rWkTJHumK-Bt3YcxMg\/s400\/IMG-20150725-WA000.jpg\" width=\"400\" \/><\/a><\/td>\n<\/tr>\n<tr>\n<td class=\"tr-caption\" style=\"text-align: center\">En la sala de juego, Javier Valdepe\u00f1as, durante una de sus partidas<\/td>\n<\/tr>\n<\/tbody>\n<\/table>\n<p>&nbsp;<span style=\"font-family: Trebuchet MS, sans-serif\"><b>Javier Valdepe\u00f1as Octavio, ha sumado 4 puntos en el Campeonato de Espa\u00f1a sub-16 disputado a lo largo de esta semana en el hotel Best Western de Salobre\u00f1a. Despu\u00e9s de dos rondas iniciales donde no pudo realizar su juego habitual, el resto del torneo ha estado luchando por llevarse las partidas, quedando finalmente con 2 victorias, 4 tablas y 3 perdidas.<\/b><\/span><\/p>\n<table cellpadding=\"0\" cellspacing=\"0\" class=\"tr-caption-container\" style=\"float: left;margin-right: 1em;text-align: left\">\n<tbody>\n<tr>\n<td style=\"text-align: center\"><a href=\"https:\/\/www.bfv.cloud\/ajedrezeuropa\/wp-content\/uploads\/2015\/07\/IMG-20150723-WA000.jpg\" style=\"clear: left;margin-bottom: 1em;margin-left: auto;margin-right: auto\"><img decoding=\"async\" border=\"0\" height=\"178\" src=\"https:\/\/blogger.googleusercontent.com\/img\/b\/R29vZ2xl\/AVvXsEhRU-7ohHAiDVwWseQ8XSesoltQ_cCj2DGGF34BEkDydH_VlOAsK4DqzEtBCWCEK11i6np0obrT_R9lYzGQhmzCAGzQNZLob0ICiZWms-BDpb6upaPUt5gTMnM0NhoBkbvRhZBCws2hKTE\/s400\/IMG-20150723-WA000.jpg\" width=\"400\" \/><\/a><\/td>\n<\/tr>\n<tr>\n<td class=\"tr-caption\" style=\"text-align: center\">El sub-16 ha sido una de las categor\u00edas con mayor participaci\u00f3n<\/td>\n<\/tr>\n<\/tbody>\n<\/table>\n<p><span style=\"font-family: Trebuchet MS, sans-serif\"><b>Como hemos venido repitiendo en cada una de las categor\u00edas nacionales en las que hemos tenido jugadores de nuestras escuelas y clubes, el m\u00e1ximo inter\u00e9s de la participaci\u00f3n est\u00e1 en seguir trabajando y mejorando los fundamentos t\u00e9cnicos y, por supuesto, en adquirir m\u00e1s experiencia en campeonatos de un gran nivel, aprovechando la presencia de otros chicos y chicas de toda Espa\u00f1a de la misma edad. \u00a1\u00a1Enhorabuena a Javier por todas esas horas de dura lucha en el tablero!!<\/b><\/span><\/p>\n<h3>\n<span style=\"font-family: Trebuchet MS, sans-serif\"><b>Isaac Lozano en el Campeonato de Espa\u00f1a sub-18<\/b><\/span><\/h3>\n<div>\n<span style=\"font-family: Trebuchet MS, sans-serif\"><b>A partir de ma\u00f1ana lunes se jugar\u00e1 el nacional sub-18, con la presencia de Isaac Lozano Osorio, uno de los integrantes del equipo absoluto de NUESTRO AJEDREZ EN EUROPA actual campe\u00f3n de la provincia de Toledo. Le deseamos un buen campeonato.<\/b><\/span><\/div>\n","protected":false},"excerpt":{"rendered":"<p>En la sala de juego, Javier Valdepe\u00f1as, durante una de sus partidas &nbsp;Javier Valdepe\u00f1as Octavio, ha sumado 4 puntos en el Campeonato de Espa\u00f1a sub-16 disputado a lo largo de esta semana en el hotel Best Western de Salobre\u00f1a. Despu\u00e9s de dos rondas iniciales donde no pudo realizar su juego habitual, el resto del torneo [&hellip;]<\/p>\n","protected":false},"author":1,"featured_media":4336,"comment_status":"open","ping_status":"closed","sticky":false,"template":"","format":"standard","meta":{"footnotes":""},"categories":[1],"tags":[],"class_list":["post-4335","post","type-post","status-publish","format-standard","has-post-thumbnail","hentry","category-noticias"],"_links":{"self":[{"href":"https:\/\/www.bfv.cloud\/ajedrezeuropa\/wp-json\/wp\/v2\/posts\/4335","targetHints":{"allow":["GET"]}}],"collection":[{"href":"https:\/\/www.bfv.cloud\/ajedrezeuropa\/wp-json\/wp\/v2\/posts"}],"about":[{"href":"https:\/\/www.bfv.cloud\/ajedrezeuropa\/wp-json\/wp\/v2\/types\/post"}],"author":[{"embeddable":true,"href":"https:\/\/www.bfv.cloud\/ajedrezeuropa\/wp-json\/wp\/v2\/users\/1"}],"replies":[{"embeddable":true,"href":"https:\/\/www.bfv.cloud\/ajedrezeuropa\/wp-json\/wp\/v2\/comments?post=4335"}],"version-history":[{"count":1,"href":"https:\/\/www.bfv.cloud\/ajedrezeuropa\/wp-json\/wp\/v2\/posts\/4335\/revisions"}],"predecessor-version":[{"id":4338,"href":"https:\/\/www.bfv.cloud\/ajedrezeuropa\/wp-json\/wp\/v2\/posts\/4335\/revisions\/4338"}],"wp:featuredmedia":[{"embeddable":true,"href":"https:\/\/www.bfv.cloud\/ajedrezeuropa\/wp-json\/wp\/v2\/media\/4336"}],"wp:attachment":[{"href":"https:\/\/www.bfv.cloud\/ajedrezeuropa\/wp-json\/wp\/v2\/media?parent=4335"}],"wp:term":[{"taxonomy":"category","embeddable":true,"href":"https:\/\/www.bfv.cloud\/ajedrezeuropa\/wp-json\/wp\/v2\/categories?post=4335"},{"taxonomy":"post_tag","embeddable":true,"href":"https:\/\/www.bfv.cloud\/ajedrezeuropa\/wp-json\/wp\/v2\/tags?post=4335"}],"curies":[{"name":"wp","href":"https:\/\/api.w.org\/{rel}","templated":true}]}}