{"id":4339,"date":"2012-05-22T13:45:00","date_gmt":"2012-05-22T13:45:00","guid":{"rendered":"https:\/\/www.bfv.cloud\/ajedrezeuropa\/index.php\/2012\/05\/22\/actualidad-de-nuestro-ajedrez-2\/"},"modified":"2025-11-20T11:15:58","modified_gmt":"2025-11-20T11:15:58","slug":"actualidad-de-nuestro-ajedrez-2","status":"publish","type":"post","link":"https:\/\/www.bfv.cloud\/ajedrezeuropa\/actualidad-de-nuestro-ajedrez-2\/","title":{"rendered":"ACTUALIDAD DE NUESTRO AJEDREZ"},"content":{"rendered":"<h2 style=\"text-align: center\"><u>\u00abV LIGA DE ESCUELAS DE CIUDAD REAL\u00bb<\/u><\/h2>\n<p><\/p>\n<div style=\"border-bottom: medium none;border-left: medium none;border-right: medium none;border-top: medium none\"><span style=\", sans-serif\">El pasado fin de semana finalizaba en Ciudad Real la \u201cV LIGA DE ESCUELAS S-16\u201d, valedera para la clasificaci\u00f3n al Campeonato de Castilla-La Mancha por Clubes de esta categor\u00eda. El equipo de la Escuela de Alc\u00e1zar qued\u00f3 clasificado en 3\u00aa posici\u00f3n por detr\u00e1s de los clubes de Tomelloso y Almagro. La participaci\u00f3n de nuestra escuela alcazare\u00f1a resulta muy interesante para la pr\u00e1ctica del ajedrez y el entrenamiento de los jugadores, aunque es puramente simb\u00f3lica ya que, como en a\u00f1os anteriores, renunciamos a cualquier tipo de premio o clasificaci\u00f3n al inicio de la competici\u00f3n al optar nuestros 2 clubes por su representaci\u00f3n en la provincia de Toledo.<\/span>&nbsp;<\/div>\n<p>\ufeff <\/p>\n<table align=\"center\" cellpadding=\"0\" cellspacing=\"0\" class=\"tr-caption-container\" style=\"margin-left: auto;margin-right: auto;text-align: center\">\n<tbody>\n<tr>\n<td style=\"text-align: center\"><a href=\"https:\/\/www.bfv.cloud\/ajedrezeuropa\/wp-content\/uploads\/2012\/05\/carteldelvcampusenJPG.jpg\" style=\"margin-left: auto;margin-right: auto\"><img fetchpriority=\"high\" decoding=\"async\" border=\"0\" height=\"282\" src=\"https:\/\/blogger.googleusercontent.com\/img\/b\/R29vZ2xl\/AVvXsEh3EW3xTC8ySf9vewJRSH6NVqJlKNMX5e-m833dv_ljSJANhpOjjxFg95Lt97h2FDlWF9Ii2G-M7HsEJ9oqf9nIeWRy1X_98xdC20F0c2jFC-qmq4LriFuKMMeUuxSF3lxrccvbS7cSZ7E\/s400\/cartel+del+v+campus+en+JPG.JPG\" width=\"400\" \/><\/a><\/td>\n<\/tr>\n<tr>\n<td class=\"tr-caption\" style=\"text-align: center\">Cartel del \u00abV CAMPUS DE VERANO\u00bb<\/td>\n<\/tr>\n<\/tbody>\n<\/table>\n<p>\ufeff <\/p>\n<h2 style=\"border-bottom: medium none;border-left: medium none;border-right: medium none;border-top: medium none;text-align: center\"><u><em><span style=\"color: blue\">\u201cV CAMPUS DE PERFECCIONAMIENTO NUESTRO AJEDREZ EN EUROPA\u201d<\/span><\/em><\/u><\/h2>\n<p><span style=\"color: blue;, sans-serif\">Ante la pr\u00f3xima publicaci\u00f3n de toda la informaci\u00f3n en esta p\u00e1gina, s\u00f3lo os queremos comunicar que ya se han fijado las fechas para las reuniones informativas con los padres y madres:<\/span><br \/>\n&#8211; <u><span style=\"color: blue;, sans-serif\"><strong>Reuni\u00f3n Escuela Villafranca:<\/strong><\/span><\/u> <span style=\"color: blue;, sans-serif\">s\u00e1bado 16 de junio, a las 8 de la tarde, en la sede del ajedrez.<\/span><br \/>\n&#8211; <u><strong><span style=\", sans-serif\">Reuni\u00f3n Escuela Alc\u00e1zar:<\/span><\/strong><\/u> <span style=\", sans-serif\"><em>domingo 17 de junio, a las 12 de la ma\u00f1ana, en la sede de la escuela municipal.<\/em><\/span><\/p>\n<h2><u><span style=\"background-color: white;color: purple\">\u201cCAMPEONATO REGIONAL POR EQUIPOS ABSOLUTO\u201d<\/span><\/u><\/h2>\n<p><span style=\"color: purple;font-family: Verdana, sans-serif\">Finalmente no ha podido ser y \u00fanicamente vamos a estar representados por el CDE NUESTRO AJEDREZ EN EUROPA. La coincidencia del campeonato con los ex\u00e1menes de acceso a la universidad impide que puedan participar los chicos y chicas sub-18 de NUESTRO AJEDREZ POR LA IGUALDAD, resultando as\u00ed poco recomendable la presencia del equipo con los ni\u00f1os y ni\u00f1as m\u00e1s peque\u00f1os exclusivamente. Muy pronto facilitaremos todos los datos en referencia a este regional por clubes.<\/span><\/p>\n<h2 style=\"text-align: center\"><u><span style=\"color: #073763\">\u00a1\u00a1VIVA EL AJEDREZ A PESAR DE LA FEDERACI\u00d3N REGIONAL!!<\/span><\/u><\/h2>\n<p><span style=\"color: #073763;font-family: Verdana, sans-serif\">Con este t\u00edtulo queremos rendir un peque\u00f1o homenaje al periodista Leontxo Garc\u00eda, (comentarista de ajedrez en diversos torneos, conferenciante sobre los beneficios que reporta la pr\u00e1ctica habitual del \u201cdeporte de la mente\u201d, colaborador semanal del magn\u00edfico programa de RNE \u201cNo es un d\u00eda cualquiera\u201d en la secci\u00f3n dedicada a hablar del ajedrez, etc.). Pues bien, Leontxo, el pasado domingo publicaba un art\u00edculo en el diario \u201cEl Pa\u00eds\u201d titulado as\u00ed: \u201cViva el ajedrez a pesar de la FIDE\u201d y nosotros hemos querido utilizar esta frase para hacer nuestro \u00faltimo comentario en relaci\u00f3n a las elecciones, ya celebradas, en la FACLM.<\/span><span style=\"font-family: Verdana, sans-serif\"><br \/>\n<span style=\"color: #073763\"><\/span><\/span><br \/>\n<span style=\"color: #073763;font-family: Verdana, sans-serif\">Estas apreciaciones finales no pueden pasar por alto el resultado que se produjo el pasado domingo. En primer lugar, felicitamos a los vencedores, a pesar de que no hubiese ninguna agrupaci\u00f3n de candidaturas que rivalizara con ellos. De hecho, seguro que alg\u00fan necio estar\u00e1 muy satisfecho de la p\u00edrrica victoria obtenida por la lista oficialista, basada en recibir los votos de los propios involucrados en la candidatura \u00fanica y exclusivamente, aunque no seremos nosotros los que intentemos evitar la felicidad de aquellos que tanto la merecen. Est\u00e1 muy claro que la candidatura del club \u201cNUESTRO AJEDREZ EN EUROPA\u201d ,en solitario, no luchaba en condiciones de igualdad con la amalgama de intereses que representaba esa \u201cagrupaci\u00f3n\u201d de 9 clubes + 8 jugadores + 1 \u00e1rbitro + 1 t\u00e9cnico. Para los que desconoc\u00e9is el anquilosado sistema de votaci\u00f3n que se pr\u00e1ctica en todas las federaciones deportivas, s\u00f3lo deciros que favorece abiertamente a las agrupaciones de candidaturas al permitir el voto por reciprocidad m\u00faltiple en distintos estamentos o compartimentos estancos. Si hab\u00e9is tenido oportunidad de leer alg\u00fan comentario anterior, ya sabr\u00e9is que nuestra candidatura era exclusivamente testimonial y reivindicativa.<\/span><span style=\"font-family: Verdana, sans-serif\"><br \/>\n<span style=\"color: #073763\"><\/span><\/span><br \/>\n<span style=\"color: #073763;font-family: Verdana, sans-serif\">De cara al futuro, habr\u00e1 que ver si al menos unas pocas de las promesas copiadas por la candidatura ganadora se cumplen o no. Esta legislatura que comienza ofrece grandes retos para los pr\u00f3ximos dirigentes federativos, ya que tendr\u00e1n que afrontar unos presupuestos m\u00ednimos o, en todo caso, muy recortados, una enorme precariedad de escuelas de ajedrez, una ausencia total de proyecto formativo y, \u00a1\u00a1por si fuera poco!!, una nueva fiscalizaci\u00f3n mucho m\u00e1s profunda y minuciosa de las cuentas de las delegaciones provinciales y de la propia federaci\u00f3n. En lo que concierne a este \u00faltimo aspecto, es necesario se\u00f1alar la pr\u00f3xima y muy positiva aparici\u00f3n de la \u201cLey de Transparencia y Buen Gobierno\u201d, que aportar\u00e1 una nueva y excelente herramienta de control y acceso a la informaci\u00f3n para todos los ciudadanos, con el objeto de evitar el uso arbitrario y discrecional de los fondos p\u00fablicos, incluyendo las cantidades administradas por las federaciones deportivas y sus delegaciones provinciales. Adem\u00e1s, los cambios en el deporte de Castilla-La Mancha van a ser profundos, afectando mucho m\u00e1s a especialidades como el ajedrez. De entrada, est\u00e1 en tela de juicio la validez y necesidad del propio \u00f3rgano federativo regional, correspondiendo a esta nueva Asamblea la tarea de justificar adecuadamente su propia vigencia. La ausencia de ayudas p\u00fablicas o su continua y progresiva reducci\u00f3n, el largo y preocupante proceso de desaparici\u00f3n de actividades dependientes de su iniciativa y la falta de un proyecto de promoci\u00f3n del ajedrez claro y viable, est\u00e1n cuestionando seriamente la necesidad de la existencia de la actual federaci\u00f3n territorial. Es un hecho que este modelo organizativo est\u00e1 obsoleto y que es oportuna una reforma profunda de todo el entramado deportivo, apostando por el apoyo a los proyectos que verdaderamente invierten en actividades que tienen un beneficio social y apartando todo aquello que gasta m\u00e1s en su propia subsistencia burocr\u00e1tica que en actuaciones concretas y tangibles.<\/span><\/p>\n","protected":false},"excerpt":{"rendered":"<p>\u00abV LIGA DE ESCUELAS DE CIUDAD REAL\u00bb El pasado fin de semana finalizaba en Ciudad Real la \u201cV LIGA DE ESCUELAS S-16\u201d, valedera para la clasificaci\u00f3n al Campeonato de Castilla-La Mancha por Clubes de esta categor\u00eda. El equipo de la Escuela de Alc\u00e1zar qued\u00f3 clasificado en 3\u00aa posici\u00f3n por detr\u00e1s de los clubes de Tomelloso [&hellip;]<\/p>\n","protected":false},"author":1,"featured_media":4340,"comment_status":"open","ping_status":"closed","sticky":false,"template":"","format":"standard","meta":{"footnotes":""},"categories":[1],"tags":[],"class_list":["post-4339","post","type-post","status-publish","format-standard","has-post-thumbnail","hentry","category-noticias"],"_links":{"self":[{"href":"https:\/\/www.bfv.cloud\/ajedrezeuropa\/wp-json\/wp\/v2\/posts\/4339","targetHints":{"allow":["GET"]}}],"collection":[{"href":"https:\/\/www.bfv.cloud\/ajedrezeuropa\/wp-json\/wp\/v2\/posts"}],"about":[{"href":"https:\/\/www.bfv.cloud\/ajedrezeuropa\/wp-json\/wp\/v2\/types\/post"}],"author":[{"embeddable":true,"href":"https:\/\/www.bfv.cloud\/ajedrezeuropa\/wp-json\/wp\/v2\/users\/1"}],"replies":[{"embeddable":true,"href":"https:\/\/www.bfv.cloud\/ajedrezeuropa\/wp-json\/wp\/v2\/comments?post=4339"}],"version-history":[{"count":1,"href":"https:\/\/www.bfv.cloud\/ajedrezeuropa\/wp-json\/wp\/v2\/posts\/4339\/revisions"}],"predecessor-version":[{"id":4341,"href":"https:\/\/www.bfv.cloud\/ajedrezeuropa\/wp-json\/wp\/v2\/posts\/4339\/revisions\/4341"}],"wp:featuredmedia":[{"embeddable":true,"href":"https:\/\/www.bfv.cloud\/ajedrezeuropa\/wp-json\/wp\/v2\/media\/4340"}],"wp:attachment":[{"href":"https:\/\/www.bfv.cloud\/ajedrezeuropa\/wp-json\/wp\/v2\/media?parent=4339"}],"wp:term":[{"taxonomy":"category","embeddable":true,"href":"https:\/\/www.bfv.cloud\/ajedrezeuropa\/wp-json\/wp\/v2\/categories?post=4339"},{"taxonomy":"post_tag","embeddable":true,"href":"https:\/\/www.bfv.cloud\/ajedrezeuropa\/wp-json\/wp\/v2\/tags?post=4339"}],"curies":[{"name":"wp","href":"https:\/\/api.w.org\/{rel}","templated":true}]}}