{"id":4342,"date":"2023-12-04T09:36:00","date_gmt":"2023-12-04T09:36:00","guid":{"rendered":"https:\/\/www.bfv.cloud\/ajedrezeuropa\/index.php\/2023\/12\/04\/alcazar-y-villafranca-participaran-en-la-xiv-copa-de-espana-de-ajedrez-por-equipos\/"},"modified":"2025-11-20T11:16:01","modified_gmt":"2025-11-20T11:16:01","slug":"alcazar-y-villafranca-participaran-en-la-xiv-copa-de-espana-de-ajedrez-por-equipos","status":"publish","type":"post","link":"https:\/\/www.bfv.cloud\/ajedrezeuropa\/alcazar-y-villafranca-participaran-en-la-xiv-copa-de-espana-de-ajedrez-por-equipos\/","title":{"rendered":"ALC\u00c1ZAR Y VILLAFRANCA PARTICIPAR\u00c1N EN LA XIV COPA DE ESPA\u00d1A DE AJEDREZ POR EQUIPOS"},"content":{"rendered":"<p><span style=\"font-family: Open Sans;font-size: large\"><\/span><\/p>\n<div class=\"separator\" style=\"clear: both;text-align: center\"><span style=\"font-family: Open Sans;font-size: large\"><a href=\"https:\/\/www.bfv.cloud\/ajedrezeuropa\/wp-content\/uploads\/2023\/12\/020TODOS20LOS20JUGADORES.jpg\" style=\"margin-left: 1em;margin-right: 1em\"><img fetchpriority=\"high\" decoding=\"async\" border=\"0\" data-original-height=\"582\" data-original-width=\"1908\" height=\"196\" src=\"https:\/\/blogger.googleusercontent.com\/img\/b\/R29vZ2xl\/AVvXsEiOAm4Ss6vLIG05-7rgegEDBC0qczVFrxFUefJ1hIgYRrti9gSN7dlIR1hWJJT6-LZHNQL3jE6qXQ-BzmqAIW9e0llWe52lRR7vjskka0MPikgz66gtVydMr1xR2nHhKE_goRDLf3CWdcXIcOV-EVMY8w0p7BwRvtBg23QvzUH2WcZ8L4MjkKt_KNQyxxI\/w640-h196\/0%20TODOS%20LOS%20JUGADORES.jpg\" width=\"640\" \/><\/a><\/span><\/div>\n<p><span style=\"font-family: Open Sans;font-size: large\"><br \/>Del 6 al 12 de diciembre se celebrar\u00e1 en el hotel Bali de Benidorm la 14\u00aa edici\u00f3n de la Copa de Espa\u00f1a por Equipos en las categor\u00edas sub-18, sub-14 y sub-12. Como novedades principales de este a\u00f1o destacamos la aparici\u00f3n del torneo por equipos sub-14 y la recuperaci\u00f3n del t\u00edtulo de Copa de Espa\u00f1a, como lo fue hasta 2019. La participaci\u00f3n volver\u00e1 a ser la mayor de su historia al superar ampliamente el n\u00famero de 90 equipos y 400 jugadores, contando con la presencia de clubes de todas las comunidades aut\u00f3nomas peninsulares y Baleares.<\/span><\/p>\n<p><span style=\"font-family: Open Sans;font-size: large\"><b><i><u>Nuestro Ajedrez en Europa competir\u00e1 en la Copa de Espa\u00f1a Juvenil y Nuestro Ajedrez por la Igualdad en la Copa sub-14<\/u><\/i><\/b><\/span><\/p>\n<p><span style=\"font-family: Open Sans;font-size: large\">El proyecto que une a Alc\u00e1zar de San Juan y Villafranca de los Caballeros estar\u00e1 presente en esta Copa de Espa\u00f1a con 2 equipos, dentro de las categor\u00edas juvenil y sub-14. La formaci\u00f3n sub-18 del club Nuestro Ajedrez en Europa presentar\u00e1 el siguiente orden de fuerza:<\/span><\/p>\n<p><span style=\"font-family: Open Sans;font-size: large\"><b>1. David Crespo D\u00edaz; 2. Alonso L\u00f3pez N\u00fa\u00f1ez; 3. \u00c1ngel Collado Alcolado; 4. Javier Jim\u00e9nez Carrazoni.<\/b><\/span><\/p>\n<p><span style=\"font-family: Open Sans;font-size: large\">Por su parte, el club Nuestro Ajedrez por la Igualdad contar\u00e1 en su orden de fuerza con estos jugadores:<\/span><\/p>\n<p><span style=\"font-family: Open Sans;font-size: large\"><b>1. Marta Elena&nbsp; Jim\u00e9nez Carrazoni; 2. Jaime Vila Castillo; 3. Luis Arias Riveira; 4. Santiago Linares N\u00fa\u00f1ez; 5. Carlos Edmundo Morales Rodr\u00edguez.<\/b><\/span><\/p>\n<p><span style=\"font-family: Open Sans;font-size: large\">La preparaci\u00f3n y entrenamiento de los 9 ajedrecistas estar\u00e1 a cargo del gran maestro <b>Herminio Herr\u00e1iz Hidalgo <\/b>y <b>Silvia Toribio Camu\u00f1as.<\/b><\/span><\/p>\n<p><span style=\"font-family: Open Sans;font-size: large\"><b><i><u>Una experiencia de 12 a\u00f1os entre los mejores equipos nacionales<\/u><\/i><\/b><\/span><\/p>\n<p><span style=\"font-family: Open Sans;font-size: large\"><b><i><\/i><\/b><\/span><\/p>\n<div class=\"separator\" style=\"clear: both;text-align: center\"><span style=\"font-family: Open Sans;font-size: large\"><b><i><a href=\"https:\/\/www.bfv.cloud\/ajedrezeuropa\/wp-content\/uploads\/2023\/12\/520el20equipo20sub1820con20Herminio.jpg\" style=\"margin-left: 1em;margin-right: 1em\"><img decoding=\"async\" border=\"0\" data-original-height=\"2048\" data-original-width=\"2048\" height=\"640\" src=\"https:\/\/blogger.googleusercontent.com\/img\/b\/R29vZ2xl\/AVvXsEiJyzke92R7G-C_b75F1SrpByvrDCJ1-4oD3uE03HwpTHpqmekVZKIK7RgC_qIf7-KlKq_d4VCqPp-thWTZrJdZSrmotdQBxv-aRDeRCyA2QyRnEsK59p5fBKD75NpMemPvGMjBxCW-u0385h95Vwi5YdbTN7CzlRbyN56kwI-Z-3CDlw2-_EPe8lDKUDw\/w640-h640\/5%20el%20equipo%20sub18%20con%20Herminio.jpg\" width=\"640\" \/><\/a><\/i><\/b><\/span><\/div>\n<p><span style=\"font-family: Open Sans;font-size: large\"><span style=\"font-family: Open Sans;font-size: large\"><br \/><\/span><\/span><\/p>\n<p><span style=\"font-family: Open Sans;font-size: large\">En 2009 se iniciaba la participaci\u00f3n de los alumnos de las escuelas de ajedrez de Alc\u00e1zar de san Juan y Villafranca de los Caballeros en el entonces Campeonato de Espa\u00f1a por Clubes Sub-16. La del 2023 ser\u00e1 la 13\u00aa ocasi\u00f3n en la que Nuestro Ajedrez en Europa tomar\u00e1 parte en el torneo organizado por el hotel Bali de Benidorm, con varios resultados muy destacados: Bronce en 2011 y 5 \u00ba clasificado en 2018; y siempre manteniendo un nivel competitivo muy alto. Adem\u00e1s, en 2022, el equipo Sub-12 de Nuestro Ajedrez por Igualdad consigui\u00f3 un gran resultado, ocupando la 8\u00aa posici\u00f3n en la clasificaci\u00f3n de esta categor\u00eda.<\/span><\/p>\n<p><span style=\"font-family: Open Sans;font-size: large\">Este mi\u00e9rcoles por la tarde arrancar\u00e1 esta Copa de Espa\u00f1a que se extender\u00e1 hasta la ronda final del domingo por la ma\u00f1ana. Ser\u00e1n 5 d\u00edas de partidas muy intensas que servir\u00e1n para que nuestros 9 ajedrecistas sigan mejorando y adquiriendo mayor experiencia en el mundo de la alta competici\u00f3n nacional.<\/span><\/p>\n","protected":false},"excerpt":{"rendered":"<p>Del 6 al 12 de diciembre se celebrar\u00e1 en el hotel Bali de Benidorm la 14\u00aa edici\u00f3n de la Copa de Espa\u00f1a por Equipos en las categor\u00edas sub-18, sub-14 y sub-12. Como novedades principales de este a\u00f1o destacamos la aparici\u00f3n del torneo por equipos sub-14 y la recuperaci\u00f3n del t\u00edtulo de Copa de Espa\u00f1a, como [&hellip;]<\/p>\n","protected":false},"author":1,"featured_media":4343,"comment_status":"open","ping_status":"closed","sticky":false,"template":"","format":"standard","meta":{"footnotes":""},"categories":[1],"tags":[],"class_list":["post-4342","post","type-post","status-publish","format-standard","has-post-thumbnail","hentry","category-noticias"],"_links":{"self":[{"href":"https:\/\/www.bfv.cloud\/ajedrezeuropa\/wp-json\/wp\/v2\/posts\/4342","targetHints":{"allow":["GET"]}}],"collection":[{"href":"https:\/\/www.bfv.cloud\/ajedrezeuropa\/wp-json\/wp\/v2\/posts"}],"about":[{"href":"https:\/\/www.bfv.cloud\/ajedrezeuropa\/wp-json\/wp\/v2\/types\/post"}],"author":[{"embeddable":true,"href":"https:\/\/www.bfv.cloud\/ajedrezeuropa\/wp-json\/wp\/v2\/users\/1"}],"replies":[{"embeddable":true,"href":"https:\/\/www.bfv.cloud\/ajedrezeuropa\/wp-json\/wp\/v2\/comments?post=4342"}],"version-history":[{"count":1,"href":"https:\/\/www.bfv.cloud\/ajedrezeuropa\/wp-json\/wp\/v2\/posts\/4342\/revisions"}],"predecessor-version":[{"id":4345,"href":"https:\/\/www.bfv.cloud\/ajedrezeuropa\/wp-json\/wp\/v2\/posts\/4342\/revisions\/4345"}],"wp:featuredmedia":[{"embeddable":true,"href":"https:\/\/www.bfv.cloud\/ajedrezeuropa\/wp-json\/wp\/v2\/media\/4343"}],"wp:attachment":[{"href":"https:\/\/www.bfv.cloud\/ajedrezeuropa\/wp-json\/wp\/v2\/media?parent=4342"}],"wp:term":[{"taxonomy":"category","embeddable":true,"href":"https:\/\/www.bfv.cloud\/ajedrezeuropa\/wp-json\/wp\/v2\/categories?post=4342"},{"taxonomy":"post_tag","embeddable":true,"href":"https:\/\/www.bfv.cloud\/ajedrezeuropa\/wp-json\/wp\/v2\/tags?post=4342"}],"curies":[{"name":"wp","href":"https:\/\/api.w.org\/{rel}","templated":true}]}}