{"id":4346,"date":"2024-08-09T11:06:00","date_gmt":"2024-08-09T11:06:00","guid":{"rendered":"https:\/\/www.bfv.cloud\/ajedrezeuropa\/index.php\/2024\/08\/09\/reportaje-de-mancha-centro-tv-sobre-el-campus-2024\/"},"modified":"2025-11-20T11:16:01","modified_gmt":"2025-11-20T11:16:01","slug":"reportaje-de-mancha-centro-tv-sobre-el-campus-2024","status":"publish","type":"post","link":"https:\/\/www.bfv.cloud\/ajedrezeuropa\/reportaje-de-mancha-centro-tv-sobre-el-campus-2024\/","title":{"rendered":"REPORTAJE DE MANCHA CENTRO TV SOBRE EL CAMPUS 2024"},"content":{"rendered":"<\/p>\n<div class=\"separator\" style=\"clear: both;text-align: center\"><iframe allowfullscreen=\"\" class=\"BLOG_video_class\" height=\"404\" src=\"https:\/\/www.youtube.com\/embed\/v6QwMpSk4gg\" width=\"485\" youtube-src-id=\"v6QwMpSk4gg\"><\/iframe><\/div>\n<p><span style=\"font-family: helvetica;font-size: large\">Mancha Centro TV ha elaborado un reportaje sobre la XVII edici\u00f3n del campus. Aqu\u00ed lo ten\u00e9is, con una duraci\u00f3n de unos 4 minutos. Aprovechamos para agradecer la atenci\u00f3n que nos han prestado a los medios de comunicaci\u00f3n presentes en el acto inaugural y a los muchos que posteriormente se han hecho eco de la noticia.<\/span>&nbsp;<\/p><\/p>\n","protected":false},"excerpt":{"rendered":"<p>Mancha Centro TV ha elaborado un reportaje sobre la XVII edici\u00f3n del campus. Aqu\u00ed lo ten\u00e9is, con una duraci\u00f3n de unos 4 minutos. Aprovechamos para agradecer la atenci\u00f3n que nos han prestado a los medios de comunicaci\u00f3n presentes en el acto inaugural y a los muchos que posteriormente se han hecho eco de la noticia.&nbsp;<\/p>\n","protected":false},"author":1,"featured_media":0,"comment_status":"open","ping_status":"closed","sticky":false,"template":"","format":"standard","meta":{"footnotes":""},"categories":[1],"tags":[],"class_list":["post-4346","post","type-post","status-publish","format-standard","hentry","category-noticias"],"_links":{"self":[{"href":"https:\/\/www.bfv.cloud\/ajedrezeuropa\/wp-json\/wp\/v2\/posts\/4346","targetHints":{"allow":["GET"]}}],"collection":[{"href":"https:\/\/www.bfv.cloud\/ajedrezeuropa\/wp-json\/wp\/v2\/posts"}],"about":[{"href":"https:\/\/www.bfv.cloud\/ajedrezeuropa\/wp-json\/wp\/v2\/types\/post"}],"author":[{"embeddable":true,"href":"https:\/\/www.bfv.cloud\/ajedrezeuropa\/wp-json\/wp\/v2\/users\/1"}],"replies":[{"embeddable":true,"href":"https:\/\/www.bfv.cloud\/ajedrezeuropa\/wp-json\/wp\/v2\/comments?post=4346"}],"version-history":[{"count":1,"href":"https:\/\/www.bfv.cloud\/ajedrezeuropa\/wp-json\/wp\/v2\/posts\/4346\/revisions"}],"predecessor-version":[{"id":4347,"href":"https:\/\/www.bfv.cloud\/ajedrezeuropa\/wp-json\/wp\/v2\/posts\/4346\/revisions\/4347"}],"wp:attachment":[{"href":"https:\/\/www.bfv.cloud\/ajedrezeuropa\/wp-json\/wp\/v2\/media?parent=4346"}],"wp:term":[{"taxonomy":"category","embeddable":true,"href":"https:\/\/www.bfv.cloud\/ajedrezeuropa\/wp-json\/wp\/v2\/categories?post=4346"},{"taxonomy":"post_tag","embeddable":true,"href":"https:\/\/www.bfv.cloud\/ajedrezeuropa\/wp-json\/wp\/v2\/tags?post=4346"}],"curies":[{"name":"wp","href":"https:\/\/api.w.org\/{rel}","templated":true}]}}