{"id":4348,"date":"2021-12-13T21:13:00","date_gmt":"2021-12-13T21:13:00","guid":{"rendered":"https:\/\/www.bfv.cloud\/ajedrezeuropa\/index.php\/2021\/12\/13\/nuestro-ajedrez-en-europa-se-proclama-campeon-por-equipos-de-toledo-de-1a-division-en-la-temporada-2021-22\/"},"modified":"2025-11-20T11:16:02","modified_gmt":"2025-11-20T11:16:02","slug":"nuestro-ajedrez-en-europa-se-proclama-campeon-por-equipos-de-toledo-de-1a-division-en-la-temporada-2021-22","status":"publish","type":"post","link":"https:\/\/www.bfv.cloud\/ajedrezeuropa\/nuestro-ajedrez-en-europa-se-proclama-campeon-por-equipos-de-toledo-de-1a-division-en-la-temporada-2021-22\/","title":{"rendered":"NUESTRO AJEDREZ EN EUROPA SE PROCLAMA CAMPE\u00d3N POR EQUIPOS DE TOLEDO DE 1\u00aa DIVISI\u00d3N EN LA TEMPORADA 2021\/22"},"content":{"rendered":"<p>&nbsp;<\/p>\n<table cellpadding=\"0\" cellspacing=\"0\" class=\"tr-caption-container\" style=\"float: left\">\n<tbody>\n<tr>\n<td style=\"text-align: center\"><a href=\"https:\/\/blogger.googleusercontent.com\/img\/a\/AVvXsEitpBi7bOGO-7idG_y7_nk-hfe-qCmeCPXvA0EMBCBtyWoKZPMGplteKTvkpCQt3owllLfIiVtDYX4loWuNfuPP5L-kA-pMZGrPzgSkabUbUc41glxvvDEGpTY6LZ_rXCVPrIed8sEaRlaCjmj3HG_iufUIwP7LUpmdkpzESoqvw63x5lB9PRb6QeOY=s1233\" style=\"clear: left;margin-bottom: 1em;margin-left: auto;margin-right: auto\"><img fetchpriority=\"high\" decoding=\"async\" border=\"0\" data-original-height=\"1233\" data-original-width=\"1072\" height=\"400\" src=\"https:\/\/blogger.googleusercontent.com\/img\/a\/AVvXsEitpBi7bOGO-7idG_y7_nk-hfe-qCmeCPXvA0EMBCBtyWoKZPMGplteKTvkpCQt3owllLfIiVtDYX4loWuNfuPP5L-kA-pMZGrPzgSkabUbUc41glxvvDEGpTY6LZ_rXCVPrIed8sEaRlaCjmj3HG_iufUIwP7LUpmdkpzESoqvw63x5lB9PRb6QeOY=w348-h400\" width=\"348\" \/><\/a><\/td>\n<\/tr>\n<tr>\n<td class=\"tr-caption\" style=\"text-align: center\">Jugadores de Nuestro Ajedrez en Europa recogiendo<br \/>el trofeo que les acredita como campeones de la<br \/>1\u00aa divisi\u00f3n toledana<\/td>\n<\/tr>\n<\/tbody>\n<\/table>\n<p><\/p>\n<p class=\"MsoNormal\" style=\"text-align: justify\"><span style=\"font-family: helvetica;font-size: large\"><b>El domingo 12 de diciembre<br \/>\nfinaliz\u00f3 en Toledo el Campeonato Provincial por Equipos en 1\u00aa y 2\u00aa divisi\u00f3n. En<br \/>\n1\u00aa divisi\u00f3n, m\u00e1xima categor\u00eda del ajedrez provincial toledano, se proclam\u00f3<br \/>\ncampe\u00f3n el club Nuestro Ajedrez en Europa, tras sumar 10 de los 12 puntos<br \/>\nposibles. Este t\u00edtulo, logrado en 3 ocasiones durante los \u00faltimos 7 a\u00f1os, se<br \/>\nconsigui\u00f3 despu\u00e9s de resultar invicto durante las 3 jornadas del torneo y<br \/>\nlograr 4 victorias y 2 empates. La formaci\u00f3n \u201cA\u201d de Nuestro Ajedrez en Europa<br \/>\nse enfrent\u00f3 a los otros 3 clubes mejor clasificados a lo largo del campeonato,<br \/>\ncon victoria ante el club de Bargas-A y sendos empates con Toledo-A y Alcaudete<br \/>\nde la Jara-A. Adem\u00e1s de esta nueva victoria, los otros 2 equipos participantes<br \/>\nen 1\u00aa divisi\u00f3n del proyecto ajedrec\u00edstico que une a Alc\u00e1zar de San Juan y a<br \/>\nVillafranca de los Caballeros, consiguieron mejorar en 2 posiciones su ranking<br \/>\ninicial, obteniendo Europa-B la 6\u00aa plaza y Nuestro Ajedrez por la Igualdad-A la<br \/>\n8\u00aa posici\u00f3n del torneo.<\/b><\/span><\/p>\n<p class=\"MsoNormal\" style=\"text-align: justify\"><span style=\"font-family: helvetica;font-size: large\"><\/p>\n<table align=\"center\" cellpadding=\"0\" cellspacing=\"0\" class=\"tr-caption-container\" style=\"margin-left: auto;margin-right: auto\">\n<tbody>\n<tr>\n<td style=\"text-align: center\"><a href=\"https:\/\/blogger.googleusercontent.com\/img\/a\/AVvXsEiQSMB8Tpt9VkaSKY-jtNu8y-IG5x2C_AGZcj_PCTCZOLyRKsBCvzoHzaHGPljOZ98PXf8GZAa-dKtAM_fc6tQahzHY3nZQ50A7TPAT-l7bWV_jESXxjW7fxhPxTlzuXNZvYEKIXvCi4F3rnIe2kzaCid58DowvmPBxWWfRtvx0r7Il8lIjey8zIjTd=s1565\" style=\"margin-left: auto;margin-right: auto\"><img decoding=\"async\" border=\"0\" data-original-height=\"910\" data-original-width=\"1565\" height=\"372\" src=\"https:\/\/blogger.googleusercontent.com\/img\/a\/AVvXsEiQSMB8Tpt9VkaSKY-jtNu8y-IG5x2C_AGZcj_PCTCZOLyRKsBCvzoHzaHGPljOZ98PXf8GZAa-dKtAM_fc6tQahzHY3nZQ50A7TPAT-l7bWV_jESXxjW7fxhPxTlzuXNZvYEKIXvCi4F3rnIe2kzaCid58DowvmPBxWWfRtvx0r7Il8lIjey8zIjTd=w640-h372\" width=\"640\" \/><\/a><\/td>\n<\/tr>\n<tr>\n<td class=\"tr-caption\" style=\"text-align: center\">Los chicos y las chicas de los equipos de 2\u00aa divisi\u00f3n<\/td>\n<\/tr>\n<\/tbody>\n<\/table>\n<p><\/span><\/p>\n<p class=\"MsoNormal\" style=\"text-align: justify\"><span style=\"font-family: helvetica;font-size: large\"><b><i><u>Los 3 equipos de los clubes que forman parte de Nuestro Ajedrez<br \/>\nparticiparon con 20 jugadores y jugadoras en 1\u00aa divisi\u00f3n <\/u><\/i><\/b><\/span><\/p>\n<p class=\"MsoNormal\" style=\"text-align: justify\"><span style=\"font-family: helvetica;font-size: large\"><b>Un total de 20 ajedrecistas<br \/>\nparticiparon en algunas de las 3 jornadas del campeonato en representaci\u00f3n de<br \/>\nlos 2 equipos de Nuestro Ajedrez en Europa o en la formaci\u00f3n de Nuestro Ajedrez<br \/>\npor la Igualdad. De estos 20 ajedrecistas, 15 son hombres y 5 mujeres, con una<br \/>\nprocedencia mayoritaria de Alc\u00e1zar y Villafranca, aunque con importantes<br \/>\naportaciones de muchas otras poblaciones de toda Castilla-La Mancha como:<br \/>\nVillaca\u00f1as, Mora, La Roda, Quintanar de la Orden, Camu\u00f1as, Esquivias, Campo de<br \/>\nCriptana e Illescas.&nbsp;<\/b><\/span><\/p>\n<p class=\"MsoNormal\" style=\"text-align: justify\"><span style=\"font-family: helvetica;font-size: large\"><\/p>\n<table align=\"center\" cellpadding=\"0\" cellspacing=\"0\" class=\"tr-caption-container\" style=\"margin-left: auto;margin-right: auto\">\n<tbody>\n<tr>\n<td style=\"text-align: center\"><a href=\"https:\/\/blogger.googleusercontent.com\/img\/a\/AVvXsEjCNSPN2-pgwSfXWtV5_JCFNtDgHURgPpknep_aVfmKkcCO134jD6w9a2oDDVPnld_xcnIYzl9qBBoZJWNlt7XIj8QFvL3XEoX87CEKi9OblqCvvcapIc1Q6cujpcf9oA3qCBffiUQtb1hmZ2c_VsWbXN6J7_Fw7OK1rbiEk28U-0ijJ4c9Di2906iM=s1505\" style=\"margin-left: auto;margin-right: auto\"><img decoding=\"async\" border=\"0\" data-original-height=\"576\" data-original-width=\"1505\" height=\"244\" src=\"https:\/\/blogger.googleusercontent.com\/img\/a\/AVvXsEjCNSPN2-pgwSfXWtV5_JCFNtDgHURgPpknep_aVfmKkcCO134jD6w9a2oDDVPnld_xcnIYzl9qBBoZJWNlt7XIj8QFvL3XEoX87CEKi9OblqCvvcapIc1Q6cujpcf9oA3qCBffiUQtb1hmZ2c_VsWbXN6J7_Fw7OK1rbiEk28U-0ijJ4c9Di2906iM=w640-h244\" width=\"640\" \/><\/a><\/td>\n<\/tr>\n<tr>\n<td class=\"tr-caption\" style=\"text-align: center\">El equipo de Nuestro Ajedrez en Europa-A en la \u00faltima jornada del pasado domingo<br \/>estuvo compuesto por: Isaac Lozano,Ana Isabel Gonz\u00e1lez, Jorge Sim\u00f3n y Jos\u00e9 \u00c1ngel Vela<\/td>\n<\/tr>\n<\/tbody>\n<\/table>\n<p><\/span><b style=\"font-family: helvetica;font-size: x-large\"><br \/><\/b><\/p>\n<p class=\"MsoNormal\" style=\"text-align: justify\"><b style=\"font-family: helvetica;font-size: x-large\">El equipo de Europa-A estuvo formado por: Isaac Lozano<br \/>\nOsorio, Ana Isabel Gonz\u00e1lez Berruga, Daniel P\u00edriz Fern\u00e1ndez, Jorge Sim\u00f3n<br \/>\nEscalona, Roberto L\u00f3pez N\u00fa\u00f1ez, Jos\u00e9 \u00c1ngel Vela Horcajada, Miguel Navarro<br \/>\nFern\u00e1ndez y Jes\u00fas M\u00aa Bricio Garc\u00eda de la Torre. Mientras que por Europa-B compitieron:<br \/>\nAlonso L\u00f3pez N\u00fa\u00f1ez, \u00c1ngel Collado Alcolado, F\u00e9lix Toribio G\u00f3mez, Irene Sim\u00f3n<br \/>\nEscalona y Silvia Toribio Camu\u00f1as. El tercer equipo que disput\u00f3 el torneo fue<br \/>\nNuestro Ajedrez por la Igualdad-A, que cont\u00f3 con la participaci\u00f3n de: Antonio<br \/>\nAlbo Maroto, Carlos Romo D\u00edaz-Alejo, Arsenio L\u00f3pez Ochoa, Isabel Marcos-Alberca<br \/>\nLizcano, Clara Vela Adri\u00e1n, Rub\u00e9n Escribano Alberca y \u00d3scar Ortega Olivares.<\/b><\/p>\n<p class=\"MsoNormal\" style=\"text-align: justify\">\n<table align=\"center\" cellpadding=\"0\" cellspacing=\"0\" class=\"tr-caption-container\" style=\"margin-left: auto;margin-right: auto\">\n<tbody>\n<tr>\n<td style=\"text-align: center\"><a href=\"https:\/\/blogger.googleusercontent.com\/img\/a\/AVvXsEjRw5y13ZInp61uM6YuRVRMw40rH4EzRGP7AHaHJX8mVd_6HYihSPxWW_lbAi-mME5EalvQUF_960j9VDj51y6p8zH_ZcwDdkr_V6Re8Ec0q8sMViw8fcCCS6Pi3q2YRdWI83okJsXYEonpjILqAn7VW1SqV7atSa9VeltLvulsL5OJt-tbntJRPT52=s1573\" style=\"margin-left: auto;margin-right: auto\"><img loading=\"lazy\" decoding=\"async\" border=\"0\" data-original-height=\"717\" data-original-width=\"1573\" height=\"292\" src=\"https:\/\/blogger.googleusercontent.com\/img\/a\/AVvXsEjRw5y13ZInp61uM6YuRVRMw40rH4EzRGP7AHaHJX8mVd_6HYihSPxWW_lbAi-mME5EalvQUF_960j9VDj51y6p8zH_ZcwDdkr_V6Re8Ec0q8sMViw8fcCCS6Pi3q2YRdWI83okJsXYEonpjILqAn7VW1SqV7atSa9VeltLvulsL5OJt-tbntJRPT52=w640-h292\" width=\"640\" \/><\/a><\/td>\n<\/tr>\n<tr>\n<td class=\"tr-caption\" style=\"text-align: center\">Nuestro Ajedrez en Europa-B consigui\u00f3 mejorar 2 puestos en el ranking inicial hasta<br \/>alcanzar la 6\u00aa plaza<\/td>\n<\/tr>\n<\/tbody>\n<\/table>\n<p><\/p>\n<table align=\"center\" cellpadding=\"0\" cellspacing=\"0\" class=\"tr-caption-container\" style=\"margin-left: auto;margin-right: auto\">\n<tbody>\n<tr>\n<td style=\"text-align: center\"><a href=\"https:\/\/blogger.googleusercontent.com\/img\/a\/AVvXsEgGwaaNY9vLID7VphYGVS3JiXkKsiPoWSxSvT0-RbClDDJOFrBicVArXvytMxmrB8TH_IZNnLPpNNLaZ-DPnI1Y7jjxLKprfJwvN7j3Pfxuh3S76rdl0D1RY4YR3tIaBGA_nGc8X1z5SElv1I9w17LFVshVrqOer2PlK37-I5RA7OQoWI4xR5TUuJ0s=s1398\" style=\"margin-left: auto;margin-right: auto\"><img loading=\"lazy\" decoding=\"async\" border=\"0\" data-original-height=\"829\" data-original-width=\"1398\" height=\"380\" src=\"https:\/\/blogger.googleusercontent.com\/img\/a\/AVvXsEgGwaaNY9vLID7VphYGVS3JiXkKsiPoWSxSvT0-RbClDDJOFrBicVArXvytMxmrB8TH_IZNnLPpNNLaZ-DPnI1Y7jjxLKprfJwvN7j3Pfxuh3S76rdl0D1RY4YR3tIaBGA_nGc8X1z5SElv1I9w17LFVshVrqOer2PlK37-I5RA7OQoWI4xR5TUuJ0s=w640-h380\" width=\"640\" \/><\/a><\/td>\n<\/tr>\n<tr>\n<td class=\"tr-caption\" style=\"text-align: center\">Antonio, Carlos, Clara y Rub\u00e9n, cuatro de los componentes del equipo de&nbsp;<br \/>Nuestro Ajedrez por la Igualdad -A, 8\u00ba clasificado de 1\u00aa divisi\u00f3n<\/td>\n<\/tr>\n<\/tbody>\n<\/table>\n<p><\/p>\n<p class=\"MsoNormal\" style=\"text-align: justify\"><b><span style=\"font-family: helvetica;font-size: large\"><br \/>\n<i><u>Participando en 2\u00aa divisi\u00f3n con 4 equipos y 23 ajedrecistas<\/u><\/i><\/span><\/b><\/p>\n<p class=\"MsoNormal\" style=\"text-align: justify\"><b><span style=\"font-family: helvetica;font-size: large\">Este campeonato provincial<br \/>\ncont\u00f3 con una 2\u00ba divisi\u00f3n donde jugaron 18 equipos, 4 de ellos de los clubes de<br \/>\nnuestro proyecto. Pr\u00e1cticamente todos los chicos y chicas son alumnos de las<br \/>\nescuelas de ajedrez de Alc\u00e1zar y Villafranca y tienen menos de 18 a\u00f1os de edad.<br \/>\nPara todos ellos es una experiencia importante porque empiezan a conocer otra<br \/>\nvertiente muy interesante del ajedrez que es la competici\u00f3n por equipos donde<br \/>\ndeben entrenar estrategias de actuaci\u00f3n diferentes a los torneos individuales.<br \/>\nAqu\u00ed el resultado m\u00e1s destacado fue la 7\u00aa plaza de Nuestro Ajedrez por la<br \/>\nIgualdad-B, partiendo de la 17\u00aa posici\u00f3n del ranking inicial, habiendo<br \/>\ncompetido con un gran n\u00famero de equipos compuestos por personas adultas.<\/span><\/b><\/p>\n<p class=\"MsoNormal\" style=\"text-align: justify\"><b><\/p>\n<table align=\"center\" cellpadding=\"0\" cellspacing=\"0\" class=\"tr-caption-container\" style=\"margin-left: auto;margin-right: auto\">\n<tbody>\n<tr>\n<td style=\"text-align: center\"><a href=\"https:\/\/blogger.googleusercontent.com\/img\/a\/AVvXsEgYQKCzgeiFxbA4Q6JknFcgcJGHvz2XzgTBTY1PzVJ0kRRRg7HVQEBUyYbcfEl7bn-vvfJDha5qjukX2ggrGq-pQV6XUPZIXUPHfyghp8juLP5xvi2zs9rmjQvCs2blK40tgEfBuqrFJMdJkermi5Yqn-jJds0BPFHSRzQt98UawiQYh3qrb9GxuEfi=s1377\" style=\"margin-left: auto;margin-right: auto\"><img loading=\"lazy\" decoding=\"async\" border=\"0\" data-original-height=\"770\" data-original-width=\"1377\" height=\"358\" src=\"https:\/\/blogger.googleusercontent.com\/img\/a\/AVvXsEgYQKCzgeiFxbA4Q6JknFcgcJGHvz2XzgTBTY1PzVJ0kRRRg7HVQEBUyYbcfEl7bn-vvfJDha5qjukX2ggrGq-pQV6XUPZIXUPHfyghp8juLP5xvi2zs9rmjQvCs2blK40tgEfBuqrFJMdJkermi5Yqn-jJds0BPFHSRzQt98UawiQYh3qrb9GxuEfi=w640-h358\" width=\"640\" \/><\/a><\/td>\n<\/tr>\n<tr>\n<td class=\"tr-caption\" style=\"text-align: center\">Los chicos de Nuestro Ajedrez por la Igualdad-B: \u00d3scar Ortega, Luis Arias, Jaime Vila y<br \/>Jos\u00e9 Miguel Romero lograron la 7\u00aa posici\u00f3n de 18 equipos participantes en la<br \/>2\u00aa divisi\u00f3n provincial de Toledo<\/td>\n<\/tr>\n<\/tbody>\n<\/table>\n<p><\/b><b><span style=\"font-family: helvetica;font-size: large\"><br \/><\/span><\/b><\/p>\n<p class=\"MsoNormal\" style=\"text-align: justify\"><b><span style=\"font-family: helvetica;font-size: large\">En resumen, cerca de 50<br \/>\naficionados al ajedrez desde los 7 a\u00f1os de edad hasta los 55, participaron dentro<br \/>\nde las 7 formaciones que el proyecto manchego present\u00f3 en este recuperado<br \/>\nCampeonato Provincial por Equipos de Toledo en 1\u00aa y 2\u00aa divisi\u00f3n, tras no poder<br \/>\ncelebrarse en el a\u00f1o 2020.<\/span><\/b><\/p>\n<p class=\"MsoNormal\" style=\"text-align: justify\"><b><span style=\"font-family: helvetica;font-size: large\">Esta es una breve cr\u00f3nica del<br \/>\nprimer contacto con la nueva temporada de competiciones oficiales que<br \/>\ncontinuar\u00e1 con las fases provinciales de los campeonatos escolares de Toledo y<br \/>\nCiudad Real a mediados de diciembre, una vez pasada la Navidad.<\/span><i><u><\/u><\/i><\/b><\/p>\n<p class=\"MsoNormal\" style=\"text-align: justify\"><b><\/p>\n<table align=\"center\" cellpadding=\"0\" cellspacing=\"0\" class=\"tr-caption-container\" style=\"margin-left: auto;margin-right: auto\">\n<tbody>\n<tr>\n<td style=\"text-align: center\"><a href=\"https:\/\/blogger.googleusercontent.com\/img\/a\/AVvXsEjm3Dwld9y6P7UlwkWJHgYT-7wWP3qxs6JmYbBhhRJZOOlUjtLwHRXgzQ3fLXKpCq9Hy8PGkrj0sZy1zF0BNLS_g5aWB1FbOgiL41ZTml3kfEhFxCEr9vsN-NjAtSfhB5xBjh-7_lMAwfD0rr8lqavSRuX3s1cDfiKJgoRtGv_AcB704iAykZDteCVN=s1458\" style=\"margin-left: auto;margin-right: auto\"><img loading=\"lazy\" decoding=\"async\" border=\"0\" data-original-height=\"710\" data-original-width=\"1458\" height=\"312\" src=\"https:\/\/blogger.googleusercontent.com\/img\/a\/AVvXsEjm3Dwld9y6P7UlwkWJHgYT-7wWP3qxs6JmYbBhhRJZOOlUjtLwHRXgzQ3fLXKpCq9Hy8PGkrj0sZy1zF0BNLS_g5aWB1FbOgiL41ZTml3kfEhFxCEr9vsN-NjAtSfhB5xBjh-7_lMAwfD0rr8lqavSRuX3s1cDfiKJgoRtGv_AcB704iAykZDteCVN=w640-h312\" width=\"640\" \/><\/a><\/td>\n<\/tr>\n<tr>\n<td class=\"tr-caption\" style=\"text-align: center\">Tres de nuestros equipos en 2\u00aa divisi\u00f3n<\/td>\n<\/tr>\n<\/tbody>\n<\/table>\n<p><span style=\"font-family: helvetica;font-size: large\"><br \/><\/span><\/b><\/p>\n","protected":false},"excerpt":{"rendered":"<p>&nbsp; Jugadores de Nuestro Ajedrez en Europa recogiendoel trofeo que les acredita como campeones de la1\u00aa divisi\u00f3n toledana El domingo 12 de diciembre finaliz\u00f3 en Toledo el Campeonato Provincial por Equipos en 1\u00aa y 2\u00aa divisi\u00f3n. En 1\u00aa divisi\u00f3n, m\u00e1xima categor\u00eda del ajedrez provincial toledano, se proclam\u00f3 campe\u00f3n el club Nuestro Ajedrez en Europa, tras [&hellip;]<\/p>\n","protected":false},"author":1,"featured_media":0,"comment_status":"open","ping_status":"closed","sticky":false,"template":"","format":"standard","meta":{"footnotes":""},"categories":[1],"tags":[],"class_list":["post-4348","post","type-post","status-publish","format-standard","hentry","category-noticias"],"_links":{"self":[{"href":"https:\/\/www.bfv.cloud\/ajedrezeuropa\/wp-json\/wp\/v2\/posts\/4348","targetHints":{"allow":["GET"]}}],"collection":[{"href":"https:\/\/www.bfv.cloud\/ajedrezeuropa\/wp-json\/wp\/v2\/posts"}],"about":[{"href":"https:\/\/www.bfv.cloud\/ajedrezeuropa\/wp-json\/wp\/v2\/types\/post"}],"author":[{"embeddable":true,"href":"https:\/\/www.bfv.cloud\/ajedrezeuropa\/wp-json\/wp\/v2\/users\/1"}],"replies":[{"embeddable":true,"href":"https:\/\/www.bfv.cloud\/ajedrezeuropa\/wp-json\/wp\/v2\/comments?post=4348"}],"version-history":[{"count":1,"href":"https:\/\/www.bfv.cloud\/ajedrezeuropa\/wp-json\/wp\/v2\/posts\/4348\/revisions"}],"predecessor-version":[{"id":4349,"href":"https:\/\/www.bfv.cloud\/ajedrezeuropa\/wp-json\/wp\/v2\/posts\/4348\/revisions\/4349"}],"wp:attachment":[{"href":"https:\/\/www.bfv.cloud\/ajedrezeuropa\/wp-json\/wp\/v2\/media?parent=4348"}],"wp:term":[{"taxonomy":"category","embeddable":true,"href":"https:\/\/www.bfv.cloud\/ajedrezeuropa\/wp-json\/wp\/v2\/categories?post=4348"},{"taxonomy":"post_tag","embeddable":true,"href":"https:\/\/www.bfv.cloud\/ajedrezeuropa\/wp-json\/wp\/v2\/tags?post=4348"}],"curies":[{"name":"wp","href":"https:\/\/api.w.org\/{rel}","templated":true}]}}