{"id":4350,"date":"2013-11-18T22:57:00","date_gmt":"2013-11-18T22:57:00","guid":{"rendered":"https:\/\/www.bfv.cloud\/ajedrezeuropa\/index.php\/2013\/11\/18\/3-de-nuestros-equipos-entre-los-6-primeros-clasificados-del-campeonato-por-equipos-de-toledo\/"},"modified":"2025-11-20T11:16:10","modified_gmt":"2025-11-20T11:16:10","slug":"3-de-nuestros-equipos-entre-los-6-primeros-clasificados-del-campeonato-por-equipos-de-toledo","status":"publish","type":"post","link":"https:\/\/www.bfv.cloud\/ajedrezeuropa\/3-de-nuestros-equipos-entre-los-6-primeros-clasificados-del-campeonato-por-equipos-de-toledo\/","title":{"rendered":"3 DE NUESTROS EQUIPOS ENTRE LOS 6 PRIMEROS CLASIFICADOS DEL CAMPEONATO POR EQUIPOS DE TOLEDO"},"content":{"rendered":"<table cellpadding=\"0\" cellspacing=\"0\" class=\"tr-caption-container\" style=\"float: right;margin-left: 1em;text-align: right\">\n<tbody>\n<tr>\n<td style=\"text-align: center\"><a href=\"https:\/\/www.bfv.cloud\/ajedrezeuropa\/wp-content\/uploads\/2013\/11\/fotosprovincialequipos2014005.jpg\" style=\"clear: right;margin-bottom: 1em;margin-left: auto;margin-right: auto\"><img fetchpriority=\"high\" decoding=\"async\" border=\"0\" src=\"https:\/\/www.bfv.cloud\/ajedrezeuropa\/wp-content\/uploads\/2013\/11\/fotosprovincialequipos2014005.jpg\" height=\"300\" width=\"400\" \/><\/a><\/td>\n<\/tr>\n<tr>\n<td class=\"tr-caption\" style=\"text-align: center\">El equipo B de Nuestro Ajedrez por la Igualdad con Isabel, Julio,<br \/>\nArturo y Marta<\/td>\n<\/tr>\n<\/tbody>\n<\/table>\n<table cellpadding=\"0\" cellspacing=\"0\" class=\"tr-caption-container\" style=\"float: right;text-align: left\">\n<tbody>\n<tr>\n<td style=\"text-align: center\"><a href=\"https:\/\/www.bfv.cloud\/ajedrezeuropa\/wp-content\/uploads\/2013\/11\/fotosprovincialequipos2014007.jpg\" style=\"clear: left;margin-bottom: 1em;margin-left: auto;margin-right: auto\"><img decoding=\"async\" border=\"0\" src=\"https:\/\/www.bfv.cloud\/ajedrezeuropa\/wp-content\/uploads\/2013\/11\/fotosprovincialequipos2014007.jpg\" height=\"300\" width=\"400\" \/><\/a><\/td>\n<\/tr>\n<tr>\n<td class=\"tr-caption\" style=\"text-align: center\">Jos\u00e9 M\u00aa Redondo, Antonio Albo, Carlos Romo y Daniel Salas<br \/>\nforman el \u00abA\u00bb de la Igualdad, ocupando la 4\u00aa plaza<br \/>\nen la clasificaci\u00f3n provisional<\/td>\n<\/tr>\n<\/tbody>\n<\/table>\n<p><span style=\"color: #b45f06\">&nbsp;<span style=\"font-family: Trebuchet MS, sans-serif\"><b>Disputadas la 3\u00aa y 4\u00aa ronda del Campeonato por Equipos de Toledo de 1\u00aa divisi\u00f3n, todos nuestros equipos mantienen sus opciones para alcanzar los objetivos que estaban planteados. A falta de 3 rondas por jugarse, la clasificaci\u00f3n provisional est\u00e1 encabezada por el Club de Talavera con 13,5 puntos, seguido de Nuestro Ajedrez en Europa B con 10 puntos y de Bargas A con 9,5. En la 4\u00aa posici\u00f3n se encuentra el A de Nuestro Ajedrez por la Igualdad tras haber sumado 9 puntos, siendo 6\u00ba clasificado el equipo A de \u201cEuropa\u201d con 8 puntos, mientras la 11\u00aa plaza queda para la \u201cIgualdad\u201d B con 3. Como se puede apreciar, tan solo 2 puntos separan al 6\u00ba del 2\u00ba clasificado, lo que permitir\u00e1 disfrutar de unos enfrentamientos muy interesantes en las pr\u00f3ximas jornadas. El emparejamiento de la quinta partida, que se celebrar\u00e1 en la ma\u00f1ana de este domingo, puede ser clave&nbsp;<\/b><\/span><\/span><\/p>\n<table cellpadding=\"0\" cellspacing=\"0\" class=\"tr-caption-container\" style=\"float: left\">\n<tbody>\n<tr>\n<td style=\"text-align: center\"><a href=\"https:\/\/www.bfv.cloud\/ajedrezeuropa\/wp-content\/uploads\/2013\/11\/fotosprovincialequipos2014003.jpg\" style=\"clear: left;margin-bottom: 1em;margin-left: auto;margin-right: auto\"><span style=\"color: #b45f06\"><img decoding=\"async\" border=\"0\" src=\"https:\/\/www.bfv.cloud\/ajedrezeuropa\/wp-content\/uploads\/2013\/11\/fotosprovincialequipos2014003.jpg\" height=\"300\" width=\"400\" \/><\/span><\/a><\/td>\n<\/tr>\n<tr>\n<td class=\"tr-caption\" style=\"font-size: 13px;text-align: center\"><span style=\"color: #b45f06\">En 2\u00aa divisi\u00f3n, el equipo C de la Igualdad juega su 1\u00aa partida<\/span><\/td>\n<\/tr>\n<\/tbody>\n<\/table>\n<p><span style=\"font-family: Trebuchet MS, sans-serif\"><b><span style=\"color: #b45f06\">para el resultado final de este campeonato. Por un lado, el doble encuentro de los equipos de \u201cEuropa\u201d con Bargas y, por otro, la disputa en la mesa 1 entre la \u201cIgualdad\u201d A y Talavera A, pueden definir con mayor claridad las posibilidades de cada uno de los clubes en su lucha por ocupar los 3 primeros puestos de la clasificaci\u00f3n final. Adem\u00e1s, seg\u00fan consta en las bases del torneo, y siendo el equipo de Talavera el actual campe\u00f3n de Castilla-La Mancha en esta categor\u00eda, quedan abiertas las opciones para que un segundo club obtuviera la subvenci\u00f3n prevista del 50% para su participaci\u00f3n en el regional por equipos absoluto de 2014.<\/span><\/b><\/span><\/p>\n<div style=\"text-align: center\">\n<h4>\n<span style=\"color: #b45f06;font-family: Trebuchet MS, sans-serif\"><b><u><i>En primera l\u00ednea del campeonato<\/i><\/u><\/b><\/span><\/h4>\n<\/div>\n<table cellpadding=\"0\" cellspacing=\"0\" class=\"tr-caption-container\" style=\"float: right;text-align: right\">\n<tbody>\n<tr>\n<td style=\"text-align: center\"><a href=\"https:\/\/www.bfv.cloud\/ajedrezeuropa\/wp-content\/uploads\/2013\/11\/fotosprovincialequipos2014009.jpg\" style=\"clear: right;margin-bottom: 1em;margin-left: auto;margin-right: auto\"><img loading=\"lazy\" decoding=\"async\" border=\"0\" src=\"https:\/\/www.bfv.cloud\/ajedrezeuropa\/wp-content\/uploads\/2013\/11\/fotosprovincialequipos2014009.jpg\" height=\"300\" width=\"400\" \/><\/a><\/td>\n<\/tr>\n<tr>\n<td class=\"tr-caption\" style=\"text-align: center\">El B de Europa sigue en la lucha por las primeras posiciones del<br \/>\ncampeonato en 1\u00aa divisi\u00f3n<\/td>\n<\/tr>\n<\/tbody>\n<\/table>\n<p><span style=\"color: #b45f06;font-family: Trebuchet MS, sans-serif\"><b>Cumplida m\u00e1s de la mitad de la competici\u00f3n el balance general que podemos realizar de la actuaci\u00f3n de nuestros jugadores es muy positivo, con 3 equipos clasificados en las 6 primeras posiciones y el cuarto, compuesto por los chicos y chicas de menor edad, consolid\u00e1ndose como una alternativa para el futuro de nuestro ajedrez. Este trabajo de consolidaci\u00f3n y aprendizaje tiene mayor dificultad, en el apartado de resultados, cuando se plantea con jugadores absolutos de gran experiencia y buen nivel t\u00e9cnico, sin embargo, el est\u00edmulo para seguir mejorando y creciendo en conocimientos es mucho mayor. De cara a la 5\u00aa ronda, los chavales de la Igualdad B, se enfrentar\u00e1n al club Coordinadora de Toledo.<\/b><\/span><\/p>\n<table cellpadding=\"0\" cellspacing=\"0\" class=\"tr-caption-container\" style=\"float: right;text-align: right\">\n<tbody>\n<tr>\n<td style=\"text-align: center\"><a href=\"https:\/\/www.bfv.cloud\/ajedrezeuropa\/wp-content\/uploads\/2013\/11\/fotosprovincialequipos2014001.jpg\" style=\"clear: right;margin-bottom: 1em;margin-left: auto;margin-right: auto\"><img loading=\"lazy\" decoding=\"async\" border=\"0\" src=\"https:\/\/www.bfv.cloud\/ajedrezeuropa\/wp-content\/uploads\/2013\/11\/fotosprovincialequipos2014001.jpg\" height=\"300\" width=\"400\" \/><\/a><\/td>\n<\/tr>\n<tr>\n<td class=\"tr-caption\" style=\"text-align: center\">Nuestro Ajedrez en Europa C inicia su competici\u00f3n en 2\u00aa divisi\u00f3n<\/td>\n<\/tr>\n<\/tbody>\n<\/table>\n<h4>\n<span style=\"color: #990000;font-family: Trebuchet MS, sans-serif\"><b><u><i>La primera jornada de la 2\u00aa divisi\u00f3n<\/i><\/u><\/b><\/span><\/h4>\n<p><span style=\"color: #990000;font-family: Trebuchet MS, sans-serif\"><b>Mientras tanto la 2\u00aa divisi\u00f3n iniciaba su andadura con la celebraci\u00f3n de las 2 primeras rondas. 9 chicos y chicas de nuestras escuelas de ajedrez de Alc\u00e1zar y Villafranca han disputado estas 2 partidas con la mirada puesta en el entrenamiento y la preparaci\u00f3n para los escolares de Ciudad Real y Toledo que se disputar\u00e1n a partir de mediados de enero de 2014.<\/b><\/span><\/p>\n<p><\/p>\n<div class=\"separator\" style=\"clear: both;text-align: center\">\n<\/div>\n","protected":false},"excerpt":{"rendered":"<p>El equipo B de Nuestro Ajedrez por la Igualdad con Isabel, Julio, Arturo y Marta Jos\u00e9 M\u00aa Redondo, Antonio Albo, Carlos Romo y Daniel Salas forman el \u00abA\u00bb de la Igualdad, ocupando la 4\u00aa plaza en la clasificaci\u00f3n provisional &nbsp;Disputadas la 3\u00aa y 4\u00aa ronda del Campeonato por Equipos de Toledo de 1\u00aa divisi\u00f3n, todos [&hellip;]<\/p>\n","protected":false},"author":1,"featured_media":4351,"comment_status":"open","ping_status":"closed","sticky":false,"template":"","format":"standard","meta":{"footnotes":""},"categories":[1],"tags":[],"class_list":["post-4350","post","type-post","status-publish","format-standard","has-post-thumbnail","hentry","category-noticias"],"_links":{"self":[{"href":"https:\/\/www.bfv.cloud\/ajedrezeuropa\/wp-json\/wp\/v2\/posts\/4350","targetHints":{"allow":["GET"]}}],"collection":[{"href":"https:\/\/www.bfv.cloud\/ajedrezeuropa\/wp-json\/wp\/v2\/posts"}],"about":[{"href":"https:\/\/www.bfv.cloud\/ajedrezeuropa\/wp-json\/wp\/v2\/types\/post"}],"author":[{"embeddable":true,"href":"https:\/\/www.bfv.cloud\/ajedrezeuropa\/wp-json\/wp\/v2\/users\/1"}],"replies":[{"embeddable":true,"href":"https:\/\/www.bfv.cloud\/ajedrezeuropa\/wp-json\/wp\/v2\/comments?post=4350"}],"version-history":[{"count":1,"href":"https:\/\/www.bfv.cloud\/ajedrezeuropa\/wp-json\/wp\/v2\/posts\/4350\/revisions"}],"predecessor-version":[{"id":4356,"href":"https:\/\/www.bfv.cloud\/ajedrezeuropa\/wp-json\/wp\/v2\/posts\/4350\/revisions\/4356"}],"wp:featuredmedia":[{"embeddable":true,"href":"https:\/\/www.bfv.cloud\/ajedrezeuropa\/wp-json\/wp\/v2\/media\/4351"}],"wp:attachment":[{"href":"https:\/\/www.bfv.cloud\/ajedrezeuropa\/wp-json\/wp\/v2\/media?parent=4350"}],"wp:term":[{"taxonomy":"category","embeddable":true,"href":"https:\/\/www.bfv.cloud\/ajedrezeuropa\/wp-json\/wp\/v2\/categories?post=4350"},{"taxonomy":"post_tag","embeddable":true,"href":"https:\/\/www.bfv.cloud\/ajedrezeuropa\/wp-json\/wp\/v2\/tags?post=4350"}],"curies":[{"name":"wp","href":"https:\/\/api.w.org\/{rel}","templated":true}]}}