{"id":4357,"date":"2019-09-02T19:05:00","date_gmt":"2019-09-02T19:05:00","guid":{"rendered":"https:\/\/www.bfv.cloud\/ajedrezeuropa\/index.php\/2019\/09\/02\/nuestros-equipos-juveniles-finalizan-6o-y-9o-en-el-campeonato-regional-por-clubes-sub18\/"},"modified":"2025-11-20T11:16:15","modified_gmt":"2025-11-20T11:16:15","slug":"nuestros-equipos-juveniles-finalizan-6o-y-9o-en-el-campeonato-regional-por-clubes-sub18","status":"publish","type":"post","link":"https:\/\/www.bfv.cloud\/ajedrezeuropa\/nuestros-equipos-juveniles-finalizan-6o-y-9o-en-el-campeonato-regional-por-clubes-sub18\/","title":{"rendered":"NUESTROS EQUIPOS JUVENILES FINALIZAN 6\u00ba Y 9\u00ba EN EL CAMPEONATO REGIONAL POR CLUBES SUB18"},"content":{"rendered":"<table align=\"center\" cellpadding=\"0\" cellspacing=\"0\" class=\"tr-caption-container\" style=\"margin-left: auto;margin-right: auto;text-align: center\">\n<tbody>\n<tr>\n<td style=\"text-align: center\"><a href=\"https:\/\/www.bfv.cloud\/ajedrezeuropa\/wp-content\/uploads\/2019\/09\/EQUIPOSJUVENILESEUROPA252BIGUALDAD.jpg\" style=\"margin-left: auto;margin-right: auto\"><img fetchpriority=\"high\" decoding=\"async\" border=\"0\" data-original-height=\"821\" data-original-width=\"1223\" height=\"428\" src=\"https:\/\/blogger.googleusercontent.com\/img\/b\/R29vZ2xl\/AVvXsEhE-3vSPymlakhTva3ied7YOq8imeFKFe623D3bNHz96ERbNAbe3_I0gWTJwCXa2fnVCknhsni-bNBz6mFO6tljX263p45Vtx9FpzxW7VI6Z4PZ67_hSnbxy_8LO7x2Oj8WA44VZHR2rbE\/s640\/EQUIPOS+JUVENILES+EUROPA%252BIGUALDAD.jpg\" width=\"640\" \/><\/a><\/td>\n<\/tr>\n<tr>\n<td class=\"tr-caption\" style=\"text-align: center\">Jugadores y preparadores de los equipos juveniles de Nuestro Ajedrez en Europa y Nuestro Ajedrez por la Igualdad<\/td>\n<\/tr>\n<\/tbody>\n<\/table>\n<p><span style=\"font-family: Verdana, sans-serif;font-size: large\">Ayer finaliz\u00f3 en Albacete el Campeonato Regional por Equipos S18 y S12. Las escuelas de ajedrez de Alc\u00e1zar y Villafranca participaron con 2 formaciones juveniles representando a los clubes: Nuestro Ajedrez en Europa y Nuestro Ajedrez por la Igualdad, sumando un total de 13 jugadores.<\/span><br \/>\n<span style=\"font-family: Verdana, sans-serif;font-size: large\">Este campeonato auton\u00f3mico por equipos cont\u00f3 con la presencia de 12 clubes castellano-manchegos, 5 de la provincia de Albacete, 3 de Toledo, 3 de Ciudad Real y uno de Guadalajara.<\/span><br \/>\n<span style=\"font-family: Verdana, sans-serif;font-size: large\"><\/p>\n<table align=\"center\" cellpadding=\"0\" cellspacing=\"0\" class=\"tr-caption-container\" style=\"float: left;margin-right: 1em;text-align: left\">\n<tbody>\n<tr>\n<td style=\"text-align: center\"><a href=\"https:\/\/www.bfv.cloud\/ajedrezeuropa\/wp-content\/uploads\/2019\/09\/EQUIPOSANTEELTABLERO.jpg\" style=\"margin-left: auto;margin-right: auto\"><img decoding=\"async\" border=\"0\" data-original-height=\"956\" data-original-width=\"1534\" height=\"246\" src=\"https:\/\/blogger.googleusercontent.com\/img\/b\/R29vZ2xl\/AVvXsEhUsC8-C1Y_kuubZHCPAHEQEPyKSR0xpTm13OxNkhVemOZPICrjF82zZTbWacZAbvtBicXfukljhyCzLbhySrz1qsIgTNCPjbZ-yZVXsLaTG5c5xJlhyphenhypheniCBg054M0rgL-khEhQ_JcVfFA0\/s400\/EQUIPOS+ANTE+EL+TABLERO.jpg\" width=\"400\" \/><\/a><\/td>\n<\/tr>\n<tr>\n<td class=\"tr-caption\" style=\"text-align: center\">Los 13 componentes de los equipos<\/td>\n<\/tr>\n<\/tbody>\n<\/table>\n<p><\/span><br \/>\n<span style=\"font-family: Verdana, sans-serif;font-size: large\">El rendimiento de nuestros 2 equipos ha sido desigual. Por un lado, Nuestro Ajedrez por la Igualdad, mejor\u00f3 en 2 puestos su posici\u00f3n en el ranking inicial, quedando en 9\u00aa posici\u00f3n partiendo de la 11\u00aa y dejando unas magn\u00edficas sensaciones entre muchos de sus jugadores. La actuaci\u00f3n personal de sus componentes es la siguiente:<\/span><\/p>\n<div class=\"separator\" style=\"clear: both;text-align: center\">\n<a href=\"https:\/\/www.bfv.cloud\/ajedrezeuropa\/wp-content\/uploads\/2019\/09\/LISTADOJUGADORESIGUALDAD.jpg\" style=\"margin-left: 1em;margin-right: 1em\"><img decoding=\"async\" border=\"0\" data-original-height=\"328\" data-original-width=\"1600\" height=\"130\" src=\"https:\/\/blogger.googleusercontent.com\/img\/b\/R29vZ2xl\/AVvXsEg_A75F8etw2Khj39oM641dyNpAbgTArjE22WA-lHfbC0WTahAo8PU7U3f4FG6a7mu1lqnzrmk-le3U_li_lxhIxrGPzpo03EiQjKLRZF-c2QgdPB2cJxOZZfuR-di6nwXjrxqps1pZLfA\/s640\/LISTADO+JUGADORES+IGUALDAD.jpg\" width=\"640\" \/><\/a><\/div>\n<div class=\"separator\" style=\"clear: both;text-align: center\">\n<\/div>\n<table cellpadding=\"0\" cellspacing=\"0\" class=\"tr-caption-container\" style=\"float: right;margin-left: 1em;text-align: right\">\n<tbody>\n<tr>\n<td style=\"text-align: center\"><a href=\"https:\/\/www.bfv.cloud\/ajedrezeuropa\/wp-content\/uploads\/2019\/09\/EUROPAS18.jpg\" style=\"clear: right;margin-bottom: 1em;margin-left: auto;margin-right: auto\"><img loading=\"lazy\" decoding=\"async\" border=\"0\" data-original-height=\"857\" data-original-width=\"1202\" height=\"281\" src=\"https:\/\/blogger.googleusercontent.com\/img\/b\/R29vZ2xl\/AVvXsEjp-uDA9NC7Dvreu_lXltFcPU0yozxkI32BeB-vtuSUYmGQqWfgczJlGe3HYCgLBtnpSjCPbXff-Xe9nXFEDWJqQwidiN5Zt5DApYUEAl9lYH3K6St8324HTiNrlT9RpR9QKibMgf32_d0\/s400\/EUROPA+S18.jpg\" width=\"400\" \/><\/a><\/td>\n<\/tr>\n<tr>\n<td class=\"tr-caption\" style=\"text-align: center\">El equipos juvenil de Nuestro Ajedrez en Europa con su entrenador, Isaac<\/td>\n<\/tr>\n<\/tbody>\n<\/table>\n<p><span style=\"font-family: Verdana, sans-serif;font-size: large\">Por su parte, Nuestro Ajedrez en Europa, estuvo siempre por debajo del juego esperado y hasta de su te\u00f3rico potencial. El club part\u00eda de la 2\u00aa plaza del ranking inicial gracias a contar con 4 jugadores con una valoraci\u00f3n superior a los 1.700 puntos de Elo internacional, que sumado a la gran experiencia de 5 de los 6 integrantes y a la similitud en la fuerza de varios equipos, auguraba una competici\u00f3n igualada y re\u00f1ida hasta la \u00faltima ronda. Despu\u00e9s la realidad les dej\u00f3 fuera de las opciones por el campeonato tras jugarse la ronda 4 y los situ\u00f3 en la 6\u00aa posici\u00f3n, finalmente, dejando pasar una magn\u00edfica oportunidad de poder luchar por el t\u00edtulo regional. Los resultados individualizados pueden verse a continuaci\u00f3n:<\/span><br \/>\n<a href=\"https:\/\/www.bfv.cloud\/ajedrezeuropa\/wp-content\/uploads\/2019\/09\/LISTADOJUGADORESEUROPA.jpg\" style=\"margin-left: 1em;margin-right: 1em\"><img loading=\"lazy\" decoding=\"async\" border=\"0\" data-original-height=\"283\" data-original-width=\"1600\" height=\"110\" src=\"https:\/\/blogger.googleusercontent.com\/img\/b\/R29vZ2xl\/AVvXsEhUAoMF9kdYZmuqMxPd1t_zf20bwfRMimXT7gSzGUDjG7yEA3GTiPC4vW4ALIjdeCkC2W79AHf1dNegLhle1SsbjNWyowZwhPKjhDjMAZv5VKpZbyWJcGFYEt6D3SeWtyfXZJdecKsTDgo\/s640\/LISTADO+JUGADORES+EUROPA.jpg\" width=\"640\" \/><\/a><br \/>\n<span style=\"font-family: Verdana, sans-serif;font-size: large\">Unos \u00faltimos agradecimientos:<\/span><br \/>\n<span style=\"font-family: Verdana, sans-serif;font-size: large\">&#8211; A los preparadores, Isaac Lozano y Silvia Toribio, por su trabajo durante todo el campeonato.<\/span><br \/>\n<span style=\"font-family: Verdana, sans-serif;font-size: large\">&#8211; A las familias de los chicos y chicas de nuestros equipos por su colaboraci\u00f3n en el desplazamiento a Albacete.<\/span><\/p>\n","protected":false},"excerpt":{"rendered":"<p>Jugadores y preparadores de los equipos juveniles de Nuestro Ajedrez en Europa y Nuestro Ajedrez por la Igualdad Ayer finaliz\u00f3 en Albacete el Campeonato Regional por Equipos S18 y S12. Las escuelas de ajedrez de Alc\u00e1zar y Villafranca participaron con 2 formaciones juveniles representando a los clubes: Nuestro Ajedrez en Europa y Nuestro Ajedrez por [&hellip;]<\/p>\n","protected":false},"author":1,"featured_media":4358,"comment_status":"open","ping_status":"closed","sticky":false,"template":"","format":"standard","meta":{"footnotes":""},"categories":[1],"tags":[],"class_list":["post-4357","post","type-post","status-publish","format-standard","has-post-thumbnail","hentry","category-noticias"],"_links":{"self":[{"href":"https:\/\/www.bfv.cloud\/ajedrezeuropa\/wp-json\/wp\/v2\/posts\/4357","targetHints":{"allow":["GET"]}}],"collection":[{"href":"https:\/\/www.bfv.cloud\/ajedrezeuropa\/wp-json\/wp\/v2\/posts"}],"about":[{"href":"https:\/\/www.bfv.cloud\/ajedrezeuropa\/wp-json\/wp\/v2\/types\/post"}],"author":[{"embeddable":true,"href":"https:\/\/www.bfv.cloud\/ajedrezeuropa\/wp-json\/wp\/v2\/users\/1"}],"replies":[{"embeddable":true,"href":"https:\/\/www.bfv.cloud\/ajedrezeuropa\/wp-json\/wp\/v2\/comments?post=4357"}],"version-history":[{"count":1,"href":"https:\/\/www.bfv.cloud\/ajedrezeuropa\/wp-json\/wp\/v2\/posts\/4357\/revisions"}],"predecessor-version":[{"id":4363,"href":"https:\/\/www.bfv.cloud\/ajedrezeuropa\/wp-json\/wp\/v2\/posts\/4357\/revisions\/4363"}],"wp:featuredmedia":[{"embeddable":true,"href":"https:\/\/www.bfv.cloud\/ajedrezeuropa\/wp-json\/wp\/v2\/media\/4358"}],"wp:attachment":[{"href":"https:\/\/www.bfv.cloud\/ajedrezeuropa\/wp-json\/wp\/v2\/media?parent=4357"}],"wp:term":[{"taxonomy":"category","embeddable":true,"href":"https:\/\/www.bfv.cloud\/ajedrezeuropa\/wp-json\/wp\/v2\/categories?post=4357"},{"taxonomy":"post_tag","embeddable":true,"href":"https:\/\/www.bfv.cloud\/ajedrezeuropa\/wp-json\/wp\/v2\/tags?post=4357"}],"curies":[{"name":"wp","href":"https:\/\/api.w.org\/{rel}","templated":true}]}}