{"id":4364,"date":"2017-10-16T18:59:00","date_gmt":"2017-10-16T18:59:00","guid":{"rendered":"https:\/\/www.bfv.cloud\/ajedrezeuropa\/index.php\/2017\/10\/16\/la-asociacion-tdah-de-toledo-premia-a-nuestro-ajedrez-en-europa\/"},"modified":"2025-11-20T11:16:18","modified_gmt":"2025-11-20T11:16:18","slug":"la-asociacion-tdah-de-toledo-premia-a-nuestro-ajedrez-en-europa","status":"publish","type":"post","link":"https:\/\/www.bfv.cloud\/ajedrezeuropa\/la-asociacion-tdah-de-toledo-premia-a-nuestro-ajedrez-en-europa\/","title":{"rendered":"LA ASOCIACI\u00d3N TDAH DE TOLEDO PREMIA A NUESTRO AJEDREZ EN EUROPA"},"content":{"rendered":"<div class=\"separator\" style=\"clear: both;text-align: center\">\n<a href=\"https:\/\/www.bfv.cloud\/ajedrezeuropa\/wp-content\/uploads\/2017\/10\/TDH252812529.png\" style=\"clear: right;float: right;margin-bottom: 1em;margin-left: 1em\"><img fetchpriority=\"high\" decoding=\"async\" border=\"0\" data-original-height=\"194\" data-original-width=\"696\" height=\"177\" src=\"https:\/\/blogger.googleusercontent.com\/img\/b\/R29vZ2xl\/AVvXsEg9kypNNWWteTFd9J-mNbpSimOIAAtOrXiggR5nbsuqi_koQnBfg0cus_6tpHfRqiC5Nn-yR-YnNhggx4uIj3FsSWws8OPSG27eaMSqRusmgLDpvcW4oxJ8F9EpuzwATRX7Cy2yukrrD9A\/s640\/TDH+%25281%2529.png\" width=\"640\" \/><\/a><\/div>\n<p><span style=\", serif;font-size: large\"><b>La Asociaci\u00f3n de padres y madres de ni\u00f1os y ni\u00f1as TDAH de Toledo acaba de publicar las personas, instituciones o entidades galardonadas con sus premios o menciones anuales. En 2017 estos prestigiosos premios, que reconocen la labor de colectivos o personas en la atenci\u00f3n y colaboraci\u00f3n en el campo de la investigaci\u00f3n, el diagn\u00f3stico o el tratamiento m\u00e9dico, educativo y social de ni\u00f1os y ni\u00f1as con TDAH, han reca\u00eddo en:<\/b><\/span><br \/>\n<span style=\", serif;font-size: large\"><b><br \/><\/b><\/span><br \/>\n<span style=\", serif;font-size: large\"><b>&#8211; \u00c1mbito de la Salud: Doctora Anabel Yag\u00fce Alonso, de la Unidad de Salud Mental Infantil y Juvenil del Servicio de Psiquiatr\u00eda del Complejo Hospitalario de Toledo. Servicio de Salud de Castilla-La Mancha.<\/b><\/span><br \/>\n<span style=\", serif;font-size: large\"><b><br \/><\/b><\/span><br \/>\n<a href=\"https:\/\/www.bfv.cloud\/ajedrezeuropa\/wp-content\/uploads\/2017\/10\/CARTELTRATAMIENTOAJEDREZENTDAHPARAWEB.jpg\" style=\"clear: left;float: left;margin-bottom: 1em;margin-right: 1em\"><img decoding=\"async\" border=\"0\" data-original-height=\"1600\" data-original-width=\"1486\" height=\"400\" src=\"https:\/\/blogger.googleusercontent.com\/img\/b\/R29vZ2xl\/AVvXsEiIrAPJmbjwBWLMNXQRdt1Eqoh-7iThPby1Tbq0GkxIyhX6keqgrrvBKK2EXixXJVhfFzW2j4rBYPA_ufTmJyf-8HLOt1507Zty1pIeWbjVeRPzk0xvS2a6ZxVNeuu25ENcroamMnV5t24\/s400\/CARTEL+TRATAMIENTO+AJEDREZ+EN+TDAH+PARA+WEB.jpg\" width=\"371\" \/><\/a><span style=\", serif;font-size: large\"><b>&#8211; \u00c1mbito educativo: \u00c1ngel Felpeto Enr\u00edquez, consejero de Educaci\u00f3n, Cultura y Deportes de la Junta de Comunidades de Castilla-La Mancha.<\/b><\/span><br \/>\n<span style=\", serif;font-size: large\"><b><br \/><\/b><\/span><br \/>\n<span style=\", serif;font-size: large\"><b>&#8211; \u00c1mbito social: CD Nuestro Ajedrez en Europa.<\/b><\/span><br \/>\n<span style=\", serif;font-size: large\"><b><br \/><\/b><\/span><br \/>\n<span style=\", serif;font-size: large\"><b>&#8211; \u00c1mbito institucional: Excmo Ayuntamiento de Toledo.<\/b><\/span><br \/>\n<span style=\", serif;font-size: large\"><b><br \/><\/b><\/span><br \/>\n<span style=\", serif;font-size: large\"><b>&#8211; Menci\u00f3n especial: Al ni\u00f1o, Diego Torrej\u00f3n Trimi\u00f1o.<\/b><\/span><br \/>\n<span style=\", serif;font-size: large\"><b><br \/><\/b><\/span><br \/>\n<span style=\", serif;font-size: large\"><b>El sal\u00f3n de actos de la Biblioteca Regional de Castilla-La Mancha en el Alc\u00e1zar de Toledo acoger\u00e1 el acto p\u00fablico de entrega de premios el viernes 20 de octubre a las 19 horas.<\/b><\/span><br \/>\n<span style=\", serif;font-size: large\"><b><br \/><\/b><\/span><br \/>\n<span style=\", serif;font-size: large\"><b>Desde Nuestro Ajedrez en Europa queremos agradecer a la Asociaci\u00f3n TDAH de Toledo este importante reconocimiento que trasciende lo deportivo y entra en el terreno del trabajo social y el tratamiento del Trastorno por D\u00e9ficit de Atenci\u00f3n e Hiperactividad.&nbsp; Esta distinci\u00f3n a nuestro proyecto va unida a la de otras personalidades e instituciones que hacen resaltar todav\u00eda m\u00e1s el valor de estos premios.<\/b><\/span><\/p>\n","protected":false},"excerpt":{"rendered":"<p>La Asociaci\u00f3n de padres y madres de ni\u00f1os y ni\u00f1as TDAH de Toledo acaba de publicar las personas, instituciones o entidades galardonadas con sus premios o menciones anuales. En 2017 estos prestigiosos premios, que reconocen la labor de colectivos o personas en la atenci\u00f3n y colaboraci\u00f3n en el campo de la investigaci\u00f3n, el diagn\u00f3stico o [&hellip;]<\/p>\n","protected":false},"author":1,"featured_media":4365,"comment_status":"open","ping_status":"closed","sticky":false,"template":"","format":"standard","meta":{"footnotes":""},"categories":[1],"tags":[],"class_list":["post-4364","post","type-post","status-publish","format-standard","has-post-thumbnail","hentry","category-noticias"],"_links":{"self":[{"href":"https:\/\/www.bfv.cloud\/ajedrezeuropa\/wp-json\/wp\/v2\/posts\/4364","targetHints":{"allow":["GET"]}}],"collection":[{"href":"https:\/\/www.bfv.cloud\/ajedrezeuropa\/wp-json\/wp\/v2\/posts"}],"about":[{"href":"https:\/\/www.bfv.cloud\/ajedrezeuropa\/wp-json\/wp\/v2\/types\/post"}],"author":[{"embeddable":true,"href":"https:\/\/www.bfv.cloud\/ajedrezeuropa\/wp-json\/wp\/v2\/users\/1"}],"replies":[{"embeddable":true,"href":"https:\/\/www.bfv.cloud\/ajedrezeuropa\/wp-json\/wp\/v2\/comments?post=4364"}],"version-history":[{"count":1,"href":"https:\/\/www.bfv.cloud\/ajedrezeuropa\/wp-json\/wp\/v2\/posts\/4364\/revisions"}],"predecessor-version":[{"id":4367,"href":"https:\/\/www.bfv.cloud\/ajedrezeuropa\/wp-json\/wp\/v2\/posts\/4364\/revisions\/4367"}],"wp:featuredmedia":[{"embeddable":true,"href":"https:\/\/www.bfv.cloud\/ajedrezeuropa\/wp-json\/wp\/v2\/media\/4365"}],"wp:attachment":[{"href":"https:\/\/www.bfv.cloud\/ajedrezeuropa\/wp-json\/wp\/v2\/media?parent=4364"}],"wp:term":[{"taxonomy":"category","embeddable":true,"href":"https:\/\/www.bfv.cloud\/ajedrezeuropa\/wp-json\/wp\/v2\/categories?post=4364"},{"taxonomy":"post_tag","embeddable":true,"href":"https:\/\/www.bfv.cloud\/ajedrezeuropa\/wp-json\/wp\/v2\/tags?post=4364"}],"curies":[{"name":"wp","href":"https:\/\/api.w.org\/{rel}","templated":true}]}}