{"id":4368,"date":"2017-04-28T09:17:00","date_gmt":"2017-04-28T09:17:00","guid":{"rendered":"https:\/\/www.bfv.cloud\/ajedrezeuropa\/index.php\/2017\/04\/28\/5-participantes-de-nuestras-escuelas-en-la-fase-regional-del-escolar\/"},"modified":"2025-11-20T11:16:25","modified_gmt":"2025-11-20T11:16:25","slug":"5-participantes-de-nuestras-escuelas-en-la-fase-regional-del-escolar","status":"publish","type":"post","link":"https:\/\/www.bfv.cloud\/ajedrezeuropa\/5-participantes-de-nuestras-escuelas-en-la-fase-regional-del-escolar\/","title":{"rendered":"5 PARTICIPANTES DE NUESTRAS ESCUELAS EN LA FASE REGIONAL DEL ESCOLAR"},"content":{"rendered":"<table cellpadding=\"0\" cellspacing=\"0\" class=\"tr-caption-container\" style=\"float: left;margin-right: 1em;text-align: left\">\n<tbody>\n<tr>\n<td style=\"text-align: center\"><a href=\"https:\/\/www.bfv.cloud\/ajedrezeuropa\/wp-content\/uploads\/2017\/04\/SAM_3371.jpg\" style=\"clear: left;margin-bottom: 1em;margin-left: auto;margin-right: auto\"><img fetchpriority=\"high\" decoding=\"async\" border=\"0\" height=\"300\" src=\"https:\/\/blogger.googleusercontent.com\/img\/b\/R29vZ2xl\/AVvXsEgpuSt59yf837M7zgKqX_tfYEnyd8j82hjqzwjFm3OD0jKfgVMLsW5PKrA4B4sB_OuuVuuO_H9Bbnthh0fx-HPvwGWOQOa2K9eNvs4sGIBHgUdwnfCGdlegMX-n863bhWBf4fgTUqHz66w\/s400\/SAM_3371.JPG\" width=\"400\" \/><\/a><\/td>\n<\/tr>\n<tr>\n<td class=\"tr-caption\" style=\"text-align: center\">Nuria Lozano en el regional infantil<\/td>\n<\/tr>\n<\/tbody>\n<\/table>\n<p><span style=\", sans-serif;font-size: large\">La fase regional del Deporte en Edad Escolar comienza hoy en las Lagunas de Ruidera. Al final la representaci\u00f3n de nuestras escuelas ser\u00e1 de 3 chicas y 2 chicos, con participaci\u00f3n en las 4 categor\u00edas en las que se divide este campeonato.<\/span><\/p>\n<table cellpadding=\"0\" cellspacing=\"0\" class=\"tr-caption-container\" style=\"float: right;margin-left: 1em;text-align: right\">\n<tbody>\n<tr>\n<td style=\"text-align: center\"><a href=\"https:\/\/www.bfv.cloud\/ajedrezeuropa\/wp-content\/uploads\/2017\/04\/SAM_3365.jpg\" style=\"clear: right;margin-bottom: 1em;margin-left: auto;margin-right: auto\"><img decoding=\"async\" border=\"0\" height=\"300\" src=\"https:\/\/blogger.googleusercontent.com\/img\/b\/R29vZ2xl\/AVvXsEjaIoMTorXD82t6VM7SQyrmrA28svKuciltp26lk2VMBVQmIR7Ouh8GoFRy3fkGjkgVxqJHTFkzGqdOqRwG8Ac4xU9toCJqcXMmT8eopREiclgR3VAd6zk2SzM0Ji3a2o5iuwZzY6iwsHY\/s400\/SAM_3365.JPG\" width=\"400\" \/><\/a><\/td>\n<\/tr>\n<tr>\n<td class=\"tr-caption\" style=\"text-align: center\">Clara Vela, a la izquierda, jugar\u00e1 la fase regional del CRDEE<\/td>\n<\/tr>\n<\/tbody>\n<\/table>\n<p><\/p>\n<table cellpadding=\"0\" cellspacing=\"0\" class=\"tr-caption-container\" style=\"float: right;margin-left: 1em;text-align: right\">\n<tbody>\n<tr>\n<td style=\"text-align: center\"><a href=\"https:\/\/www.bfv.cloud\/ajedrezeuropa\/wp-content\/uploads\/2017\/04\/SAM_3377.jpg\" style=\"clear: right;margin-bottom: 1em;margin-left: auto;margin-right: auto\"><img decoding=\"async\" border=\"0\" height=\"300\" src=\"https:\/\/blogger.googleusercontent.com\/img\/b\/R29vZ2xl\/AVvXsEjp7mOsHsskndQrdNQ7HBKchsBc84wqa42Evhui_xTJ4bD-E7Ta1CAd4PwFSfmKDr2D5Fw1jeEEShmuRbVjC3RXEOAIHqi0AznKjnMOo7mS-rz1MajlfGIlHXhQ9AhghyC5te5t4yoIS9o\/s400\/SAM_3377.JPG\" width=\"400\" \/><\/a><\/td>\n<\/tr>\n<tr>\n<td class=\"tr-caption\" style=\"text-align: center\">Isabel Marcos-Alberca juega el cadete<\/td>\n<\/tr>\n<\/tbody>\n<\/table>\n<p><span style=\", sans-serif;font-size: large\">En el cadete y el infantil masculino son 16 los jugadores inscritos, con los hermanos Roberto y Alonso L\u00f3pez N\u00fa\u00f1ez como clasificados en cada una de estas categor\u00edas por la provincia de Toledo.<\/span><br \/>\n<span style=\"font-family: trebuchet ms, sans-serif;font-size: large\">Dentro de las categor\u00edas femeninas viajan: Isabel Marcos-Alberca Lizcano (cadete); Nuria Lozano Serrano y Clara Vela Adri\u00e1n (infantil).<\/span><br \/>\n<span style=\"font-family: trebuchet ms, sans-serif;font-size: large\">El campeonato finalizar\u00e1 el d\u00eda 1 de mayo tras disputarse 6 rondas en cada uno de los torneos, excepto en el cadete femenino que se ver\u00e1 reducido a 5 en funci\u00f3n del n\u00famero de participantes.<\/span><\/p>\n<table cellpadding=\"0\" cellspacing=\"0\" class=\"tr-caption-container\" style=\"float: left;margin-right: 1em;text-align: left\">\n<tbody>\n<tr>\n<td style=\"text-align: center\"><a href=\"https:\/\/www.bfv.cloud\/ajedrezeuropa\/wp-content\/uploads\/2017\/04\/SAM_3358.jpg\" style=\"clear: left;margin-bottom: 1em;margin-left: auto;margin-right: auto\"><img loading=\"lazy\" decoding=\"async\" border=\"0\" height=\"300\" src=\"https:\/\/blogger.googleusercontent.com\/img\/b\/R29vZ2xl\/AVvXsEjJoLt6a6ACLtgtjdcQAjYkd_N5tfEMjxDo8kuQQqkhN7P7c8jrNZ2rELdfqhSpJJ1Ke67JBK9ZPrrM0Gr-HM4x_GaXE-4-aup6PbVrONrq6FMrZrNvAI0Wbgq0LxKo-oQJ7WNEWF-DH7w\/s400\/SAM_3358.JPG\" width=\"400\" \/><\/a><\/td>\n<\/tr>\n<tr>\n<td class=\"tr-caption\" style=\"text-align: center\">Roberto L\u00f3pez, nuestro jugador en el cadete<\/td>\n<\/tr>\n<\/tbody>\n<\/table>\n<p><\/p>\n<table cellpadding=\"0\" cellspacing=\"0\" class=\"tr-caption-container\" style=\"float: left;margin-right: 1em;text-align: left\">\n<tbody>\n<tr>\n<td style=\"text-align: center\"><a href=\"https:\/\/www.bfv.cloud\/ajedrezeuropa\/wp-content\/uploads\/2017\/04\/SAM_3343.jpg\" style=\"clear: left;margin-bottom: 1em;margin-left: auto;margin-right: auto\"><img loading=\"lazy\" decoding=\"async\" border=\"0\" height=\"300\" src=\"https:\/\/blogger.googleusercontent.com\/img\/b\/R29vZ2xl\/AVvXsEgbAuD6QAJO_P56DWZ6WK1mQhzwUc6t6ThZ62FQ-xDmpVoNbOLZMZZ3kbGik4pnf0OQEX_kTaJP6v1pVEaHCTzGOoirzyqP2BI9bafLTNXTinyXURTc8YX1sSg0w8IqGMhEADCw7BBChg8\/s400\/SAM_3343.JPG\" width=\"400\" \/><\/a><\/td>\n<\/tr>\n<tr>\n<td class=\"tr-caption\" style=\"text-align: center\">Alonso L\u00f3pez en el regional infantil<\/td>\n<\/tr>\n<\/tbody>\n<\/table>\n<p><span style=\"font-family: Trebuchet MS, sans-serif;font-size: large\">Esperamos que la experiencia resulte muy positiva para todos y que podamos contar con el mayor n\u00famero de chic@s posibles en la fase nacional por selecciones auton\u00f3micas.&nbsp;<\/span><br \/>\n<span style=\"font-family: Trebuchet MS, sans-serif;font-size: large\">Es necesario aclarar que el CSD ( Consejo Superior de Deportes) tiene prevista la celebraci\u00f3n del Campeonato de Espa\u00f1a solamente en la categor\u00eda infantil, entre el 22 y el 25 junio, en la localidad gallega de Padr\u00f3n.<\/span><br \/>\n<span style=\"font-family: Trebuchet MS, sans-serif;font-size: large\">Desde la FEDA y las federaciones regionales de ajedrez se inform\u00f3 de la posibilidad de retomar la categor\u00eda cadete, perdida hace algunos a\u00f1os por recortes presupuestarios, aunque a d\u00eda de hoy no existe ninguna confirmaci\u00f3n sobre d\u00f3nde y cu\u00e1ndo se jugar\u00eda este campeonato.<\/span><\/p>\n","protected":false},"excerpt":{"rendered":"<p>Nuria Lozano en el regional infantil La fase regional del Deporte en Edad Escolar comienza hoy en las Lagunas de Ruidera. Al final la representaci\u00f3n de nuestras escuelas ser\u00e1 de 3 chicas y 2 chicos, con participaci\u00f3n en las 4 categor\u00edas en las que se divide este campeonato. Clara Vela, a la izquierda, jugar\u00e1 la [&hellip;]<\/p>\n","protected":false},"author":1,"featured_media":4369,"comment_status":"open","ping_status":"closed","sticky":false,"template":"","format":"standard","meta":{"footnotes":""},"categories":[1],"tags":[],"class_list":["post-4368","post","type-post","status-publish","format-standard","has-post-thumbnail","hentry","category-noticias"],"_links":{"self":[{"href":"https:\/\/www.bfv.cloud\/ajedrezeuropa\/wp-json\/wp\/v2\/posts\/4368","targetHints":{"allow":["GET"]}}],"collection":[{"href":"https:\/\/www.bfv.cloud\/ajedrezeuropa\/wp-json\/wp\/v2\/posts"}],"about":[{"href":"https:\/\/www.bfv.cloud\/ajedrezeuropa\/wp-json\/wp\/v2\/types\/post"}],"author":[{"embeddable":true,"href":"https:\/\/www.bfv.cloud\/ajedrezeuropa\/wp-json\/wp\/v2\/users\/1"}],"replies":[{"embeddable":true,"href":"https:\/\/www.bfv.cloud\/ajedrezeuropa\/wp-json\/wp\/v2\/comments?post=4368"}],"version-history":[{"count":1,"href":"https:\/\/www.bfv.cloud\/ajedrezeuropa\/wp-json\/wp\/v2\/posts\/4368\/revisions"}],"predecessor-version":[{"id":4374,"href":"https:\/\/www.bfv.cloud\/ajedrezeuropa\/wp-json\/wp\/v2\/posts\/4368\/revisions\/4374"}],"wp:featuredmedia":[{"embeddable":true,"href":"https:\/\/www.bfv.cloud\/ajedrezeuropa\/wp-json\/wp\/v2\/media\/4369"}],"wp:attachment":[{"href":"https:\/\/www.bfv.cloud\/ajedrezeuropa\/wp-json\/wp\/v2\/media?parent=4368"}],"wp:term":[{"taxonomy":"category","embeddable":true,"href":"https:\/\/www.bfv.cloud\/ajedrezeuropa\/wp-json\/wp\/v2\/categories?post=4368"},{"taxonomy":"post_tag","embeddable":true,"href":"https:\/\/www.bfv.cloud\/ajedrezeuropa\/wp-json\/wp\/v2\/tags?post=4368"}],"curies":[{"name":"wp","href":"https:\/\/api.w.org\/{rel}","templated":true}]}}