{"id":4375,"date":"2011-04-07T12:30:00","date_gmt":"2011-04-07T12:30:00","guid":{"rendered":"https:\/\/www.bfv.cloud\/ajedrezeuropa\/index.php\/2011\/04\/07\/campeonato-regional-por-edades-2011\/"},"modified":"2025-11-20T11:16:26","modified_gmt":"2025-11-20T11:16:26","slug":"campeonato-regional-por-edades-2011","status":"publish","type":"post","link":"https:\/\/www.bfv.cloud\/ajedrezeuropa\/campeonato-regional-por-edades-2011\/","title":{"rendered":"CAMPEONATO REGIONAL POR EDADES 2011"},"content":{"rendered":"<p><a href=\"https:\/\/www.bfv.cloud\/ajedrezeuropa\/wp-content\/uploads\/2011\/04\/cartel-del-campeonato-regional-por-edades-2011.jpg\" style=\"clear: left;float: left;margin-bottom: 1em;margin-right: 1em\"><img fetchpriority=\"high\" decoding=\"async\" border=\"0\" height=\"400\" src=\"https:\/\/blogger.googleusercontent.com\/img\/b\/R29vZ2xl\/AVvXsEg9rWyoUKyvPCcShmNLOJZGb2i2Lbv1fhx1-zCVeR6ECbltwQWNEEyHoY_-FXwX33zyUlbY_GQ4kyK77xvBwU69DhvRgO5fLZ2t7tKmhS4FNJE7m1bfcj8m3bwLQZnmEtxgwG5LR77zZKg\/s400\/cartel-del-campeonato-regional-por-edades-2011.jpg\" width=\"281\" \/><\/a><\/p>\n<div style=\"border-bottom: medium none;border-left: medium none;border-right: medium none;border-top: medium none\">\n<\/div>\n<div style=\"border-bottom: medium none;border-left: medium none;border-right: medium none;border-top: medium none\">\n<\/div>\n<div style=\"border-bottom: medium none;border-left: medium none;border-right: medium none;border-top: medium none\"><strong><span style=\", serif\">Desde el pr\u00f3ximo viernes 15 hasta el lunes 18 de abril se va a disputar en Horche (Guadalajara) el Campeonato de Castilla-La Mancha por Edades. La numerosa delegaci\u00f3n que nos representar\u00e1 estar\u00e1 compuesta por 21 jugadores, de ellos 15 chicos y 6 chicas, entre los que se encontrar\u00e1n&nbsp;4 campeones provinciales de Ciudad Real y Toledo&nbsp;(2 chicos y&nbsp;2 chicas),&nbsp;6 subcampeones (3 chicas y&nbsp;3 chicos) y un tercer clasificado masculino. Estos ajedrecistas estar\u00e1n distribuidos por todas las categor\u00edas en las que quedar\u00e1 dividido este regional, seg\u00fan el siguiente detalle:<\/span><\/strong><\/div>\n<div align=\"center\">\n<p><strong><u><span style=\"color: blue;font-family: Georgia\">Sub-8<\/span><\/u><\/strong><\/div>\n<div align=\"center\"><strong><span style=\"color: blue;font-family: Georgia\">&#8211;&nbsp; Mar\u00eda Oliver <\/span><\/strong><\/div>\n<div align=\"center\"><span style=\"color: blue\"><strong><span style=\"font-family: Georgia\">&#8211;&nbsp; Paula Velasco<\/span><\/strong>\ufeff<\/span><br \/>\n<span style=\"color: #741b47\">&nbsp;<a href=\"http:\/\/chess-results.com\/tnr47052.aspx?art=0&amp;lan=6&amp;wi=1000\">informaci\u00f3n sub-8 y sub-10<\/a><\/span><\/div>\n<div align=\"center\"><strong><u><span style=\"background-color: white;color: lime;, serif\">Sub-10<\/span><\/u><\/strong><\/div>\n<div align=\"center\"><strong><span style=\"background-color: white;color: lime;font-family: Georgia\">&#8211;&nbsp; Julia Meza<\/span><\/strong><\/div>\n<div align=\"center\"><strong><u><span style=\"background-color: white;color: #f1c232;font-family: Georgia\">Sub-12<\/span><\/u><\/strong><\/div>\n<div align=\"center\"><strong><span style=\"background-color: white;color: #f1c232;font-family: Georgia\">&#8211;&nbsp; Irene Sim\u00f3n<\/span><\/strong><\/div>\n<div align=\"center\"><strong><span style=\"background-color: white;color: #f1c232;font-family: Georgia\">&#8211;&nbsp; Samuel Ortiz<\/span><\/strong><br \/>\n<a href=\"http:\/\/chess-results.com\/tnr47053.aspx?art=0&amp;lan=6&amp;wi=1000\">informaci\u00f3n sub-12<\/a><\/div>\n<div align=\"center\"><strong><u><span style=\"color: #93c47d;font-family: Georgia\">Sub-14<\/span><\/u><\/strong><\/div>\n<div align=\"center\"><strong><span style=\"color: #93c47d;font-family: Georgia\">&#8211;&nbsp; Cosimo Leonardo de Giorgi<\/span><\/strong><\/div>\n<div align=\"center\"><strong><span style=\"color: #93c47d;font-family: Georgia\">&#8211;&nbsp; Silvia Toribio<\/span><\/strong><\/div>\n<div align=\"center\"><strong><span style=\"color: #93c47d;font-family: Georgia\">&#8211;&nbsp; Isaac Lozano<\/span><\/strong><\/div>\n<div align=\"center\"><strong><span style=\"color: #93c47d;font-family: Georgia\">&#8211;&nbsp; Fernando Marcos-Alberca<\/span><\/strong><br \/>\n<a href=\"http:\/\/chess-results.com\/tnr47054.aspx?art=0&amp;lan=6&amp;wi=1000\">informaci\u00f3n sub-14<\/a><\/div>\n<div align=\"center\"><strong><u><span style=\"color: #8e7cc3;font-family: Georgia\">Sub-16<\/span><\/u><\/strong><\/div>\n<div align=\"center\"><strong><span style=\"color: #8e7cc3;font-family: Georgia\">&#8211;&nbsp; Daniel P\u00edriz<\/span><\/strong><\/div>\n<div align=\"center\"><strong><span style=\"color: #8e7cc3;font-family: Georgia\">&#8211;&nbsp; Santiago Talavera<\/span><\/strong><\/div>\n<div align=\"center\"><strong><span style=\"color: #8e7cc3;font-family: Georgia\">&#8211;&nbsp; Jorge Sim\u00f3n<\/span><\/strong><\/div>\n<div align=\"center\"><strong><span style=\"color: #8e7cc3;font-family: Georgia\">&#8211;&nbsp; Jos\u00e9 \u00c1ngel Vela<\/span><\/strong><\/div>\n<div align=\"center\"><strong><span style=\"color: #8e7cc3;font-family: Georgia\">&#8211;&nbsp; Sergio Valencia<\/span><\/strong><\/div>\n<div align=\"center\"><strong><span style=\"color: #8e7cc3;font-family: Georgia\">&#8211;&nbsp; Jes\u00fas Mar\u00eda Bricio<\/span><\/strong><\/div>\n<div align=\"center\"><strong><span style=\"color: #8e7cc3;font-family: Georgia\">&#8211;&nbsp;Manuel Lorenzo Marcos-Alberca<\/span><\/strong><\/div>\n<div align=\"center\"><strong><span style=\"color: #8e7cc3;font-family: Georgia\">&#8211;&nbsp; Mario Rubio<\/span><\/strong><br \/>\n<a href=\"http:\/\/chess-results.com\/tnr47055.aspx?art=0&amp;lan=6&amp;wi=1000\">informaci\u00f3n sub-16<\/a><\/div>\n<div align=\"center\"><strong><u><span style=\"font-family: Georgia\">Sub-18<\/span><\/u><\/strong><\/div>\n<div align=\"center\"><strong><span style=\"font-family: Georgia\">&#8211;&nbsp; An\u00edbal Pedraza<\/span><\/strong><\/div>\n<div align=\"center\"><strong><span style=\"font-family: Georgia\">&#8211;&nbsp; Blanca Y\u00e9benes<\/span><\/strong><\/div>\n<div align=\"center\"><strong><span style=\"font-family: Georgia\">&#8211;&nbsp; Antonio S\u00e1nchez-Beato<\/span><\/strong><\/div>\n<div align=\"center\"><strong><span style=\"font-family: Georgia\">&#8211;&nbsp; Daniel Salas<\/span><\/strong><br \/>\n<a href=\"http:\/\/chess-results.com\/tnr47056.aspx?art=0&amp;lan=6&amp;wi=1000\">informaci\u00f3n sub-18<\/a>\n<\/div>\n<div align=\"left\"><strong><span style=\", serif\">Como responsable t\u00e9cnico del gru<\/span><\/strong>\ufeff<strong><span style=\", serif\">po les acompa\u00f1ar\u00e1 Luis Miguel Monreal, y para&nbsp;las importantes responsabilidades restantes se encontrar\u00e1n&nbsp; en los hoteles de la organizaci\u00f3n, tanto en el de Horche como en el de Guadalajara, un buen n\u00famero de madres y padres cuya colaboraci\u00f3n queremos agradecer desde este momento.<\/span><\/strong><\/div>\n<div align=\"left\"><strong><span style=\"font-family: Georgia\">Por primera vez, el grupo de participantes de nuestro proyecto supera la veintena, convirti\u00e9ndose en la mayor representaci\u00f3n de todos los clubes y escuelas de Castilla-La Mancha. Aunque hay&nbsp;algunas destacables&nbsp;novedades que afectan a la&nbsp;planificaci\u00f3n que hemos preparado,&nbsp;as\u00ed como&nbsp;a varios de nuestros&nbsp;ajedrecistas noveles,&nbsp;queremos incidir sobre todo en la inmejorable disposici\u00f3n que est\u00e1n manteniendo los organizadores de Guadalajara, un ejemplo de cordialidad en el trato y de preocupaci\u00f3n por resolver los problemas que en todo campeonato surgen. A pesar de la lejan\u00eda f\u00edsica de nuestros pueblos, hay que valorar&nbsp;acertadamente su designaci\u00f3n, ya que para todos es gratificante encontrar personas que se esfuerzan en colaborar y hacer f\u00e1ciles las cosas para los jugadores y sus acompa\u00f1antes, pasando esas otras incomodidades a un segundo plano y acreditando una gran cercan\u00eda en lo humano,&nbsp;algo mucho m\u00e1s importante que lo puramente geogr\u00e1fico. Por lo tanto, viajaremos hasta tierras alcarre\u00f1as seguros de su voluntad hospitalaria y confiados, ya en el terreno deportivo, de estar preparados para alcanzar todos nuestros objetivos.<\/span><\/strong><\/div>\n<div align=\"left\"><\/div>\n","protected":false},"excerpt":{"rendered":"<p>Desde el pr\u00f3ximo viernes 15 hasta el lunes 18 de abril se va a disputar en Horche (Guadalajara) el Campeonato de Castilla-La Mancha por Edades. La numerosa delegaci\u00f3n que nos representar\u00e1 estar\u00e1 compuesta por 21 jugadores, de ellos 15 chicos y 6 chicas, entre los que se encontrar\u00e1n&nbsp;4 campeones provinciales de Ciudad Real y Toledo&nbsp;(2 [&hellip;]<\/p>\n","protected":false},"author":1,"featured_media":4376,"comment_status":"open","ping_status":"closed","sticky":false,"template":"","format":"standard","meta":{"footnotes":""},"categories":[1],"tags":[],"class_list":["post-4375","post","type-post","status-publish","format-standard","has-post-thumbnail","hentry","category-noticias"],"_links":{"self":[{"href":"https:\/\/www.bfv.cloud\/ajedrezeuropa\/wp-json\/wp\/v2\/posts\/4375","targetHints":{"allow":["GET"]}}],"collection":[{"href":"https:\/\/www.bfv.cloud\/ajedrezeuropa\/wp-json\/wp\/v2\/posts"}],"about":[{"href":"https:\/\/www.bfv.cloud\/ajedrezeuropa\/wp-json\/wp\/v2\/types\/post"}],"author":[{"embeddable":true,"href":"https:\/\/www.bfv.cloud\/ajedrezeuropa\/wp-json\/wp\/v2\/users\/1"}],"replies":[{"embeddable":true,"href":"https:\/\/www.bfv.cloud\/ajedrezeuropa\/wp-json\/wp\/v2\/comments?post=4375"}],"version-history":[{"count":1,"href":"https:\/\/www.bfv.cloud\/ajedrezeuropa\/wp-json\/wp\/v2\/posts\/4375\/revisions"}],"predecessor-version":[{"id":4377,"href":"https:\/\/www.bfv.cloud\/ajedrezeuropa\/wp-json\/wp\/v2\/posts\/4375\/revisions\/4377"}],"wp:featuredmedia":[{"embeddable":true,"href":"https:\/\/www.bfv.cloud\/ajedrezeuropa\/wp-json\/wp\/v2\/media\/4376"}],"wp:attachment":[{"href":"https:\/\/www.bfv.cloud\/ajedrezeuropa\/wp-json\/wp\/v2\/media?parent=4375"}],"wp:term":[{"taxonomy":"category","embeddable":true,"href":"https:\/\/www.bfv.cloud\/ajedrezeuropa\/wp-json\/wp\/v2\/categories?post=4375"},{"taxonomy":"post_tag","embeddable":true,"href":"https:\/\/www.bfv.cloud\/ajedrezeuropa\/wp-json\/wp\/v2\/tags?post=4375"}],"curies":[{"name":"wp","href":"https:\/\/api.w.org\/{rel}","templated":true}]}}