{"id":4378,"date":"2016-02-21T23:43:00","date_gmt":"2016-02-21T23:43:00","guid":{"rendered":"https:\/\/www.bfv.cloud\/ajedrezeuropa\/index.php\/2016\/02\/21\/la-escuela-de-villafranca-se-impone-en-tres-de-las-cuatro-categorias-del-escolar-toledano\/"},"modified":"2025-11-20T11:16:36","modified_gmt":"2025-11-20T11:16:36","slug":"la-escuela-de-villafranca-se-impone-en-tres-de-las-cuatro-categorias-del-escolar-toledano","status":"publish","type":"post","link":"https:\/\/www.bfv.cloud\/ajedrezeuropa\/la-escuela-de-villafranca-se-impone-en-tres-de-las-cuatro-categorias-del-escolar-toledano\/","title":{"rendered":"\u00a1\u00a1LA ESCUELA DE VILLAFRANCA SE IMPONE EN TRES DE LAS CUATRO CATEGOR\u00cdAS DEL ESCOLAR TOLEDANO!!"},"content":{"rendered":"<table cellpadding=\"0\" cellspacing=\"0\" class=\"tr-caption-container\" style=\"float: right;margin-left: 1em;text-align: right\">\n<tbody>\n<tr>\n<td style=\"text-align: center\"><a href=\"https:\/\/www.bfv.cloud\/ajedrezeuropa\/wp-content\/uploads\/2016\/02\/SAM_2631.jpg\" style=\"clear: right;margin-bottom: 1em;margin-left: auto;margin-right: auto\"><img fetchpriority=\"high\" decoding=\"async\" border=\"0\" height=\"207\" src=\"https:\/\/blogger.googleusercontent.com\/img\/b\/R29vZ2xl\/AVvXsEiVg19w4W3dILHmU4loF2vpvV64hB9_SkShxd_IVqpqFvO_ETkDmLYeMlz8DXeWTS05lft_xMtwsYSgJk30lJ-n1kb9qS8KQ8k69d5QN0o6R8mAOLXj_XYzIbMbmOA7Ur6O7vNaHIH_Rjg\/s400\/SAM_2631.JPG\" width=\"400\" \/><\/a><\/td>\n<\/tr>\n<tr>\n<td class=\"tr-caption\" style=\"text-align: center\">Una foto de grupo con los 14 jugadores y los monitores que han<br \/>\nparticipado en el CRDEE de Toledo&nbsp;<\/td>\n<\/tr>\n<\/tbody>\n<\/table>\n<table cellpadding=\"0\" cellspacing=\"0\" class=\"tr-caption-container\" style=\"float: left;text-align: left\">\n<tbody>\n<tr>\n<td style=\"text-align: center\"><a href=\"https:\/\/www.bfv.cloud\/ajedrezeuropa\/wp-content\/uploads\/2016\/02\/SAM_2635.jpg\" style=\"clear: left;margin-bottom: 1em;margin-left: auto;margin-right: auto\"><img decoding=\"async\" border=\"0\" height=\"300\" src=\"https:\/\/blogger.googleusercontent.com\/img\/b\/R29vZ2xl\/AVvXsEi5qMoyjPINmmMiSXRsKuKEnxXqFhaapXLHvUl6ZWNjJCrBvawL_ftQcog6438nDIDfCIjAodAH_hqghL6NdvHmIxoGqIBxekMhPaNHNYPf0BW7FtoLb6P5uhfH5wbblCNFOt15cQbsVdU\/s400\/SAM_2635.JPG\" width=\"400\" \/><\/a><\/td>\n<\/tr>\n<tr>\n<td class=\"tr-caption\" style=\"text-align: center\">Julia Meza y Mar\u00eda Oliver recogen sus premios<br \/>\ndel Escolar Infantil<\/td>\n<\/tr>\n<\/tbody>\n<\/table>\n<p><span style=\", sans-serif\"><b>La fase provincial del Deporte en Edad Escolar de Toledo deja a 3 ajedrecistas de la <span style=\"color: blue\">escuela de Villafranca<\/span> como campeones de sus categor\u00edas: en el Cadete, <span style=\"color: blue\">Roberto L\u00f3pez N\u00fa\u00f1ez<\/span> e<span style=\"color: blue\"> Irene Sim\u00f3n Escalona<\/span>, y en el Infantil, <span style=\"color: blue\">Julia Meza Osorio<\/span>. A estos oros hay que a\u00f1adir la medalla de plata lograda por <span style=\"color: blue\">Mar\u00eda Oliver Ropero <\/span>tambi\u00e9n en el Infantil, lo que convierte en &nbsp;4 los clasificados para la fase regional del CRDEE. \u00danicamente en la categor\u00eda masculina del Infantil, los chicos de Nuestro Ajedrez en Europa, no han podido ocupar ninguna de las plazas de honor, aunque se han quedado tan cerca que solamente el orden final de los sistemas de desempate han situado a <span style=\"color: blue\">Alfredo Amador And\u00fajar <\/span>en la 4\u00aa plaza y a <span style=\"color: blue\">Alonso L\u00f3pez N\u00fa\u00f1ez <\/span>en la 5\u00aa. <\/b><\/span><br \/>\n<span style=\", sans-serif\"><b><\/b><\/span><\/p>\n<table cellpadding=\"0\" cellspacing=\"0\" class=\"tr-caption-container\" style=\"float: right;text-align: right\">\n<tbody>\n<tr>\n<td style=\"text-align: center\"><a href=\"https:\/\/www.bfv.cloud\/ajedrezeuropa\/wp-content\/uploads\/2016\/02\/SAM_2639.jpg\" style=\"clear: right;margin-bottom: 1em;margin-left: auto;margin-right: auto\"><img decoding=\"async\" border=\"0\" height=\"258\" src=\"https:\/\/blogger.googleusercontent.com\/img\/b\/R29vZ2xl\/AVvXsEjLQ48uhv661cEgZTSyWKiCObz1fRyC57M74B7ZaBYNJTdGhbR2h0PwEFwPA9QomJ8rSY2ST-956yh7HNm0hXMmlWhUEIbwD2DaqvI7mimDTUEMGE2fFq6qyDDTY8sMmVLxaZxWOR-RZf8\/s400\/SAM_2639.JPG\" width=\"400\" \/><\/a><\/td>\n<\/tr>\n<tr>\n<td class=\"tr-caption\" style=\"text-align: center\">Roberto L\u00f3pez, campe\u00f3n del Cadete<\/td>\n<\/tr>\n<\/tbody>\n<\/table>\n<p><span style=\", sans-serif\"><b>Los 5 jugadores que han completado la participaci\u00f3n del ajedrez de Villafranca en el Escolar Infantil han conseguido la siguiente puntuaci\u00f3n: <span style=\"color: blue\">\u00c1lvaro Alberca Ortuno, <\/span>4,5 puntos (1 punto y medio m\u00e1s que en 2015); <span style=\"color: blue\">Gabriel Amador And\u00fajar, <\/span>4 puntos (medio punto m\u00e1s que en 2015); y los noveles: <span style=\"color: blue\">\u00c1ngel Pozos Marchante, <\/span>3 puntos; <span style=\"color: blue\">Aurora Corrales Carri\u00f3n, <\/span>2,5 puntos; <span style=\"color: blue\">Nicol\u00e1s Corrales Carri\u00f3n <\/span>&nbsp;y&nbsp;<span style=\"color: blue\">Manuel Alberca Ortuno, <\/span>2 puntos, y <span style=\"color: blue\">Alberto Toribio Nieto, <\/span>1,5 puntos.<\/b><\/span><\/p>\n<table cellpadding=\"0\" cellspacing=\"0\" class=\"tr-caption-container\" style=\"float: right;margin-left: 1em;text-align: right\">\n<tbody>\n<tr>\n<td style=\"text-align: center\"><a href=\"https:\/\/www.bfv.cloud\/ajedrezeuropa\/wp-content\/uploads\/2016\/02\/SAM_2637.jpg\" style=\"clear: right;margin-bottom: 1em;margin-left: auto;margin-right: auto\"><img loading=\"lazy\" decoding=\"async\" border=\"0\" height=\"325\" src=\"https:\/\/blogger.googleusercontent.com\/img\/b\/R29vZ2xl\/AVvXsEhDEwdvBlMYHQVVZePcIVVvlGqiebCGtcu8U40edMaxc58gUPJrvdQg1u0FLNsSt3waZ5ots2nbFRlXmqrrpgUeTXy44awd9FU6awOqFXR50CiqgqKjABut1Nggpr4iRZCCmHUSuV3Nxv8\/s400\/SAM_2637.JPG\" width=\"400\" \/><\/a><\/td>\n<\/tr>\n<tr>\n<td class=\"tr-caption\" style=\"text-align: center\">Irene Sim\u00f3n, campeona del Cadete Femenino<\/td>\n<\/tr>\n<\/tbody>\n<\/table>\n<p><span style=\", sans-serif\"><b><u>Las escuelas de Alc\u00e1zar y Villafranca clasifican a 9 jugadores para el regional<\/u><\/b><\/span><br \/>\n<span style=\", sans-serif\"><b>Este resultado se suma al obtenido por la escuela de Alc\u00e1zar hace unas semanas en Ciudad Real, dejando 9 clasificados de NUESTRO AJEDREZ EN EUROPA para el Campeonato del Deporte en Edad Escolar de Castilla-La Mancha.<\/b><\/span><br \/>\n<span style=\", sans-serif\"><b><br \/><\/b><\/span><br \/>\n<span style=\", sans-serif\"><b><u>5 oros y 2 platas en el Campeonato Provincial por Edades<\/u><\/b><\/span><br \/>\n<span style=\", sans-serif\"><b>Por su parte, el Federado por Edades ha dejado 5 campeones y 2 subcampeones entre las 6 categor\u00edas. Es un m\u00e9rito de los chicos y chicas de Nuestro Ajedrez en Europa conseguir 5 de los 12 t\u00edtulos provinciales en juego y destacar en las edades d\u00f3nde hay que demostrar un mayor nivel de conocimientos y una mejor preparaci\u00f3n.<\/b><\/span><\/p>\n<table cellpadding=\"0\" cellspacing=\"0\" class=\"tr-caption-container\" style=\"float: right;margin-left: 1em;text-align: right\">\n<tbody>\n<tr>\n<td style=\"text-align: center\"><a href=\"https:\/\/www.bfv.cloud\/ajedrezeuropa\/wp-content\/uploads\/2016\/02\/SAM_2649.jpg\" style=\"clear: right;margin-bottom: 1em;margin-left: auto;margin-right: auto\"><img loading=\"lazy\" decoding=\"async\" border=\"0\" height=\"400\" src=\"https:\/\/blogger.googleusercontent.com\/img\/b\/R29vZ2xl\/AVvXsEiDhfOHrB1KQ8GMgaictgv1o-vaWxmg5dCmxu8O_DJ3Tor8k-ZKx_hYZ9K38lJDeV9lAeJvKkuC_0AqsUlwhicTCQoK63624vjqSpR0IDeUh4JQCwfKhTSoSnUWJYpSvN7pDdxnP7xrfK8\/s400\/SAM_2649.JPG\" width=\"260\" \/><\/a><\/td>\n<\/tr>\n<tr>\n<td class=\"tr-caption\" style=\"text-align: center\">Silvia Toribio, campeona sub-18 femenina<\/td>\n<\/tr>\n<\/tbody>\n<\/table>\n<table cellpadding=\"0\" cellspacing=\"0\" class=\"tr-caption-container\" style=\"float: left;margin-right: 1em;text-align: left\">\n<tbody>\n<tr>\n<td style=\"text-align: center\"><a href=\"https:\/\/www.bfv.cloud\/ajedrezeuropa\/wp-content\/uploads\/2016\/02\/SAM_2646.jpg\" style=\"clear: left;margin-bottom: 1em;margin-left: auto;margin-right: auto\"><img loading=\"lazy\" decoding=\"async\" border=\"0\" height=\"320\" src=\"https:\/\/blogger.googleusercontent.com\/img\/b\/R29vZ2xl\/AVvXsEj0us1G4ba8y_NCmoE-Wmg9eUj2Q8-8y6DEkCkl9BjnLJ94FjSi8UyFpDQFEFjegkvQvwbWbqRsBsQ26h_tD5MrypoXhQR4ohsYISfi-nKEM2KZ6dGMxVWX8SFTOtZAE8jrPn2RkpK2D3A\/s320\/SAM_2646.JPG\" width=\"151\" \/><\/a><\/td>\n<\/tr>\n<tr>\n<td class=\"tr-caption\" style=\"text-align: center\">Alfredo Amador, <br \/>\nsubcampe\u00f3n sub-14<\/td>\n<\/tr>\n<\/tbody>\n<\/table>\n<p><span style=\", sans-serif\"><b>Estos son los resultados: <span style=\"color: blue\">Silvia Toribio Camu\u00f1as, <\/span>oro en el sub-18 femenino; <span style=\"color: blue\">Roberto L\u00f3pez N\u00fa\u00f1ez, <\/span>oro en el sub-16 masculino; <span style=\"color: blue\">Irene Sim\u00f3n Escalona, <\/span>oro en el sub-16 femenino; <span style=\"color: blue\">Julia Meza Osorio, <\/span>oro en el sub-14 femenino; <span style=\"color: blue\">Alonso L\u00f3pez N\u00fa\u00f1ez, <\/span>oro en el su-10 masculino; medallas de plata en el sub-14 para <span style=\"color: blue\">Alfredo Amador And\u00fajar <\/span>y <span style=\"color: blue\">Mar\u00eda Oliver Ropero.<\/p>\n<table cellpadding=\"0\" cellspacing=\"0\" class=\"tr-caption-container\" style=\"float: left;margin-right: 1em;text-align: left\">\n<tbody>\n<tr>\n<td style=\"text-align: center\"><a href=\"https:\/\/www.bfv.cloud\/ajedrezeuropa\/wp-content\/uploads\/2016\/02\/SAM_2643.jpg\" style=\"clear: left;margin-bottom: 1em;margin-left: auto;margin-right: auto\"><img loading=\"lazy\" decoding=\"async\" border=\"0\" height=\"308\" src=\"https:\/\/blogger.googleusercontent.com\/img\/b\/R29vZ2xl\/AVvXsEibPsYMM8hUK192SbxgDcVn9rJHAdPdM0MQJJGjEy-m91KB6YWTbvZ_NUpSR1QRFXrZ7LGllkVXXxj12pwy2g5tfPER3_A3jwkrme5FyAaTziwj3vG9pOMSC5tDOj0t5z8WmTLxvXStHjU\/s320\/SAM_2643.JPG\" width=\"320\" \/><\/a><\/td>\n<\/tr>\n<tr>\n<td class=\"tr-caption\" style=\"text-align: center\">Alonso L\u00f3pez, campe\u00f3n sub-10<\/td>\n<\/tr>\n<\/tbody>\n<\/table>\n<p><\/span><\/b><\/span><\/p>\n<p><\/p>\n","protected":false},"excerpt":{"rendered":"<p>Una foto de grupo con los 14 jugadores y los monitores que han participado en el CRDEE de Toledo&nbsp; Julia Meza y Mar\u00eda Oliver recogen sus premios del Escolar Infantil La fase provincial del Deporte en Edad Escolar de Toledo deja a 3 ajedrecistas de la escuela de Villafranca como campeones de sus categor\u00edas: en [&hellip;]<\/p>\n","protected":false},"author":1,"featured_media":4379,"comment_status":"open","ping_status":"closed","sticky":false,"template":"","format":"standard","meta":{"footnotes":""},"categories":[1],"tags":[],"class_list":["post-4378","post","type-post","status-publish","format-standard","has-post-thumbnail","hentry","category-noticias"],"_links":{"self":[{"href":"https:\/\/www.bfv.cloud\/ajedrezeuropa\/wp-json\/wp\/v2\/posts\/4378","targetHints":{"allow":["GET"]}}],"collection":[{"href":"https:\/\/www.bfv.cloud\/ajedrezeuropa\/wp-json\/wp\/v2\/posts"}],"about":[{"href":"https:\/\/www.bfv.cloud\/ajedrezeuropa\/wp-json\/wp\/v2\/types\/post"}],"author":[{"embeddable":true,"href":"https:\/\/www.bfv.cloud\/ajedrezeuropa\/wp-json\/wp\/v2\/users\/1"}],"replies":[{"embeddable":true,"href":"https:\/\/www.bfv.cloud\/ajedrezeuropa\/wp-json\/wp\/v2\/comments?post=4378"}],"version-history":[{"count":1,"href":"https:\/\/www.bfv.cloud\/ajedrezeuropa\/wp-json\/wp\/v2\/posts\/4378\/revisions"}],"predecessor-version":[{"id":4386,"href":"https:\/\/www.bfv.cloud\/ajedrezeuropa\/wp-json\/wp\/v2\/posts\/4378\/revisions\/4386"}],"wp:featuredmedia":[{"embeddable":true,"href":"https:\/\/www.bfv.cloud\/ajedrezeuropa\/wp-json\/wp\/v2\/media\/4379"}],"wp:attachment":[{"href":"https:\/\/www.bfv.cloud\/ajedrezeuropa\/wp-json\/wp\/v2\/media?parent=4378"}],"wp:term":[{"taxonomy":"category","embeddable":true,"href":"https:\/\/www.bfv.cloud\/ajedrezeuropa\/wp-json\/wp\/v2\/categories?post=4378"},{"taxonomy":"post_tag","embeddable":true,"href":"https:\/\/www.bfv.cloud\/ajedrezeuropa\/wp-json\/wp\/v2\/tags?post=4378"}],"curies":[{"name":"wp","href":"https:\/\/api.w.org\/{rel}","templated":true}]}}