{"id":4387,"date":"2015-02-13T14:58:00","date_gmt":"2015-02-13T14:58:00","guid":{"rendered":"https:\/\/www.bfv.cloud\/ajedrezeuropa\/index.php\/2015\/02\/13\/seccion-en-jaque-de-radio-villacanas\/"},"modified":"2025-11-20T11:16:36","modified_gmt":"2025-11-20T11:16:36","slug":"seccion-en-jaque-de-radio-villacanas","status":"publish","type":"post","link":"https:\/\/www.bfv.cloud\/ajedrezeuropa\/seccion-en-jaque-de-radio-villacanas\/","title":{"rendered":"SECCI\u00d3N \u00abEN JAQUE\u00bb DE RADIO VILLACA\u00d1AS"},"content":{"rendered":"<p><b><span style=\"font-family: Verdana, sans-serif\">Ayer jueves en esta secci\u00f3n de radio Villaca\u00f1as, &nbsp;Felix Toribio explic\u00f3 un poco mas detalladamente &nbsp;el nuevo proyecto puesto en marcha en nuestra regi\u00f3n \u00abAjedrez en la escuela\u00bb. Desde aqu\u00ed os iremos &nbsp;informando de su avance .Tambi\u00e9n queremos felicitar a Rosa Aranda y a todo el equipo de esta emisora, por ser hoy el d\u00eda internacional de la radio y agradecerles la difusi\u00f3n que hacen &nbsp;del ajedrez a trav\u00e9s de este apartado que nos dedican. &nbsp;<\/span><\/b><iframe allowfullscreen=\"\" frameborder=\"0\" height=\"200\" src=\"http:\/\/www.ivoox.com\/player_ej_4075675_4_1.html?c1=ff6600\"><\/iframe><\/p>\n","protected":false},"excerpt":{"rendered":"<p>Ayer jueves en esta secci\u00f3n de radio Villaca\u00f1as, &nbsp;Felix Toribio explic\u00f3 un poco mas detalladamente &nbsp;el nuevo proyecto puesto en marcha en nuestra regi\u00f3n \u00abAjedrez en la escuela\u00bb. Desde aqu\u00ed os iremos &nbsp;informando de su avance .Tambi\u00e9n queremos felicitar a Rosa Aranda y a todo el equipo de esta emisora, por ser hoy el d\u00eda [&hellip;]<\/p>\n","protected":false},"author":1,"featured_media":0,"comment_status":"open","ping_status":"closed","sticky":false,"template":"","format":"standard","meta":{"footnotes":""},"categories":[1],"tags":[],"class_list":["post-4387","post","type-post","status-publish","format-standard","hentry","category-noticias"],"_links":{"self":[{"href":"https:\/\/www.bfv.cloud\/ajedrezeuropa\/wp-json\/wp\/v2\/posts\/4387","targetHints":{"allow":["GET"]}}],"collection":[{"href":"https:\/\/www.bfv.cloud\/ajedrezeuropa\/wp-json\/wp\/v2\/posts"}],"about":[{"href":"https:\/\/www.bfv.cloud\/ajedrezeuropa\/wp-json\/wp\/v2\/types\/post"}],"author":[{"embeddable":true,"href":"https:\/\/www.bfv.cloud\/ajedrezeuropa\/wp-json\/wp\/v2\/users\/1"}],"replies":[{"embeddable":true,"href":"https:\/\/www.bfv.cloud\/ajedrezeuropa\/wp-json\/wp\/v2\/comments?post=4387"}],"version-history":[{"count":1,"href":"https:\/\/www.bfv.cloud\/ajedrezeuropa\/wp-json\/wp\/v2\/posts\/4387\/revisions"}],"predecessor-version":[{"id":4388,"href":"https:\/\/www.bfv.cloud\/ajedrezeuropa\/wp-json\/wp\/v2\/posts\/4387\/revisions\/4388"}],"wp:attachment":[{"href":"https:\/\/www.bfv.cloud\/ajedrezeuropa\/wp-json\/wp\/v2\/media?parent=4387"}],"wp:term":[{"taxonomy":"category","embeddable":true,"href":"https:\/\/www.bfv.cloud\/ajedrezeuropa\/wp-json\/wp\/v2\/categories?post=4387"},{"taxonomy":"post_tag","embeddable":true,"href":"https:\/\/www.bfv.cloud\/ajedrezeuropa\/wp-json\/wp\/v2\/tags?post=4387"}],"curies":[{"name":"wp","href":"https:\/\/api.w.org\/{rel}","templated":true}]}}