{"id":4389,"date":"2015-09-02T22:52:00","date_gmt":"2015-09-02T22:52:00","guid":{"rendered":"https:\/\/www.bfv.cloud\/ajedrezeuropa\/index.php\/2015\/09\/02\/xix-torneo-abierto-de-villafranca\/"},"modified":"2025-11-20T11:16:38","modified_gmt":"2025-11-20T11:16:38","slug":"xix-torneo-abierto-de-villafranca","status":"publish","type":"post","link":"https:\/\/www.bfv.cloud\/ajedrezeuropa\/xix-torneo-abierto-de-villafranca\/","title":{"rendered":"XIX TORNEO ABIERTO DE VILLAFRANCA"},"content":{"rendered":"<div class=\"separator\" style=\"clear: both;text-align: center\">\n<a href=\"https:\/\/www.bfv.cloud\/ajedrezeuropa\/wp-content\/uploads\/2015\/09\/CARTELFERIASVILLAFRANCA.jpg\" style=\"clear: left;float: left;margin-bottom: 1em;margin-right: 1em\"><img fetchpriority=\"high\" decoding=\"async\" border=\"0\" height=\"640\" src=\"https:\/\/blogger.googleusercontent.com\/img\/b\/R29vZ2xl\/AVvXsEhzdwfmLyWl82V23-TKiVY1IhswlxbuQmmyxAckmiYMGZreI7HHvS3Ch6KhKXIx4kqu-7CWyslDT8GbEw2HEVqxj-UAfywS4jTEnjwMhZszbjnO4YhVfZEjLSSN7HBk5O1bwElp-EfBFwA\/s640\/CARTEL+FERIAS+VILLAFRANCA.jpg\" width=\"458\" \/><\/a><\/div>\n<p><span style=\"font-family: Courier New, Courier, monospace\"><b>El s\u00e1bado 12 de septiembre se celebrar\u00e1 la 19\u00aa edici\u00f3n del \u00abABIERTO DE VILLAFRANCA\u00bb en jornada de ma\u00f1ana. El ritmo de juego ser\u00e1 de 20 minutos a ca\u00edda de bandera, estando previstas 5 rondas, comenzando a partir de las 9,30 de la ma\u00f1ana. Las 3 categor\u00edas en juego: ABSOLUTA, SUB-16 y SUB-12, repartir\u00e1n trofeos para los dos primeros clasificados, la mejor mujer clasificada y el campe\u00f3n local.<\/b><\/span><br \/>\n<span style=\"font-family: Courier New, Courier, monospace\"><b>Las inscripciones pueden realizarse 15 minutos del inicio de las partidas en la propia sala de juego y a trav\u00e9s del correo electr\u00f3nico:<\/b><\/span><\/p>\n<h3 style=\"text-align: center\">\n<span style=\"color: #990000;font-family: Courier New, Courier, monospace\"><b>felixtoribio@nuestroajedrezeneuropa.com<\/b><\/span><\/h3>\n<div>\n<span style=\"font-family: Courier New, Courier, monospace\"><b>\u00a1\u00a1Esperamos vuestra participaci\u00f3n!!<\/b><\/span><\/div>\n","protected":false},"excerpt":{"rendered":"<p>El s\u00e1bado 12 de septiembre se celebrar\u00e1 la 19\u00aa edici\u00f3n del \u00abABIERTO DE VILLAFRANCA\u00bb en jornada de ma\u00f1ana. El ritmo de juego ser\u00e1 de 20 minutos a ca\u00edda de bandera, estando previstas 5 rondas, comenzando a partir de las 9,30 de la ma\u00f1ana. Las 3 categor\u00edas en juego: ABSOLUTA, SUB-16 y SUB-12, repartir\u00e1n trofeos para [&hellip;]<\/p>\n","protected":false},"author":1,"featured_media":4390,"comment_status":"open","ping_status":"closed","sticky":false,"template":"","format":"standard","meta":{"footnotes":""},"categories":[1],"tags":[],"class_list":["post-4389","post","type-post","status-publish","format-standard","has-post-thumbnail","hentry","category-noticias"],"_links":{"self":[{"href":"https:\/\/www.bfv.cloud\/ajedrezeuropa\/wp-json\/wp\/v2\/posts\/4389","targetHints":{"allow":["GET"]}}],"collection":[{"href":"https:\/\/www.bfv.cloud\/ajedrezeuropa\/wp-json\/wp\/v2\/posts"}],"about":[{"href":"https:\/\/www.bfv.cloud\/ajedrezeuropa\/wp-json\/wp\/v2\/types\/post"}],"author":[{"embeddable":true,"href":"https:\/\/www.bfv.cloud\/ajedrezeuropa\/wp-json\/wp\/v2\/users\/1"}],"replies":[{"embeddable":true,"href":"https:\/\/www.bfv.cloud\/ajedrezeuropa\/wp-json\/wp\/v2\/comments?post=4389"}],"version-history":[{"count":1,"href":"https:\/\/www.bfv.cloud\/ajedrezeuropa\/wp-json\/wp\/v2\/posts\/4389\/revisions"}],"predecessor-version":[{"id":4391,"href":"https:\/\/www.bfv.cloud\/ajedrezeuropa\/wp-json\/wp\/v2\/posts\/4389\/revisions\/4391"}],"wp:featuredmedia":[{"embeddable":true,"href":"https:\/\/www.bfv.cloud\/ajedrezeuropa\/wp-json\/wp\/v2\/media\/4390"}],"wp:attachment":[{"href":"https:\/\/www.bfv.cloud\/ajedrezeuropa\/wp-json\/wp\/v2\/media?parent=4389"}],"wp:term":[{"taxonomy":"category","embeddable":true,"href":"https:\/\/www.bfv.cloud\/ajedrezeuropa\/wp-json\/wp\/v2\/categories?post=4389"},{"taxonomy":"post_tag","embeddable":true,"href":"https:\/\/www.bfv.cloud\/ajedrezeuropa\/wp-json\/wp\/v2\/tags?post=4389"}],"curies":[{"name":"wp","href":"https:\/\/api.w.org\/{rel}","templated":true}]}}