{"id":439,"date":"2016-05-23T19:26:00","date_gmt":"2016-05-23T19:26:00","guid":{"rendered":"https:\/\/www.bfv.cloud\/ajedrezeuropa\/index.php\/2016\/05\/23\/11-jugadores-de-las-escuelas-de-ajedrez-de-alcazar-y-villafranca-en-la-fase-regional-del-deporte-en-edad-escolar\/"},"modified":"2025-11-20T10:17:39","modified_gmt":"2025-11-20T10:17:39","slug":"11-jugadores-de-las-escuelas-de-ajedrez-de-alcazar-y-villafranca-en-la-fase-regional-del-deporte-en-edad-escolar","status":"publish","type":"post","link":"https:\/\/www.bfv.cloud\/ajedrezeuropa\/11-jugadores-de-las-escuelas-de-ajedrez-de-alcazar-y-villafranca-en-la-fase-regional-del-deporte-en-edad-escolar\/","title":{"rendered":"11 JUGADORES DE LAS ESCUELAS DE AJEDREZ DE ALC\u00c1ZAR Y VILLAFRANCA EN LA FASE REGIONAL DEL DEPORTE EN EDAD ESCOLAR"},"content":{"rendered":"<div style=\"margin-bottom: .0001pt;margin: 0cm;text-align: justify\">\n<table cellpadding=\"0\" cellspacing=\"0\" class=\"tr-caption-container\" style=\"float: right;margin-left: 1em;text-align: right\">\n<tbody>\n<tr>\n<td style=\"text-align: center\"><a href=\"https:\/\/www.bfv.cloud\/ajedrezeuropa\/wp-content\/uploads\/2016\/05\/SAM_1766.jpg\" style=\"clear: right;margin-bottom: 1em;margin-left: auto;margin-right: auto\"><img fetchpriority=\"high\" decoding=\"async\" border=\"0\" height=\"300\" src=\"https:\/\/blogger.googleusercontent.com\/img\/b\/R29vZ2xl\/AVvXsEhxiRQy4mXsKvM1M7xSOgrpoSSvDDrWFszDd9xcU9uisCPh2TBvtuutDVkMlH-BuumtzAVSoKP7pJwxEBlbThbRE67fneRJgH7FNvlj93RQuIr2kwu0M1WLiCCNDMGYaBbFtNBRmS3Moz8\/s400\/SAM_1766.JPG\" width=\"400\" \/><\/a><\/td>\n<\/tr>\n<tr>\n<td class=\"tr-caption\" style=\"text-align: center\">Una imagen de las 6 chicas y 2 chicos de nuestras escuelas que<br \/>participaron en 2015 en el CRDEE celebrado en Cuenca.<br \/>De todos repiten 6 y se incorporan 5 nuevos<\/td>\n<\/tr>\n<\/tbody>\n<\/table>\n<p><b><span style=\", sans-serif\">La<br \/>\nfase auton\u00f3mica del Campeonato Regional del Deporte en Edad Escolar (CRDEE)<br \/>\nregresa al albergue Alonso Quijano de Ossa de Montiel en las Lagunas de<br \/>\nRuidera. Los 55 chicos y chicas clasificados en sus respectivas provincias para<br \/>\nesta competici\u00f3n, promovida por el Consejo Superior de Deportes (CSD) en<br \/>\ncolaboraci\u00f3n con la Direcci\u00f3n General de Deportes de Castilla-La Mancha, se<br \/>\nmedir\u00e1n ante el tablero del 28 al 31 de mayo, aprovechando el puente escolar de<br \/>\nla fiesta regional.<\/span><\/b><\/div>\n<div style=\"margin-bottom: .0001pt;margin: 0cm;text-align: justify\">\n<\/div>\n<div style=\"margin-bottom: .0001pt;margin: 0cm;text-align: justify\">\n<b><u><span style=\"color: #993300;font-size: 14.0pt\">El mayor n\u00famero de participantes de toda Castilla-La Mancha<\/span><\/u><\/b><\/div>\n<div style=\"margin-bottom: .0001pt;margin: 0cm;text-align: justify\">\n<b><span style=\", sans-serif\">La<br \/>\ncifra global de 11 ajedrecistas pertenecientes a las escuelas de ajedrez de<br \/>\nAlc\u00e1zar de San Juan y Villafranca de los Caballeros, es la mayor de todas las<br \/>\nparticipaciones anteriores y supone el 50% de los clasificados por las<br \/>\nprovincias de Toledo y Ciudad Real. Esto significa que 1\/5 parte del total de<br \/>\najedrecistas menores de 16 a\u00f1os que jugar\u00e1n este regional pertenecen a las<br \/>\nescuelas dirigidas desde NUESTRO AJEDREZ EN EUROPA. Desde 2002, que fue la<br \/>\nprimera temporada en la que 3 alumnos de Villafranca se clasificaron para esta<br \/>\nfase auton\u00f3mica, la presencia de los chicos y chicas de las&nbsp; dos escuelas manchegas ha sido continua,<br \/>\naunque nunca de forma tan numerosa como en 2016.<\/span><\/b><\/div>\n<div style=\"margin-bottom: .0001pt;margin: 0cm;text-align: justify\">\n<\/div>\n<div style=\"margin-bottom: .0001pt;margin: 0cm;text-align: justify\">\n<b><u><span style=\"color: #993300;font-size: 14.0pt\">6 chicas y 5 chicos entre las diferentes categor\u00edas<\/span><\/u><\/b><\/div>\n<div style=\"margin-bottom: .0001pt;margin: 0cm;text-align: justify\">\n<b><span style=\", sans-serif\">En<br \/>\nlas 4 categor\u00edas en juego habr\u00e1 una representaci\u00f3n importante de \u201cnuestro<br \/>\najedrez\u201d. Estos son los nombres de los 11 clasificados y el torneo que<br \/>\ndisputar\u00e1n: <\/span><\/b><span style=\", sans-serif\">&nbsp;<\/span><\/div>\n<div style=\"margin-bottom: .0001pt;margin: 0cm;text-align: justify\">\n<\/div>\n<div style=\"border: solid windowtext 1.0pt;padding: 1.0pt 4.0pt 1.0pt 4.0pt\">\n<div style=\"border: none;margin-bottom: .0001pt;margin: 0cm;padding: 0cm;text-align: justify\">\n<b><i><u><span>CADETE MASCULINO:<\/span><\/u><\/i><\/b><b><i><span style=\"color: navy\">&nbsp;&nbsp; <\/span><\/i><\/b><b><i><span style=\"color: blue\">Roberto L\u00f3pez N\u00fa\u00f1ez y Julio M\u00e9rida Ortiz.<\/span><\/i><\/b><b><i><span><\/span><\/i><\/b><\/div>\n<div style=\"border: none;margin-bottom: .0001pt;margin: 0cm;padding: 0cm;text-align: justify\">\n<b><i><u><span>CADETE FEMENINO:<\/span><\/u><\/i><\/b><b><i><span style=\"color: navy\">&nbsp;&nbsp;&nbsp; <\/span><\/i><\/b><b><i><span style=\"color: blue\">Irene Sim\u00f3n Escalona y<br \/>\nMarta Espinosa Gil.<\/span><\/i><\/b><b><i><span><\/span><\/i><\/b><\/div>\n<div style=\"border: none;margin-bottom: .0001pt;margin: 0cm;padding: 0cm;text-align: justify\">\n<b><i><u><span>INFANTIL MASCULINO:<\/span><\/u><\/i><\/b><b><i><span style=\"color: navy\">&nbsp;&nbsp; <\/span><\/i><\/b><b><i><span style=\"color: blue\">Enrique Velasco Aragon\u00e9s, Arturo Mate Mart\u00edn y<br \/>\nAlfredo Amador And\u00fajar.<\/span><\/i><\/b><i><span style=\"color: blue\"><\/span><\/i><\/div>\n<div style=\"border: none;margin-bottom: .0001pt;margin: 0cm;padding: 0cm;text-align: justify\">\n<b><i><u><span>INFANTIL FEMENINO:<\/span><\/u><\/i><\/b><b><i><span style=\"color: navy\">&nbsp;&nbsp; <\/span><\/i><\/b><b><i><span style=\"color: blue\">Isabel Marcos-Alberca Lizcano, Julia Meza<br \/>\nOsorio, Mar\u00eda Oliver Ropero y Nuria Lozano Serrano.<\/span><\/i><\/b><i><span style=\"color: blue\"><\/span><\/i><\/div>\n<\/div>\n<div class=\"MsoBodyText\" style=\"text-align: justify\">\n<span style=\"color: windowtext;font-size: 12.0pt\">.<\/span><\/div>\n<div class=\"MsoBodyText\" style=\"text-align: justify\">\n<b><span style=\"color: windowtext;font-size: 12.0pt\"><span style=\", sans-serif\">Las dos categor\u00edas del Infantil<br \/>\nclasifican a los 3 primeros chicos y a las 3 primeras chicas para la fase<br \/>\nnacional por selecciones auton\u00f3micas que se celebrar\u00e1 en la localidad gallega<br \/>\nde Padr\u00f3n del 23 al 26 de junio.<\/span><\/span><\/b><\/div>\n","protected":false},"excerpt":{"rendered":"<p>Una imagen de las 6 chicas y 2 chicos de nuestras escuelas queparticiparon en 2015 en el CRDEE celebrado en Cuenca.De todos repiten 6 y se incorporan 5 nuevos La fase auton\u00f3mica del Campeonato Regional del Deporte en Edad Escolar (CRDEE) regresa al albergue Alonso Quijano de Ossa de Montiel en las Lagunas de Ruidera. [&hellip;]<\/p>\n","protected":false},"author":1,"featured_media":440,"comment_status":"open","ping_status":"closed","sticky":false,"template":"","format":"standard","meta":{"footnotes":""},"categories":[1],"tags":[],"class_list":["post-439","post","type-post","status-publish","format-standard","has-post-thumbnail","hentry","category-noticias"],"_links":{"self":[{"href":"https:\/\/www.bfv.cloud\/ajedrezeuropa\/wp-json\/wp\/v2\/posts\/439","targetHints":{"allow":["GET"]}}],"collection":[{"href":"https:\/\/www.bfv.cloud\/ajedrezeuropa\/wp-json\/wp\/v2\/posts"}],"about":[{"href":"https:\/\/www.bfv.cloud\/ajedrezeuropa\/wp-json\/wp\/v2\/types\/post"}],"author":[{"embeddable":true,"href":"https:\/\/www.bfv.cloud\/ajedrezeuropa\/wp-json\/wp\/v2\/users\/1"}],"replies":[{"embeddable":true,"href":"https:\/\/www.bfv.cloud\/ajedrezeuropa\/wp-json\/wp\/v2\/comments?post=439"}],"version-history":[{"count":1,"href":"https:\/\/www.bfv.cloud\/ajedrezeuropa\/wp-json\/wp\/v2\/posts\/439\/revisions"}],"predecessor-version":[{"id":441,"href":"https:\/\/www.bfv.cloud\/ajedrezeuropa\/wp-json\/wp\/v2\/posts\/439\/revisions\/441"}],"wp:featuredmedia":[{"embeddable":true,"href":"https:\/\/www.bfv.cloud\/ajedrezeuropa\/wp-json\/wp\/v2\/media\/440"}],"wp:attachment":[{"href":"https:\/\/www.bfv.cloud\/ajedrezeuropa\/wp-json\/wp\/v2\/media?parent=439"}],"wp:term":[{"taxonomy":"category","embeddable":true,"href":"https:\/\/www.bfv.cloud\/ajedrezeuropa\/wp-json\/wp\/v2\/categories?post=439"},{"taxonomy":"post_tag","embeddable":true,"href":"https:\/\/www.bfv.cloud\/ajedrezeuropa\/wp-json\/wp\/v2\/tags?post=439"}],"curies":[{"name":"wp","href":"https:\/\/api.w.org\/{rel}","templated":true}]}}