{"id":4392,"date":"2021-08-03T17:04:00","date_gmt":"2021-08-03T17:04:00","guid":{"rendered":"https:\/\/www.bfv.cloud\/ajedrezeuropa\/index.php\/2021\/08\/03\/nuestro-campus-de-verano-llega-a-su-14a-edicion\/"},"modified":"2025-11-20T11:16:45","modified_gmt":"2025-11-20T11:16:45","slug":"nuestro-campus-de-verano-llega-a-su-14a-edicion","status":"publish","type":"post","link":"https:\/\/www.bfv.cloud\/ajedrezeuropa\/nuestro-campus-de-verano-llega-a-su-14a-edicion\/","title":{"rendered":"NUESTRO CAMPUS DE VERANO LLEGA A SU 14\u00aa EDICI\u00d3N"},"content":{"rendered":"<p><b><\/p>\n<table cellpadding=\"0\" cellspacing=\"0\" class=\"tr-caption-container\" style=\"float: left;font-family: Montserrat;font-size: x-large\">\n<tbody>\n<tr>\n<td style=\"text-align: center\"><a href=\"https:\/\/www.bfv.cloud\/ajedrezeuropa\/wp-content\/uploads\/2021\/08\/9SALONDEACTOSDURANTEPRESENTACION.jpg\" style=\"clear: left;margin-bottom: 1em;margin-left: auto;margin-right: auto\"><img fetchpriority=\"high\" decoding=\"async\" border=\"0\" data-original-height=\"1068\" data-original-width=\"1565\" height=\"272\" src=\"https:\/\/blogger.googleusercontent.com\/img\/b\/R29vZ2xl\/AVvXsEiBEkgmB699ZJ2cmYuS12Iao19-txncals7c6NImpe9_5lMYb3Uv2bZVB0ZRbuAnFIFSShNLIQfsD8TnitKzltvLL17QGkOcIhyphenhyphenJskMHGIX5WPwcSQkvLnUMx66xFc33aNIdJsoXOUcNyA\/w400-h272\/9+SALON+DE+ACTOS+DURANTE+PRESENTACION.jpg\" width=\"400\" \/><\/a><\/td>\n<\/tr>\n<tr>\n<td class=\"tr-caption\" style=\"text-align: center\"><span style=\"font-size: medium\">Vista general del sal\u00f3n de actos<\/span><\/td>\n<\/tr>\n<\/tbody>\n<\/table>\n<p><span style=\"font-family: helvetica;font-size: large\">Del 2 al 7 de agosto se celebra en Alc\u00e1zar de San Juan y en Villafranca de los Caballeros la 14\u00aa edici\u00f3n del campus de tecnificaci\u00f3n y perfeccionamiento organizado por el proyecto Nuestro Ajedrez en Europa y por los ayuntamientos de ambas poblaciones castellano manchegas. En esta ocasi\u00f3n, la participaci\u00f3n asciende a 30 chicos y chicas de entre 6 y 18 a\u00f1os de edad. <\/span><\/p>\n<table cellpadding=\"0\" cellspacing=\"0\" class=\"tr-caption-container\" style=\"float: right;font-family: Montserrat;font-size: x-large\">\n<tbody>\n<tr>\n<td style=\"text-align: center\"><a href=\"https:\/\/www.bfv.cloud\/ajedrezeuropa\/wp-content\/uploads\/2021\/08\/6APRESENTACIONMONITORESCAMPUS.jpg\" style=\"clear: right;margin-bottom: 1em;margin-left: auto;margin-right: auto\"><img decoding=\"async\" border=\"0\" data-original-height=\"663\" data-original-width=\"1392\" height=\"190\" src=\"https:\/\/blogger.googleusercontent.com\/img\/b\/R29vZ2xl\/AVvXsEglxE025-LmSpBjQSnTVOyCdFTE9YkqSntc0V3KL1NOYZ-3oFs1hZg_BRBVREyrdSPt-bXVYtKf0-3vYSPeMgZ4ZCOPTto3FtpubbEhYjd9OpjJBeRZLqSFHnXJ3oTxncJkxePScNZnI_k\/w400-h190\/6A+PRESENTACION+MONITORES+CAMPUS.jpg\" width=\"400\" \/><\/a><\/td>\n<\/tr>\n<tr>\n<td class=\"tr-caption\" style=\"text-align: center\"><span style=\"font-size: medium\">Los entrenadores del campus y los responsables<br \/>municipales de Alc\u00e1zar y Villafranca<\/span><\/td>\n<\/tr>\n<\/tbody>\n<\/table>\n<p><span style=\"font-family: helvetica;font-size: x-large\">Al frente de los 6 niveles en los que est\u00e1 organizado el campus se encuentran los grandes maestros de ajedrez: Elizbar Ubilava y Herminio Herr\u00e1iz; junto a las entrenadoras: Ana Isabel Gonz\u00e1lez y Silvia Toribio, y a los preparadores: Antonio Albo y Roberto L\u00f3pez. Como monitoras de apoyo en las actividades l\u00fadicas del mediod\u00eda est\u00e1n: M\u00aa Luisa Camu\u00f1as y Clara Vela.&nbsp;<\/span><\/b><\/p>\n<p><b><i><u><\/p>\n<table align=\"center\" cellpadding=\"0\" cellspacing=\"0\" class=\"tr-caption-container\" style=\"font-family: Montserrat;font-size: x-large;margin-left: auto;margin-right: auto\">\n<tbody>\n<tr>\n<td style=\"text-align: center\"><a href=\"https:\/\/www.bfv.cloud\/ajedrezeuropa\/wp-content\/uploads\/2021\/08\/9ASALONDEACTOSDURANTEPRESENTACION.jpg\" style=\"margin-left: auto;margin-right: auto\"><img decoding=\"async\" border=\"0\" data-original-height=\"817\" data-original-width=\"1599\" height=\"328\" src=\"https:\/\/blogger.googleusercontent.com\/img\/b\/R29vZ2xl\/AVvXsEitYp9A7YkqgXy6A7x7TRVGSCa3bLYIxXiDk4hg1KGISsDXK_8NMUdHkmilRDBXssu-ZK6vCLKfPmQt9N531sgXdnpBFxt6BsaIhMDI1HTfSfyJDfyquBeUqcvJXFEACum5AUxf8tT4nfQ\/w640-h328\/9A+SALON+DE+ACTOS+DURANTE+PRESENTACION.jpg\" width=\"640\" \/><\/a><\/td>\n<\/tr>\n<tr>\n<td class=\"tr-caption\" style=\"text-align: center\">Los chicos y las chicas participantes durante el v\u00eddeo de presentaci\u00f3n<\/td>\n<\/tr>\n<\/tbody>\n<\/table>\n<p><span style=\"font-family: helvetica;font-size: large\">Inauguraci\u00f3n oficial<\/span><\/u><\/i><\/b><\/p>\n<p><span style=\"font-family: helvetica;font-size: large\"><b>El lunes 2 de agosto a las 19,30 horas se inici\u00f3 el acto inaugural del campus 2021, que cont\u00f3 con la participaci\u00f3n de los concejales de Juventud y Medio Ambiente del ayuntamiento alcazare\u00f1o: Alba Castellanos y Pablo Pichaco, y del alcalde de Villafranca, Juli\u00e1n Bola\u00f1os. Junto a ellos tambi\u00e9n estuvieron los 6 entrenadores y entrenadoras que colaboran en este campus. A esta inauguraci\u00f3n asisti\u00f3 todo el alumnado y sus familias, hasta completar el aforo de 70 personas con el cuenta el sal\u00f3n de actos del CIJ Covadonga de Alc\u00e1zar.<\/b><\/span><\/p>\n<p><span style=\"font-family: Montserrat;font-size: large\"><\/p>\n<table align=\"center\" cellpadding=\"0\" cellspacing=\"0\" class=\"tr-caption-container\" style=\"margin-left: auto;margin-right: auto\">\n<tbody>\n<tr>\n<td style=\"text-align: center\"><a href=\"https:\/\/www.bfv.cloud\/ajedrezeuropa\/wp-content\/uploads\/2021\/08\/1ARUEDAPRENSACAMPUS.jpg\" style=\"margin-left: auto;margin-right: auto\"><img loading=\"lazy\" decoding=\"async\" border=\"0\" data-original-height=\"481\" data-original-width=\"1122\" height=\"171\" src=\"https:\/\/blogger.googleusercontent.com\/img\/b\/R29vZ2xl\/AVvXsEhgo5idI00IxTgI3wKcRsCNQCqNqDhzvyF6oMY7tPTmf9T4aBAZ5OF0Ba9nvCW6flNf-KmlvQCxuOx44rZ2vH60Qja8oyk9Inu7hTDvOCnVDUTnRVaZZqzXRbqoOB-M01S34j2owC0ZRKQ\/w400-h171\/1A+RUEDA+PRENSA+CAMPUS.jpg\" width=\"400\" \/><\/a><\/td>\n<\/tr>\n<tr>\n<td class=\"tr-caption\" style=\"text-align: center\">Imagen durante la rueda de prensa<\/td>\n<\/tr>\n<\/tbody>\n<\/table>\n<p><\/span><\/p>\n<p><span style=\"font-family: Montserrat;font-size: large\"><b><i><u>Recordando las actividades del proyecto durante este a\u00f1o tan especial<\/u><\/i><\/b><\/span><\/p>\n<p><b><\/p>\n<table align=\"center\" cellpadding=\"0\" cellspacing=\"0\" class=\"tr-caption-container\" style=\"font-family: Montserrat;font-size: x-large;margin-left: auto;margin-right: auto\">\n<tbody>\n<tr>\n<td style=\"text-align: center\"><a href=\"https:\/\/www.bfv.cloud\/ajedrezeuropa\/wp-content\/uploads\/2021\/08\/3CLASESCAMPUSANA.jpg\" style=\"margin-left: auto;margin-right: auto\"><img loading=\"lazy\" decoding=\"async\" border=\"0\" data-original-height=\"542\" data-original-width=\"1591\" height=\"218\" src=\"https:\/\/blogger.googleusercontent.com\/img\/b\/R29vZ2xl\/AVvXsEgHkz4sWK-hfzqoWM1-2HlgTnQkfOXBw0E_iGkijr-C2shEgbD7KazQKRN_GfVxHr6VpM7nFah1zjJOIs1VsL3DVg5GPwMiRzXM02lNaWr70xX6gjNH27PfQcDspCaIZNdKpyDDtsgoAYk\/w640-h218\/3+CLASES+CAMPUS+ANA.jpg\" width=\"640\" \/><\/a><\/td>\n<\/tr>\n<tr>\n<td class=\"tr-caption\" style=\"text-align: center\">En clase<\/td>\n<\/tr>\n<\/tbody>\n<\/table>\n<p><span style=\"font-family: helvetica;font-size: large\">En la rueda de prensa previa al acto con el alumnado y sus familias, los medios de comunicaci\u00f3n conocieron la trayectoria deportiva de las escuelas deportivas de ajedrez de Alc\u00e1zar y Villafranca, as\u00ed como la de los clubes Nuestro Ajedrez en Europa y Nuestro Ajedrez por la Igualdad, durante la pasada temporada 2020\/21. Desde la exitosa participaci\u00f3n en el Torneo Mundial de la Expo de Dubai, pasando por los t\u00edtulos obtenidos en el Campeonato Regional del Deporte en Edad Escolar, se tuvo la oportunidad de valorar el esfuerzo que ha supuesto para los j\u00f3venes ajedrecistas seguir compitiendo en unas circunstancias muy diferentes a las habituales.<\/span><\/b><\/p>\n<table align=\"center\" cellpadding=\"0\" cellspacing=\"0\" class=\"tr-caption-container\" style=\"margin-left: auto;margin-right: auto\">\n<tbody>\n<tr>\n<td style=\"text-align: center\"><a href=\"https:\/\/www.bfv.cloud\/ajedrezeuropa\/wp-content\/uploads\/2021\/08\/8SALONACTOSPRESENTACIONCAMPUS.jpg\" style=\"margin-left: auto;margin-right: auto\"><img loading=\"lazy\" decoding=\"async\" border=\"0\" data-original-height=\"581\" data-original-width=\"2002\" height=\"186\" src=\"https:\/\/blogger.googleusercontent.com\/img\/b\/R29vZ2xl\/AVvXsEhcCXnVaMhivrUBQlYMTEJpB-FnKQfETkOYU9R_J16YoisKADKvJLZ-mtAGl7grHnQH2E-99raWH0JMZM7-iLZ62BAQ2LGwl1NPoIXqbh-RP07FjZ3dSDSVCHycHSgndfUreYpbiW7KZ3w\/w640-h186\/8+SALON+ACTOS+PRESENTACION+CAMPUS.jpg\" width=\"640\" \/><\/a><\/td>\n<\/tr>\n<tr>\n<td class=\"tr-caption\" style=\"text-align: center\">Al comienzo de la inauguraci\u00f3n<\/td>\n<\/tr>\n<\/tbody>\n<\/table>\n<p><b><span style=\"font-family: helvetica;font-size: large\">Dentro de este repaso tambi\u00e9n se incluyeron las actividades organizadas desde el proyecto durante lo que llevamos de 2021:<\/span><\/b><\/p>\n<p><span style=\"font-family: Montserrat;font-size: large\"><b>&#8211; Curso formativo en ajedrez educativo para el profesorado a trav\u00e9s del CRFP de la Consejer\u00eda de Educaci\u00f3n de Castilla-La Mancha.<\/b><\/span><\/p>\n<p><span style=\"font-family: Montserrat;font-size: large\"><b>&#8211; Campeonatos oficiales como la fase final del Campeonato Regional del Deporte en Edad Escolar y el Campeonato Provincial Absoluto de Ciudad Real.<\/b><\/span><\/p>\n<p><span style=\"font-family: Montserrat;font-size: large\"><b>&#8211; Clases de las escuelas de ajedrez en los niveles de iniciaci\u00f3n y perfeccionamiento. Las nuevas propuestas para ni\u00f1os y ni\u00f1as de 4 a\u00f1os, con un resultado sobresaliente. Y la formaci\u00f3n para adultos que tan buena acogida han tenido desde febrero a junio de este a\u00f1o.<\/b><\/span><\/p>\n<p><span style=\"font-family: Montserrat;font-size: large\"><b>El conjunto ofrece la realidad a d\u00eda de hoy del proyecto Nuestro Ajedrez en Europa, con toda su diversidad y complejidad.<br \/><\/b><\/span><\/p>\n","protected":false},"excerpt":{"rendered":"<p>Vista general del sal\u00f3n de actos Del 2 al 7 de agosto se celebra en Alc\u00e1zar de San Juan y en Villafranca de los Caballeros la 14\u00aa edici\u00f3n del campus de tecnificaci\u00f3n y perfeccionamiento organizado por el proyecto Nuestro Ajedrez en Europa y por los ayuntamientos de ambas poblaciones castellano manchegas. En esta ocasi\u00f3n, la [&hellip;]<\/p>\n","protected":false},"author":1,"featured_media":4393,"comment_status":"open","ping_status":"closed","sticky":false,"template":"","format":"standard","meta":{"footnotes":""},"categories":[1],"tags":[],"class_list":["post-4392","post","type-post","status-publish","format-standard","has-post-thumbnail","hentry","category-noticias"],"_links":{"self":[{"href":"https:\/\/www.bfv.cloud\/ajedrezeuropa\/wp-json\/wp\/v2\/posts\/4392","targetHints":{"allow":["GET"]}}],"collection":[{"href":"https:\/\/www.bfv.cloud\/ajedrezeuropa\/wp-json\/wp\/v2\/posts"}],"about":[{"href":"https:\/\/www.bfv.cloud\/ajedrezeuropa\/wp-json\/wp\/v2\/types\/post"}],"author":[{"embeddable":true,"href":"https:\/\/www.bfv.cloud\/ajedrezeuropa\/wp-json\/wp\/v2\/users\/1"}],"replies":[{"embeddable":true,"href":"https:\/\/www.bfv.cloud\/ajedrezeuropa\/wp-json\/wp\/v2\/comments?post=4392"}],"version-history":[{"count":1,"href":"https:\/\/www.bfv.cloud\/ajedrezeuropa\/wp-json\/wp\/v2\/posts\/4392\/revisions"}],"predecessor-version":[{"id":4399,"href":"https:\/\/www.bfv.cloud\/ajedrezeuropa\/wp-json\/wp\/v2\/posts\/4392\/revisions\/4399"}],"wp:featuredmedia":[{"embeddable":true,"href":"https:\/\/www.bfv.cloud\/ajedrezeuropa\/wp-json\/wp\/v2\/media\/4393"}],"wp:attachment":[{"href":"https:\/\/www.bfv.cloud\/ajedrezeuropa\/wp-json\/wp\/v2\/media?parent=4392"}],"wp:term":[{"taxonomy":"category","embeddable":true,"href":"https:\/\/www.bfv.cloud\/ajedrezeuropa\/wp-json\/wp\/v2\/categories?post=4392"},{"taxonomy":"post_tag","embeddable":true,"href":"https:\/\/www.bfv.cloud\/ajedrezeuropa\/wp-json\/wp\/v2\/tags?post=4392"}],"curies":[{"name":"wp","href":"https:\/\/api.w.org\/{rel}","templated":true}]}}