{"id":4400,"date":"2017-05-02T11:44:00","date_gmt":"2017-05-02T11:44:00","guid":{"rendered":"https:\/\/www.bfv.cloud\/ajedrezeuropa\/index.php\/2017\/05\/02\/dos-medallas-de-plata-en-la-fase-regional-del-deporte-en-edad-escolar\/"},"modified":"2025-11-20T11:16:48","modified_gmt":"2025-11-20T11:16:48","slug":"dos-medallas-de-plata-en-la-fase-regional-del-deporte-en-edad-escolar","status":"publish","type":"post","link":"https:\/\/www.bfv.cloud\/ajedrezeuropa\/dos-medallas-de-plata-en-la-fase-regional-del-deporte-en-edad-escolar\/","title":{"rendered":"DOS MEDALLAS DE PLATA EN LA FASE REGIONAL DEL DEPORTE EN EDAD ESCOLAR"},"content":{"rendered":"<table cellpadding=\"0\" cellspacing=\"0\" class=\"tr-caption-container\" style=\"float: right;margin-left: 1em;text-align: right\">\n<tbody>\n<tr>\n<td style=\"text-align: center\"><a href=\"https:\/\/www.bfv.cloud\/ajedrezeuropa\/wp-content\/uploads\/2017\/05\/IMG-20170501-WA004.jpg\" style=\"clear: right;margin-bottom: 1em;margin-left: auto;margin-right: auto\"><img fetchpriority=\"high\" decoding=\"async\" border=\"0\" height=\"400\" src=\"https:\/\/blogger.googleusercontent.com\/img\/b\/R29vZ2xl\/AVvXsEimPqx5G5Jb9KsjdPYnR1jKfo3KyQOZuddOxIlsDSzSmRdeSOmX-one1er0s67CwW45nUHiUSTBISk9vOLViue8y75ZOGOHzf-DctJaAL4AzTsfVpxdbIGPees2u1-q53WiaL__zvc7lhU\/s400\/IMG-20170501-WA004.jpg\" width=\"275\" \/><\/a><\/td>\n<\/tr>\n<tr>\n<td class=\"tr-caption\" style=\"text-align: center\">Isabel y Roberto, medalla de plata en el<br \/>Regional Escolar de la categor\u00eda cadete<\/td>\n<\/tr>\n<\/tbody>\n<\/table>\n<p><span style=\"font-family: Helvetica Neue, Arial, Helvetica, sans-serif;font-size: large\">Isabel Marcos-Alberca Lizcano y Roberto L\u00f3pez N\u00fa\u00f1ez han conseguido la medalla de plata en la categor\u00eda cadete del Campeonato Regional del Deporte en Edad Escolar finalizado el 1 de mayo en Ruidera. Mientras Isabel no cedi\u00f3 ninguna derrota en las 5 partidas que disput\u00f3, Roberto, solo perdi\u00f3 ante el vencedor del torneo, Emilio S\u00e1nchez, logrando 4,5 puntos de los 6 posibles.&nbsp;<\/span><br \/>\n<span style=\"font-family: Helvetica Neue, Arial, Helvetica, sans-serif;font-size: large\">Hace un par de d\u00edas que la FEDA remit\u00eda una circular a las federaciones auton\u00f3micas ofreciendo la posibilidad de organizar la fase nacional sub-16 del Deporte en Edad Escolar. Esperamos que alguien recoja la propuesta y estos chic@s clasificados entre los 3 primeros de Castilla-La Mancha tengan la oportunidad de medirse con los ajedrecistas del resto de regiones espa\u00f1olas. Actualmente el CSD solo organiza el nacional de la categor\u00eda infantil y sigue sin recuperar el campeonato para los mayores de 14 a\u00f1os.<\/span><br \/>\n<span style=\"font-family: Helvetica Neue, Arial, Helvetica, sans-serif;font-size: large\">Regresando al Escolar castellano-manchego, y dentro de la categor\u00eda infantil, Alonso L\u00f3pez N\u00fa\u00f1ez, Clara Vela Adrian y Nuria Lozano Serrano, quedaban situados en la 12\u00aa, 10\u00aa y 8\u00aa posici\u00f3n, respectivamente. Para Clara y Alonso ha sido su primera participaci\u00f3n en este campeonato y para Nuria la segunda. En el sub-14 masculino y femenino se jugaron 6 rondas, dejando con 3 puntos a Nuria y Clara, mientras que Alonso sum\u00f3 2,5 puntos.&nbsp;<\/span><br \/>\n<span style=\"font-family: Helvetica Neue, Arial, Helvetica, sans-serif;font-size: large\">La experiencia y el aprendizaje que proporciona la competici\u00f3n, tanto desde el lado deportivo como personal, ser\u00e1 un valor a tener en cuenta por estos tres j\u00f3venc\u00edsimos ajedrecistas para pr\u00f3ximos torneos y campeonatos.<\/span><\/p>\n<table cellpadding=\"0\" cellspacing=\"0\" class=\"tr-caption-container\" style=\"float: left;margin-right: 1em;text-align: left\">\n<tbody>\n<tr>\n<td style=\"text-align: center\"><a href=\"https:\/\/www.bfv.cloud\/ajedrezeuropa\/wp-content\/uploads\/2017\/05\/IMG-20170501-WA000.jpg\" style=\"clear: left;margin-bottom: 1em;margin-left: auto;margin-right: auto\"><img decoding=\"async\" border=\"0\" height=\"588\" src=\"https:\/\/blogger.googleusercontent.com\/img\/b\/R29vZ2xl\/AVvXsEiizeoM_cWvqUHXTkTRFqaF1aog2XGWBXd7FhxcMz3Exk393CvQV9xSUhJd3GjBLYa5Zn_pVblMDQXBVelVGWXmkd6WWZ0m5wbIZ17n6mRYCCWRrLFgrSuvyllLZD1hAxdIFLUCRT9h-RA\/s640\/IMG-20170501-WA000.jpg\" width=\"640\" \/><\/a><\/td>\n<\/tr>\n<tr>\n<td class=\"tr-caption\" style=\"text-align: center\">Los cinco ajedrecistas de nuestras escuelas que han disputado<br \/>la fase regional del Deporte en Edad Escolar: Isabel, Clara, Roberto,<br \/>Alonso y Nuria<\/td>\n<\/tr>\n<\/tbody>\n<\/table>\n<p><\/p>\n","protected":false},"excerpt":{"rendered":"<p>Isabel y Roberto, medalla de plata en elRegional Escolar de la categor\u00eda cadete Isabel Marcos-Alberca Lizcano y Roberto L\u00f3pez N\u00fa\u00f1ez han conseguido la medalla de plata en la categor\u00eda cadete del Campeonato Regional del Deporte en Edad Escolar finalizado el 1 de mayo en Ruidera. Mientras Isabel no cedi\u00f3 ninguna derrota en las 5 partidas [&hellip;]<\/p>\n","protected":false},"author":1,"featured_media":4401,"comment_status":"open","ping_status":"closed","sticky":false,"template":"","format":"standard","meta":{"footnotes":""},"categories":[1],"tags":[],"class_list":["post-4400","post","type-post","status-publish","format-standard","has-post-thumbnail","hentry","category-noticias"],"_links":{"self":[{"href":"https:\/\/www.bfv.cloud\/ajedrezeuropa\/wp-json\/wp\/v2\/posts\/4400","targetHints":{"allow":["GET"]}}],"collection":[{"href":"https:\/\/www.bfv.cloud\/ajedrezeuropa\/wp-json\/wp\/v2\/posts"}],"about":[{"href":"https:\/\/www.bfv.cloud\/ajedrezeuropa\/wp-json\/wp\/v2\/types\/post"}],"author":[{"embeddable":true,"href":"https:\/\/www.bfv.cloud\/ajedrezeuropa\/wp-json\/wp\/v2\/users\/1"}],"replies":[{"embeddable":true,"href":"https:\/\/www.bfv.cloud\/ajedrezeuropa\/wp-json\/wp\/v2\/comments?post=4400"}],"version-history":[{"count":1,"href":"https:\/\/www.bfv.cloud\/ajedrezeuropa\/wp-json\/wp\/v2\/posts\/4400\/revisions"}],"predecessor-version":[{"id":4403,"href":"https:\/\/www.bfv.cloud\/ajedrezeuropa\/wp-json\/wp\/v2\/posts\/4400\/revisions\/4403"}],"wp:featuredmedia":[{"embeddable":true,"href":"https:\/\/www.bfv.cloud\/ajedrezeuropa\/wp-json\/wp\/v2\/media\/4401"}],"wp:attachment":[{"href":"https:\/\/www.bfv.cloud\/ajedrezeuropa\/wp-json\/wp\/v2\/media?parent=4400"}],"wp:term":[{"taxonomy":"category","embeddable":true,"href":"https:\/\/www.bfv.cloud\/ajedrezeuropa\/wp-json\/wp\/v2\/categories?post=4400"},{"taxonomy":"post_tag","embeddable":true,"href":"https:\/\/www.bfv.cloud\/ajedrezeuropa\/wp-json\/wp\/v2\/tags?post=4400"}],"curies":[{"name":"wp","href":"https:\/\/api.w.org\/{rel}","templated":true}]}}