{"id":4404,"date":"2016-10-18T13:22:00","date_gmt":"2016-10-18T13:22:00","guid":{"rendered":"https:\/\/www.bfv.cloud\/ajedrezeuropa\/index.php\/2016\/10\/18\/heroes-anonimos-de-cmm-dedica-un-programa-al-ajedrez-educativo-y-a-nuestro-proyecto-en-los-colegios\/"},"modified":"2025-11-20T11:16:55","modified_gmt":"2025-11-20T11:16:55","slug":"heroes-anonimos-de-cmm-dedica-un-programa-al-ajedrez-educativo-y-a-nuestro-proyecto-en-los-colegios","status":"publish","type":"post","link":"https:\/\/www.bfv.cloud\/ajedrezeuropa\/heroes-anonimos-de-cmm-dedica-un-programa-al-ajedrez-educativo-y-a-nuestro-proyecto-en-los-colegios\/","title":{"rendered":"\u00abH\u00c9ROES AN\u00d3NIMOS\u00bb DE CMM DEDICA UN PROGRAMA AL AJEDREZ EDUCATIVO Y A NUESTRO PROYECTO EN LOS COLEGIOS"},"content":{"rendered":"<div class=\"separator\" style=\"clear: both;text-align: center\">\n<a href=\"https:\/\/www.bfv.cloud\/ajedrezeuropa\/wp-content\/uploads\/2016\/10\/Cabecera-Ficha-1.png\" style=\"clear: left;float: left;margin-bottom: 1em;margin-right: 1em\"><img fetchpriority=\"high\" decoding=\"async\" border=\"0\" height=\"105\" src=\"https:\/\/blogger.googleusercontent.com\/img\/b\/R29vZ2xl\/AVvXsEgHgpVSSEXFdXsEPKXUAE3YRP3VzWlP_cZAnkng8eWWbw9rig7BsEWpCwuWrJD7urcpeBOsvEOYKhMyPhUQ7W3sJN8Bm1IKP9-BStJaPIDbRofrXQzB_ojFNiJWtYriPfTgZBM6D2yvWLY\/s640\/Cabecera-Ficha.png\" width=\"640\" \/><\/a><\/div>\n<table cellpadding=\"0\" cellspacing=\"0\" class=\"tr-caption-container\" style=\"float: left;margin-right: 1em;text-align: left\">\n<tbody>\n<tr>\n<td style=\"text-align: center\"><a href=\"https:\/\/www.bfv.cloud\/ajedrezeuropa\/wp-content\/uploads\/2016\/10\/HABLANDODELFUTURO.jpg\" style=\"clear: left;margin-bottom: 1em;margin-left: auto;margin-right: auto\"><img decoding=\"async\" border=\"0\" height=\"300\" src=\"https:\/\/blogger.googleusercontent.com\/img\/b\/R29vZ2xl\/AVvXsEgKb3tudicjqVY1gi1_PXSbju5f-ptX2wML_AtyP-3VXSfxKe-cBCGkKPR0NaIW3P44qsbi93NOV55sGMMuw83oQwUe9zRZRTzhF81XuxAz_hyphenhyphenK2PLVpC9WmXbiUWaNihqCpMIOHb8-SZo\/s400\/HABLANDO+DEL+FUTURO.JPG\" width=\"400\" \/><\/a><\/td>\n<\/tr>\n<tr>\n<td class=\"tr-caption\" style=\"text-align: center\">Ante las c\u00e1maras, Juli\u00e1n Cano y F\u00e9lix Toribio, conversar\u00e1n sobre<br \/>\nel proyecto Nuestro Ajedrez en Europa<\/td>\n<\/tr>\n<\/tbody>\n<\/table>\n<table cellpadding=\"0\" cellspacing=\"0\" class=\"tr-caption-container\" style=\"float: right;margin-left: 1em;text-align: right\">\n<tbody>\n<tr>\n<td style=\"text-align: center\"><a href=\"https:\/\/www.bfv.cloud\/ajedrezeuropa\/wp-content\/uploads\/2016\/10\/ELSALUDOANTESDELAPARTIDA.jpg\" style=\"clear: right;margin-bottom: 1em;margin-left: auto;margin-right: auto\"><img decoding=\"async\" border=\"0\" height=\"245\" src=\"https:\/\/blogger.googleusercontent.com\/img\/b\/R29vZ2xl\/AVvXsEiejvRbBX81soSAARsY_gODKP7weH5Q8GWxnuIJGnar02IDcFp1huwEl4aF0W_PtfA70kQ7qEXHL3t0q_h-652wQzyhrhVj9vRyJsOdyMJCJeYc3DnSVb-xoplewNCtTU-XFGetQZiSYpU\/s400\/EL+SALUDO+ANTES+DE+LA+PARTIDA.JPG\" width=\"400\" \/><\/a><\/td>\n<\/tr>\n<tr>\n<td class=\"tr-caption\" style=\"text-align: center\">Leontxo Garc\u00eda y Juli\u00e1n Cano iniciando la partida y la entrevista<\/td>\n<\/tr>\n<\/tbody>\n<\/table>\n<p>\n<span style=\"font-size: x-large\"><span style=\"color: #660000\"><u><b><i>Emisi\u00f3n este s\u00e1bado 22 de octubre a las 11,45 de la ma\u00f1ana en CMM.<\/i><\/b><\/u><\/span><\/span><br \/>\n<span style=\"font-size: x-large\">El programa de la TV p\u00fablica de Castilla-La Mancha, H\u00e9roes An\u00f3nimos, dirigido por Juli\u00e1n Cano, ha finalizado la edici\u00f3n del cap\u00edtulo dedicado al proyecto: \u00abel ajedrez en la escuela\u00bb, puesto en marcha por la Consejer\u00eda de Educaci\u00f3n, Cultura y Deportes en colaboraci\u00f3n con \u00abNuestro Ajedrez en Europa\u00bb.&nbsp;<\/span><\/p>\n<table cellpadding=\"0\" cellspacing=\"0\" class=\"tr-caption-container\" style=\"float: right;text-align: right\">\n<tbody>\n<tr>\n<td style=\"text-align: center\"><a href=\"https:\/\/www.bfv.cloud\/ajedrezeuropa\/wp-content\/uploads\/2016\/10\/ENTREVISTAACRISTINAARANDA.jpg\" style=\"clear: right;margin-bottom: 1em;margin-left: auto;margin-right: auto\"><img loading=\"lazy\" decoding=\"async\" border=\"0\" height=\"186\" src=\"https:\/\/blogger.googleusercontent.com\/img\/b\/R29vZ2xl\/AVvXsEgJHJR8htlS-IpCG0aIgPJnWGp5qdazG6Ew9ld9OeeJks2ZaJOD8JvHViK_dym_JX_MWOvcmv0v-0v2S6QC78W5-dMRtwoNl_p9Q0DK3c9dM9EKRJn0p42OakEEeZ3CUBynED48GXGXevQ\/s320\/ENTREVISTA+A+CRISTINA+ARANDA.JPG\" width=\"320\" \/><\/a><\/td>\n<\/tr>\n<tr>\n<td class=\"tr-caption\" style=\"text-align: center\">Cristina Aranda, delegada de Educaci\u00f3n en Toledo,<br \/>\nconversa con Juli\u00e1n del proyecto <br \/>\n\u00abEL AJEDREZ EN LA ESCUELA\u00bb<\/td>\n<\/tr>\n<\/tbody>\n<\/table>\n<p><span style=\"font-size: x-large\">A lo largo de los \u00faltimos meses se fue fraguando y depurando la idea hasta culminar con la grabaci\u00f3n en la que han colaborado grandes profesionales como Leontxo Garc\u00eda, responsables de educaci\u00f3n como Cristina Aranda, alumnos de nuestras escuelas como Alfredo Amador y Roberto L\u00f3pez, el psic\u00f3logo especializado en tratamiento del TDAH a trav\u00e9s del ajedrez, Jaime Toledano, y el m\u00e1ximo responsable del proyecto, F\u00e9lix Toribio. El colegio Fernando Mart\u00edn de Mora y la Biblioteca Regional del Alc\u00e1zar de Toledo han sido los lugares elegidos para rodar las entrevistas y los recursos que veremos en pantalla.<\/span><br \/>\n<span style=\"font-size: x-large\"><br \/><\/span><br \/>\n<span style=\"color: #660000;font-size: x-large\"><b><u>La emisi\u00f3n del programa se puede seguir en directo por internet a trav\u00e9s de www.cmmedia.es<\/u><\/b><\/span><br \/>\n<span style=\"font-size: x-large\">Desde este instante queremos hacer p\u00fablico nuestro agradecimiento a todos los que han trabajado y colaborado para hacer posible este programa que, por primera vez en Espa\u00f1a, se encargar\u00e1 de hablar de las posibilidades del ajedrez como herramienta educativa, terap\u00e9utica y social, desde un punto de vista tan interesante como original: una historia con narraci\u00f3n televisiva.<\/span><\/p>\n<table align=\"center\" cellpadding=\"0\" cellspacing=\"0\" class=\"tr-caption-container\" style=\"margin-left: auto;margin-right: auto;text-align: center\">\n<tbody>\n<tr>\n<td style=\"text-align: center\"><a href=\"https:\/\/www.bfv.cloud\/ajedrezeuropa\/wp-content\/uploads\/2016\/10\/LOSALUMNOSPREGUNTAN.jpg\" style=\"margin-left: auto;margin-right: auto\"><img loading=\"lazy\" decoding=\"async\" border=\"0\" height=\"449\" src=\"https:\/\/blogger.googleusercontent.com\/img\/b\/R29vZ2xl\/AVvXsEhvyHj14Gp4AdCwjjF5zSFCELuWM7hPuKW_YZPyyY6m9XHIALw7bpJS8_9YfISE9uamdmWfwjrsIbYJRq9xVu90pkZsSHCra4JQEW3Lg1c-_FDLr9yMubfGeP91SCwrGW4rQh44vP9ygd0\/s640\/LOS+ALUMNOS+PREGUNTAN.JPG\" width=\"640\" \/><\/a><\/td>\n<\/tr>\n<tr>\n<td class=\"tr-caption\" style=\"text-align: center\">Leontxo con los alumnos y alumnas del colegio p\u00fablico Fernando Mart\u00edn<\/td>\n<\/tr>\n<\/tbody>\n<\/table>\n<div class=\"separator\" style=\"clear: both;text-align: center\">\n<a href=\"https:\/\/www.bfv.cloud\/ajedrezeuropa\/wp-content\/uploads\/2016\/10\/logo-2.png\" style=\"margin-left: 1em;margin-right: 1em\"><img loading=\"lazy\" decoding=\"async\" border=\"0\" height=\"201\" src=\"https:\/\/blogger.googleusercontent.com\/img\/b\/R29vZ2xl\/AVvXsEh7NsmmMJ25GR7T7aWM_fLeFYTUL5jCWXclM1CFYkm11oJedO0V8wUACtONG-HvTqf7aCkH0nLH47kTzcvL36mKW03YH7hyR-89lJshFC6GR874_-1YgM6RCqZtheRUTtBCxwl2zeA1sTw\/s400\/logo.png\" width=\"400\" \/><\/a><\/div>\n","protected":false},"excerpt":{"rendered":"<p>Ante las c\u00e1maras, Juli\u00e1n Cano y F\u00e9lix Toribio, conversar\u00e1n sobre el proyecto Nuestro Ajedrez en Europa Leontxo Garc\u00eda y Juli\u00e1n Cano iniciando la partida y la entrevista Emisi\u00f3n este s\u00e1bado 22 de octubre a las 11,45 de la ma\u00f1ana en CMM. El programa de la TV p\u00fablica de Castilla-La Mancha, H\u00e9roes An\u00f3nimos, dirigido por Juli\u00e1n [&hellip;]<\/p>\n","protected":false},"author":1,"featured_media":4405,"comment_status":"open","ping_status":"closed","sticky":false,"template":"","format":"standard","meta":{"footnotes":""},"categories":[1],"tags":[],"class_list":["post-4404","post","type-post","status-publish","format-standard","has-post-thumbnail","hentry","category-noticias"],"_links":{"self":[{"href":"https:\/\/www.bfv.cloud\/ajedrezeuropa\/wp-json\/wp\/v2\/posts\/4404","targetHints":{"allow":["GET"]}}],"collection":[{"href":"https:\/\/www.bfv.cloud\/ajedrezeuropa\/wp-json\/wp\/v2\/posts"}],"about":[{"href":"https:\/\/www.bfv.cloud\/ajedrezeuropa\/wp-json\/wp\/v2\/types\/post"}],"author":[{"embeddable":true,"href":"https:\/\/www.bfv.cloud\/ajedrezeuropa\/wp-json\/wp\/v2\/users\/1"}],"replies":[{"embeddable":true,"href":"https:\/\/www.bfv.cloud\/ajedrezeuropa\/wp-json\/wp\/v2\/comments?post=4404"}],"version-history":[{"count":1,"href":"https:\/\/www.bfv.cloud\/ajedrezeuropa\/wp-json\/wp\/v2\/posts\/4404\/revisions"}],"predecessor-version":[{"id":4411,"href":"https:\/\/www.bfv.cloud\/ajedrezeuropa\/wp-json\/wp\/v2\/posts\/4404\/revisions\/4411"}],"wp:featuredmedia":[{"embeddable":true,"href":"https:\/\/www.bfv.cloud\/ajedrezeuropa\/wp-json\/wp\/v2\/media\/4405"}],"wp:attachment":[{"href":"https:\/\/www.bfv.cloud\/ajedrezeuropa\/wp-json\/wp\/v2\/media?parent=4404"}],"wp:term":[{"taxonomy":"category","embeddable":true,"href":"https:\/\/www.bfv.cloud\/ajedrezeuropa\/wp-json\/wp\/v2\/categories?post=4404"},{"taxonomy":"post_tag","embeddable":true,"href":"https:\/\/www.bfv.cloud\/ajedrezeuropa\/wp-json\/wp\/v2\/tags?post=4404"}],"curies":[{"name":"wp","href":"https:\/\/api.w.org\/{rel}","templated":true}]}}