{"id":4412,"date":"2015-07-12T10:30:00","date_gmt":"2015-07-12T10:30:00","guid":{"rendered":"https:\/\/www.bfv.cloud\/ajedrezeuropa\/index.php\/2015\/07\/12\/el-proximo-fin-de-semana-simultanea-en-las-fiestas-del-barrio-el-santo-de-alcazar\/"},"modified":"2025-11-20T11:16:57","modified_gmt":"2025-11-20T11:16:57","slug":"el-proximo-fin-de-semana-simultanea-en-las-fiestas-del-barrio-el-santo-de-alcazar","status":"publish","type":"post","link":"https:\/\/www.bfv.cloud\/ajedrezeuropa\/el-proximo-fin-de-semana-simultanea-en-las-fiestas-del-barrio-el-santo-de-alcazar\/","title":{"rendered":"EL PR\u00d3XIMO FIN DE SEMANA SIMULT\u00c1NEA EN LAS FIESTAS DEL BARRIO \u00abEL SANTO\u00bb DE ALC\u00c1ZAR"},"content":{"rendered":"<div class=\"separator\" style=\"clear: both;text-align: center\">\n<a href=\"https:\/\/www.bfv.cloud\/ajedrezeuropa\/wp-content\/uploads\/2015\/07\/CARTELISIMULT25C32581NEABARRIOELSANTO.jpg\" style=\"clear: left;float: left;margin-bottom: 1em;margin-right: 1em\"><img fetchpriority=\"high\" decoding=\"async\" border=\"0\" height=\"640\" src=\"https:\/\/blogger.googleusercontent.com\/img\/b\/R29vZ2xl\/AVvXsEg12DH4L5TB4y5TLrmFBEB07BHPGcM-dF0CG_MA72Ub1OKojNtKBvVFd4IIH5PafueTm_yw4d6Rnmdt8AKTjQwPyDsRtrPTLZQzwxw3LmzjdtONd7S6AlNdDROkiGlxZ5kWyZ6EhHEFq4M\/s640\/CARTEL+I+SIMULT%25C3%2581NEA+BARRIO+EL+SANTO.jpg\" width=\"462\" \/><\/a><\/div>\n<p><span style=\"font-family: Georgia, Times New Roman, serif\"><b><i>Los responsables de la asociaci\u00f3n de vecinos del barrio \u00abEL SANTO\u00bb de Alc\u00e1zar de San Juan nos han invitado a colaborar con las fiestas de su barrio, en concreto, el pr\u00f3ximo s\u00e1bado 18 de julio a partir de las 7,30 de la tarde. Ser\u00e1 entonces cuando 5 chicos y chicas de la escuela de Alc\u00e1zar estar\u00e1n dispuestos a ofrecer una simult\u00e1nea frente a todos los aficionados que pod\u00e1is acercaros hasta el final de la calle Salamanca de esta popular barriada.<\/i><\/b><\/span><br \/>\n<span style=\"font-family: Georgia, Times New Roman, serif\"><b><i>Tambi\u00e9n animamos a los alumnos y alumnas de las escuelas de Alc\u00e1zar y Villafranca a participar en esta I SIMULT\u00c1NEA DE EXHIBICI\u00d3N. Seguro que ser\u00e1 divertido para todos. Las inscripciones se pueden realizar en el mismo lugar de juego, hasta 15 minutos antes del comienzo.<\/i><\/b><\/span><br \/>\n<span style=\"font-family: Georgia, Times New Roman, serif\"><b><i>\u00a1\u00a1NOS VEMOS!!<\/i><\/b><\/span><\/p>\n","protected":false},"excerpt":{"rendered":"<p>Los responsables de la asociaci\u00f3n de vecinos del barrio \u00abEL SANTO\u00bb de Alc\u00e1zar de San Juan nos han invitado a colaborar con las fiestas de su barrio, en concreto, el pr\u00f3ximo s\u00e1bado 18 de julio a partir de las 7,30 de la tarde. Ser\u00e1 entonces cuando 5 chicos y chicas de la escuela de Alc\u00e1zar [&hellip;]<\/p>\n","protected":false},"author":1,"featured_media":4413,"comment_status":"open","ping_status":"closed","sticky":false,"template":"","format":"standard","meta":{"footnotes":""},"categories":[1],"tags":[],"class_list":["post-4412","post","type-post","status-publish","format-standard","has-post-thumbnail","hentry","category-noticias"],"_links":{"self":[{"href":"https:\/\/www.bfv.cloud\/ajedrezeuropa\/wp-json\/wp\/v2\/posts\/4412","targetHints":{"allow":["GET"]}}],"collection":[{"href":"https:\/\/www.bfv.cloud\/ajedrezeuropa\/wp-json\/wp\/v2\/posts"}],"about":[{"href":"https:\/\/www.bfv.cloud\/ajedrezeuropa\/wp-json\/wp\/v2\/types\/post"}],"author":[{"embeddable":true,"href":"https:\/\/www.bfv.cloud\/ajedrezeuropa\/wp-json\/wp\/v2\/users\/1"}],"replies":[{"embeddable":true,"href":"https:\/\/www.bfv.cloud\/ajedrezeuropa\/wp-json\/wp\/v2\/comments?post=4412"}],"version-history":[{"count":1,"href":"https:\/\/www.bfv.cloud\/ajedrezeuropa\/wp-json\/wp\/v2\/posts\/4412\/revisions"}],"predecessor-version":[{"id":4414,"href":"https:\/\/www.bfv.cloud\/ajedrezeuropa\/wp-json\/wp\/v2\/posts\/4412\/revisions\/4414"}],"wp:featuredmedia":[{"embeddable":true,"href":"https:\/\/www.bfv.cloud\/ajedrezeuropa\/wp-json\/wp\/v2\/media\/4413"}],"wp:attachment":[{"href":"https:\/\/www.bfv.cloud\/ajedrezeuropa\/wp-json\/wp\/v2\/media?parent=4412"}],"wp:term":[{"taxonomy":"category","embeddable":true,"href":"https:\/\/www.bfv.cloud\/ajedrezeuropa\/wp-json\/wp\/v2\/categories?post=4412"},{"taxonomy":"post_tag","embeddable":true,"href":"https:\/\/www.bfv.cloud\/ajedrezeuropa\/wp-json\/wp\/v2\/tags?post=4412"}],"curies":[{"name":"wp","href":"https:\/\/api.w.org\/{rel}","templated":true}]}}