{"id":4415,"date":"2017-07-10T19:14:00","date_gmt":"2017-07-10T19:14:00","guid":{"rendered":"https:\/\/www.bfv.cloud\/ajedrezeuropa\/index.php\/2017\/07\/10\/comienza-la-participacion-de-nuestros-jugadores-en-los-campeonatos-de-espana-por-edades-2017\/"},"modified":"2025-11-20T11:16:59","modified_gmt":"2025-11-20T11:16:59","slug":"comienza-la-participacion-de-nuestros-jugadores-en-los-campeonatos-de-espana-por-edades-2017","status":"publish","type":"post","link":"https:\/\/www.bfv.cloud\/ajedrezeuropa\/comienza-la-participacion-de-nuestros-jugadores-en-los-campeonatos-de-espana-por-edades-2017\/","title":{"rendered":"COMIENZA LA PARTICIPACI\u00d3N DE NUESTROS JUGADORES EN LOS CAMPEONATOS DE ESPA\u00d1A POR EDADES 2017"},"content":{"rendered":"<div class=\"separator\" style=\"clear: both;text-align: center\">\n<\/div>\n<table align=\"center\" cellpadding=\"0\" cellspacing=\"0\" class=\"tr-caption-container\" style=\"margin-left: auto;margin-right: auto;text-align: center\">\n<tbody>\n<tr>\n<td style=\"text-align: center\"><a href=\"https:\/\/www.bfv.cloud\/ajedrezeuropa\/wp-content\/uploads\/2017\/07\/ALONSORONDA1.jpg\" style=\"margin-left: auto;margin-right: auto\"><img fetchpriority=\"high\" decoding=\"async\" border=\"0\" data-original-height=\"838\" data-original-width=\"1274\" height=\"420\" src=\"https:\/\/blogger.googleusercontent.com\/img\/b\/R29vZ2xl\/AVvXsEiF5EA743r9BB5v68I2pzoGwm0oyFcjbW5EUP5BeN4d1mAaBN9ACrFhZvOt3-brB3XPpzQKXfXDZb2lZ7c-oCB4enhzcXkm3uFHbss3I_UXMTNjYk4_ukssA9ZnBsJCip0cyy1trIVoRcc\/s640\/ALONSO+RONDA+1.jpg\" width=\"640\" \/><\/a><\/td>\n<\/tr>\n<tr>\n<td class=\"tr-caption\" style=\"text-align: center\">Alonso L\u00f3pez N\u00fa\u00f1ez, esta ma\u00f1ana al comienzo del campeonato en Salobre\u00f1a<\/td>\n<\/tr>\n<\/tbody>\n<\/table>\n<p><a href=\"https:\/\/www.bfv.cloud\/ajedrezeuropa\/wp-content\/uploads\/2017\/07\/Cartel-Campeonato-Salobre25C325B1a-768x1304-1.jpg\" style=\"clear: right;float: right;margin-bottom: 1em;margin-left: 1em\"><img decoding=\"async\" border=\"0\" data-original-height=\"1304\" data-original-width=\"768\" height=\"640\" src=\"https:\/\/blogger.googleusercontent.com\/img\/b\/R29vZ2xl\/AVvXsEheT1KrgBgM8f-V4GNa1pM4u1NXNiELgVQlb9FGwhyphenhyphenChDMe6qefK0d8qs0OWhi9pt3bfgJKiybgKBuwmTG7D58y2-whTYOn7c1T6ADjlqihtq4iVEXr132VIs8pgnDol32CadbUENgJhzY\/s640\/Cartel-Campeonato-Salobre%25C3%25B1a-768x1304.jpg\" width=\"376\" \/><\/a><span style=\", sans-serif;font-size: large\">Con la categor\u00eda sub-12 comienza la participaci\u00f3n de nuestros ajedrecistas en los campeonatos de Espa\u00f1a para j\u00f3venes. Hoy lunes, Alonso L\u00f3pez N\u00fa\u00f1ez, subcampe\u00f3n de Castilla-La Mancha entre los menores de 12 a\u00f1os, ha disputado las dos primeras rondas del torneo, sumando 1,5 puntos. Alonso parte de la posici\u00f3n 49 del ranking inicial de un total de 165 chicos y chicas. Es la tercera participaci\u00f3n de Alonso en los campeonatos de Espa\u00f1a por edades, aunque las dos anteriores fueron dentro de la categor\u00eda sub-10, donde se situ\u00f3 en la posici\u00f3n 68\u00ba en 2015 y en la 15\u00aa plaza el pasado a\u00f1o, logrando tambi\u00e9n la 7\u00aa plaza nacional en el Campeonato de Espa\u00f1a de r\u00e1pidas 2016. Los campeonatos de Espa\u00f1a de j\u00f3venes vuelven a Salobre\u00f1a (Granada) por sexto a\u00f1o consecutivo. El sub-12 finalizar\u00e1 el s\u00e1bado 15 de julio tras haberse celebrado 9 rondas a un ritmo de 1h 30\u00b4 por jugador con un incremento de 30 segundos por movimiento. Seguro que, a pesar de la dificultad de competir con chicos y chicas hasta 2 a\u00f1os mayores, la progresi\u00f3n de juego y resultados seguir\u00e1 siendo muy positiva.<\/span><br \/>\n<span style=\", sans-serif;font-size: large\">\u00a1\u00a1Mucho \u00e1nimo y buen campeonato!!<\/span><br \/>\n<span style=\", sans-serif;font-size: large\">Se pueden seguir los resultados y clasificaciones en el siguiente enlace de info64:<\/span><\/p>\n<div style=\"text-align: center\">\n<span style=\", sans-serif;font-size: large\"><a href=\"https:\/\/info64.org\/campeonato-de-espana-sub-12-2017\">RESULTADOS Y CLASIFICACIONES CAMPEONATO DE ESPA\u00d1A SUB-12 2017<\/a><\/span><\/div>\n<div style=\"text-align: center\">\n<\/div>\n<div style=\"text-align: left\">\n<span style=\", sans-serif;font-size: large\">Asimismo, se pueden seguir la retransmisi\u00f3n en directo de los 20 primeros tableros de cada ronda en el siguiente enlace:<\/span><\/div>\n<div style=\"text-align: center\">\n<span style=\", sans-serif;font-size: large\"><a href=\"https:\/\/chess24.com\/es\">RETRANSMISIONES EN DIRECTO DEL SUB-12<\/a><\/span><\/div>\n","protected":false},"excerpt":{"rendered":"<p>Alonso L\u00f3pez N\u00fa\u00f1ez, esta ma\u00f1ana al comienzo del campeonato en Salobre\u00f1a Con la categor\u00eda sub-12 comienza la participaci\u00f3n de nuestros ajedrecistas en los campeonatos de Espa\u00f1a para j\u00f3venes. Hoy lunes, Alonso L\u00f3pez N\u00fa\u00f1ez, subcampe\u00f3n de Castilla-La Mancha entre los menores de 12 a\u00f1os, ha disputado las dos primeras rondas del torneo, sumando 1,5 puntos. Alonso [&hellip;]<\/p>\n","protected":false},"author":1,"featured_media":4416,"comment_status":"open","ping_status":"closed","sticky":false,"template":"","format":"standard","meta":{"footnotes":""},"categories":[1],"tags":[],"class_list":["post-4415","post","type-post","status-publish","format-standard","has-post-thumbnail","hentry","category-noticias"],"_links":{"self":[{"href":"https:\/\/www.bfv.cloud\/ajedrezeuropa\/wp-json\/wp\/v2\/posts\/4415","targetHints":{"allow":["GET"]}}],"collection":[{"href":"https:\/\/www.bfv.cloud\/ajedrezeuropa\/wp-json\/wp\/v2\/posts"}],"about":[{"href":"https:\/\/www.bfv.cloud\/ajedrezeuropa\/wp-json\/wp\/v2\/types\/post"}],"author":[{"embeddable":true,"href":"https:\/\/www.bfv.cloud\/ajedrezeuropa\/wp-json\/wp\/v2\/users\/1"}],"replies":[{"embeddable":true,"href":"https:\/\/www.bfv.cloud\/ajedrezeuropa\/wp-json\/wp\/v2\/comments?post=4415"}],"version-history":[{"count":1,"href":"https:\/\/www.bfv.cloud\/ajedrezeuropa\/wp-json\/wp\/v2\/posts\/4415\/revisions"}],"predecessor-version":[{"id":4418,"href":"https:\/\/www.bfv.cloud\/ajedrezeuropa\/wp-json\/wp\/v2\/posts\/4415\/revisions\/4418"}],"wp:featuredmedia":[{"embeddable":true,"href":"https:\/\/www.bfv.cloud\/ajedrezeuropa\/wp-json\/wp\/v2\/media\/4416"}],"wp:attachment":[{"href":"https:\/\/www.bfv.cloud\/ajedrezeuropa\/wp-json\/wp\/v2\/media?parent=4415"}],"wp:term":[{"taxonomy":"category","embeddable":true,"href":"https:\/\/www.bfv.cloud\/ajedrezeuropa\/wp-json\/wp\/v2\/categories?post=4415"},{"taxonomy":"post_tag","embeddable":true,"href":"https:\/\/www.bfv.cloud\/ajedrezeuropa\/wp-json\/wp\/v2\/tags?post=4415"}],"curies":[{"name":"wp","href":"https:\/\/api.w.org\/{rel}","templated":true}]}}