{"id":4419,"date":"2017-01-25T23:13:00","date_gmt":"2017-01-25T23:13:00","guid":{"rendered":"https:\/\/www.bfv.cloud\/ajedrezeuropa\/index.php\/2017\/01\/25\/licencias-federativas-2017\/"},"modified":"2025-11-20T11:17:01","modified_gmt":"2025-11-20T11:17:01","slug":"licencias-federativas-2017","status":"publish","type":"post","link":"https:\/\/www.bfv.cloud\/ajedrezeuropa\/licencias-federativas-2017\/","title":{"rendered":"LICENCIAS FEDERATIVAS 2017"},"content":{"rendered":"<div class=\"separator\" style=\"clear: both;text-align: center\">\n<a href=\"https:\/\/www.bfv.cloud\/ajedrezeuropa\/wp-content\/uploads\/2017\/01\/LICENCIAS2017JPG.jpg\" style=\"margin-left: 1em;margin-right: 1em\"><img fetchpriority=\"high\" decoding=\"async\" border=\"0\" height=\"452\" src=\"https:\/\/blogger.googleusercontent.com\/img\/b\/R29vZ2xl\/AVvXsEjzlLF819J3Y2zme13FV-eutuq_me0cR-BseMGK-t4flsu9X4IgYahEV8SZjirrGr20fPy70zAMZaKujTARwXU4c_yzi1FBtMWvwXzbLaXN-Ohmt7DbfqLf5Ay-ZsZoIQnIVhFI7apFhjY\/s640\/LICENCIAS+2017+JPG.jpg\" width=\"640\" \/><\/a><\/div>\n<p>\n<span style=\"font-family: Georgia, Times New Roman, serif;font-size: large\"><b>Publicamos la circular para el pago de las licencias de 2017 adaptada para nuestros jugadores y t\u00e9cnicos. Este a\u00f1o ha entrado en vigor la licencia \u00fanica definitivamente, con lo que los importes para t\u00e9cnicos, monitores y \u00e1rbitros, se ven incrementados por la FACLM (Federaci\u00f3n de Ajedrez de Castilla-La Mancha) por sus propias fichas regionales, que de esta forma se convierten en obligatorias.<\/b><\/span><br \/>\n<span style=\"color: blue;font-family: Georgia, Times New Roman, serif;font-size: large\"><b>Recordad que el plazo para el abono de los importes a nuestros clubes es el 10 de febrero de 2017.<\/b><\/span><\/p>\n","protected":false},"excerpt":{"rendered":"<p>Publicamos la circular para el pago de las licencias de 2017 adaptada para nuestros jugadores y t\u00e9cnicos. Este a\u00f1o ha entrado en vigor la licencia \u00fanica definitivamente, con lo que los importes para t\u00e9cnicos, monitores y \u00e1rbitros, se ven incrementados por la FACLM (Federaci\u00f3n de Ajedrez de Castilla-La Mancha) por sus propias fichas regionales, que [&hellip;]<\/p>\n","protected":false},"author":1,"featured_media":4420,"comment_status":"open","ping_status":"closed","sticky":false,"template":"","format":"standard","meta":{"footnotes":""},"categories":[1],"tags":[],"class_list":["post-4419","post","type-post","status-publish","format-standard","has-post-thumbnail","hentry","category-noticias"],"_links":{"self":[{"href":"https:\/\/www.bfv.cloud\/ajedrezeuropa\/wp-json\/wp\/v2\/posts\/4419","targetHints":{"allow":["GET"]}}],"collection":[{"href":"https:\/\/www.bfv.cloud\/ajedrezeuropa\/wp-json\/wp\/v2\/posts"}],"about":[{"href":"https:\/\/www.bfv.cloud\/ajedrezeuropa\/wp-json\/wp\/v2\/types\/post"}],"author":[{"embeddable":true,"href":"https:\/\/www.bfv.cloud\/ajedrezeuropa\/wp-json\/wp\/v2\/users\/1"}],"replies":[{"embeddable":true,"href":"https:\/\/www.bfv.cloud\/ajedrezeuropa\/wp-json\/wp\/v2\/comments?post=4419"}],"version-history":[{"count":1,"href":"https:\/\/www.bfv.cloud\/ajedrezeuropa\/wp-json\/wp\/v2\/posts\/4419\/revisions"}],"predecessor-version":[{"id":4421,"href":"https:\/\/www.bfv.cloud\/ajedrezeuropa\/wp-json\/wp\/v2\/posts\/4419\/revisions\/4421"}],"wp:featuredmedia":[{"embeddable":true,"href":"https:\/\/www.bfv.cloud\/ajedrezeuropa\/wp-json\/wp\/v2\/media\/4420"}],"wp:attachment":[{"href":"https:\/\/www.bfv.cloud\/ajedrezeuropa\/wp-json\/wp\/v2\/media?parent=4419"}],"wp:term":[{"taxonomy":"category","embeddable":true,"href":"https:\/\/www.bfv.cloud\/ajedrezeuropa\/wp-json\/wp\/v2\/categories?post=4419"},{"taxonomy":"post_tag","embeddable":true,"href":"https:\/\/www.bfv.cloud\/ajedrezeuropa\/wp-json\/wp\/v2\/tags?post=4419"}],"curies":[{"name":"wp","href":"https:\/\/api.w.org\/{rel}","templated":true}]}}