{"id":442,"date":"2014-02-26T22:42:00","date_gmt":"2014-02-26T22:42:00","guid":{"rendered":"https:\/\/www.bfv.cloud\/ajedrezeuropa\/index.php\/2014\/02\/26\/tu-mente-activa\/"},"modified":"2025-11-20T10:17:41","modified_gmt":"2025-11-20T10:17:41","slug":"tu-mente-activa","status":"publish","type":"post","link":"https:\/\/www.bfv.cloud\/ajedrezeuropa\/tu-mente-activa\/","title":{"rendered":"\u00abTU MENTE + ACTIVA\u00bb"},"content":{"rendered":"<table cellpadding=\"0\" cellspacing=\"0\" class=\"tr-caption-container\" style=\"float: right;margin-left: 1em;text-align: right\">\n<tbody>\n<tr>\n<td style=\"text-align: center\"><a href=\"https:\/\/www.bfv.cloud\/ajedrezeuropa\/wp-content\/uploads\/2014\/02\/20140213_110350.jpg\" style=\"clear: right;margin-bottom: 1em;margin-left: auto;margin-right: auto\"><img fetchpriority=\"high\" decoding=\"async\" border=\"0\" src=\"https:\/\/www.bfv.cloud\/ajedrezeuropa\/wp-content\/uploads\/2014\/02\/20140213_110350.jpg\" height=\"300\" width=\"400\" \/><\/a><\/td>\n<\/tr>\n<tr>\n<td class=\"tr-caption\" style=\"text-align: center\">La concentraci\u00f3n de Villa de Don Fadrique<\/td>\n<\/tr>\n<\/tbody>\n<\/table>\n<p><span style=\"font-family: Helvetica Neue, Arial, Helvetica, sans-serif\"><b>El jueves pasado finalizaba el desarrollo del plan +Activa en su vertiente dedicada al ajedrez dentro de la comarca de Quintanar de la Orden. La segunda concentraci\u00f3n de los colegios que han colaborado en este programa se realizaba en la poblaci\u00f3n de Miguel Esteban con m\u00e1s de 100 alumnos participantes, lo que significa que un total de 300 chicos y chicas han podido acercarse a los conocimientos b\u00e1sicos del deporte de la mente. Despu\u00e9s de la experiencia tan positiva de estas jornadas, debemos se\u00f1alar la importancia de hacer del ajedrez una pr\u00e1ctica habitual en los centros educativos de nuestra regi\u00f3n. Estamos convencidos de su inter\u00e9s pedag\u00f3gico y de su gran aportaci\u00f3n al poder de la memoria y la concentraci\u00f3n de todo el alumnado.<\/b><\/span><\/p>\n","protected":false},"excerpt":{"rendered":"<p>La concentraci\u00f3n de Villa de Don Fadrique El jueves pasado finalizaba el desarrollo del plan +Activa en su vertiente dedicada al ajedrez dentro de la comarca de Quintanar de la Orden. La segunda concentraci\u00f3n de los colegios que han colaborado en este programa se realizaba en la poblaci\u00f3n de Miguel Esteban con m\u00e1s de 100 [&hellip;]<\/p>\n","protected":false},"author":1,"featured_media":443,"comment_status":"open","ping_status":"closed","sticky":false,"template":"","format":"standard","meta":{"footnotes":""},"categories":[1],"tags":[],"class_list":["post-442","post","type-post","status-publish","format-standard","has-post-thumbnail","hentry","category-noticias"],"_links":{"self":[{"href":"https:\/\/www.bfv.cloud\/ajedrezeuropa\/wp-json\/wp\/v2\/posts\/442","targetHints":{"allow":["GET"]}}],"collection":[{"href":"https:\/\/www.bfv.cloud\/ajedrezeuropa\/wp-json\/wp\/v2\/posts"}],"about":[{"href":"https:\/\/www.bfv.cloud\/ajedrezeuropa\/wp-json\/wp\/v2\/types\/post"}],"author":[{"embeddable":true,"href":"https:\/\/www.bfv.cloud\/ajedrezeuropa\/wp-json\/wp\/v2\/users\/1"}],"replies":[{"embeddable":true,"href":"https:\/\/www.bfv.cloud\/ajedrezeuropa\/wp-json\/wp\/v2\/comments?post=442"}],"version-history":[{"count":1,"href":"https:\/\/www.bfv.cloud\/ajedrezeuropa\/wp-json\/wp\/v2\/posts\/442\/revisions"}],"predecessor-version":[{"id":444,"href":"https:\/\/www.bfv.cloud\/ajedrezeuropa\/wp-json\/wp\/v2\/posts\/442\/revisions\/444"}],"wp:featuredmedia":[{"embeddable":true,"href":"https:\/\/www.bfv.cloud\/ajedrezeuropa\/wp-json\/wp\/v2\/media\/443"}],"wp:attachment":[{"href":"https:\/\/www.bfv.cloud\/ajedrezeuropa\/wp-json\/wp\/v2\/media?parent=442"}],"wp:term":[{"taxonomy":"category","embeddable":true,"href":"https:\/\/www.bfv.cloud\/ajedrezeuropa\/wp-json\/wp\/v2\/categories?post=442"},{"taxonomy":"post_tag","embeddable":true,"href":"https:\/\/www.bfv.cloud\/ajedrezeuropa\/wp-json\/wp\/v2\/tags?post=442"}],"curies":[{"name":"wp","href":"https:\/\/api.w.org\/{rel}","templated":true}]}}