{"id":4422,"date":"2012-05-03T23:28:00","date_gmt":"2012-05-03T23:28:00","guid":{"rendered":"https:\/\/www.bfv.cloud\/ajedrezeuropa\/index.php\/2012\/05\/03\/acabo-el-regional-escolar-y-celebramos-mas-de-20-000-visitas-a-nuestra-pagina\/"},"modified":"2025-11-20T11:17:03","modified_gmt":"2025-11-20T11:17:03","slug":"acabo-el-regional-escolar-y-celebramos-mas-de-20-000-visitas-a-nuestra-pagina","status":"publish","type":"post","link":"https:\/\/www.bfv.cloud\/ajedrezeuropa\/acabo-el-regional-escolar-y-celebramos-mas-de-20-000-visitas-a-nuestra-pagina\/","title":{"rendered":"ACAB\u00d3 EL REGIONAL ESCOLAR Y CELEBRAMOS M\u00c1S DE 20.000 VISITAS A NUESTRA P\u00c1GINA"},"content":{"rendered":"<p>\ufeff <\/p>\n<table align=\"center\" cellpadding=\"0\" cellspacing=\"0\" class=\"tr-caption-container\" style=\"float: left;margin-right: 1em;text-align: left\">\n<tbody>\n<tr>\n<td style=\"text-align: center\"><a href=\"https:\/\/www.bfv.cloud\/ajedrezeuropa\/wp-content\/uploads\/2012\/05\/fotosdeloschicos3.jpg\" style=\"margin-left: auto;margin-right: auto\"><img fetchpriority=\"high\" decoding=\"async\" border=\"0\" height=\"300\" src=\"https:\/\/blogger.googleusercontent.com\/img\/b\/R29vZ2xl\/AVvXsEhAMT-lIh9v4z5HjTjVDI6k4a0BbGp-uHaT60XttMHiTUWy3ZeHWwSOGqKMq8oqVFJvFyjmWf7V3z_v3kqZpwj3gLTBLoJ1NP04FrBY5OILaaHTRWkwCgx4Q45x2rscc3IgidJaTNzuUsc\/s400\/fotos+de+los+chicos+3.jpg\" width=\"400\" \/><\/a><\/td>\n<\/tr>\n<tr>\n<td class=\"tr-caption\" style=\"text-align: center\">Nuestros 5 representantes en el regional escolar:<br \/>\nIrene, Isaac, Jes\u00fas M\u00aa, Leo y Carlos<\/td>\n<\/tr>\n<\/tbody>\n<\/table>\n<p>\ufeff <span style=\", sans-serif\">A lo largo del puente del 1 de mayo se ha celebrado en Daimiel la edici\u00f3n de 2012 del Campeonato de Castilla-La Mancha del Deporte en Edad Escolar. En esta ocasi\u00f3n, 4 chicos en la categor\u00eda cadete masculina y una chica en la infantil femenina completaban nuestra representaci\u00f3n. Para <strong>Irene Sim\u00f3n Escalona<\/strong> era su primera intervenci\u00f3n en esta competici\u00f3n y su resultado ha sido muy brillante, ya que gracias a sus <strong>4 puntos<\/strong> (a tan s\u00f3lo medio de las 4 primeras) alcanzaba la <strong>5\u00aa posici\u00f3n<\/strong> y su primer bloque para lograr&nbsp;elo FIDE. Entre tanto, los chicos del cadete, intentaban ofrecer su mejor juego y pugnaban por obtener una buena clasificaci\u00f3n. Finalmente, aunque Carlos&nbsp;estuvo muy cerca de haber sido campe\u00f3n, la p\u00e9rdida de su \u00faltima partida ante Alvaro Buend\u00eda le alej\u00f3 de los 3 primeros puestos que clasificaban para la fase nacional. En resumen, estos fueron sus&nbsp;puntos&nbsp;conseguidos y sus posiciones finales:<\/span><\/p>\n<div style=\"text-align: center\"><strong><span style=\"font-family: Trebuchet MS\">Carlos \u00c1lvarez, 5\u00ba clasificado con 3,5 puntos.<\/span>&nbsp;<\/strong><\/div>\n<div style=\"text-align: center\"><strong><span style=\", sans-serif\">Isaac Lozano, 10\u00ba con 3 puntos, (en la lista de julio aparecer\u00e1 con elo FIDE)<\/span><\/strong><\/div>\n<div style=\"text-align: center\"><strong><span style=\"font-family: Trebuchet MS\">Leo de Giorgi, 12\u00ba con 2,5 puntos.<\/span><\/strong><\/div>\n<div style=\"text-align: center\"><strong><span style=\"font-family: Trebuchet MS\">Jes\u00fas M\u00aa Bricio, 14\u00ba con 2 puntos.<\/span><\/strong><\/div>\n<div style=\"text-align: center\">\n<\/div>\n<div style=\"text-align: center\"><strong><em><u><span style=\"font-family: Verdana, sans-serif\">Gracias por estas 20.000 visitas<\/span><\/u><\/em><\/strong><\/div>\n<div style=\"text-align: center\">\n<\/div>\n<div style=\"text-align: left\"><em><span style=\"font-family: Verdana\">Queremos agradeceros a todos vuestra diaria atenci\u00f3n a nuestras noticias de ajedrez. Desde el comienzo de la estad\u00edstica, en julio de 2010, ya han sido m\u00e1s de 20.000 las visitas que habe\u00eds realizado a este blog. Desde diciembre de 2011&nbsp;hasta el pasado mes de abril todos los meses se superan las 1.300 p\u00e1ginas vistas, lo&nbsp;que supone un seguimiento diario muy alto y continuado. Como en alguna ocasi\u00f3n anterior, adem\u00e1s del gran n\u00famero de seguidores espa\u00f1oles, destacamos especialmente a los aficionados y amigos que nos visitan asiduamente desde Estados Unidos, Rusia, Alemania, Francia, M\u00e9xico, Argentina, Venezuela, Reino Unido o Per\u00fa, como pa\u00edses que destacan en los resultados estad\u00edsticos que nos facilita Google.<\/span><\/em><\/div>\n<div style=\"text-align: center\">\n<\/div>\n","protected":false},"excerpt":{"rendered":"<p>\ufeff Nuestros 5 representantes en el regional escolar: Irene, Isaac, Jes\u00fas M\u00aa, Leo y Carlos \ufeff A lo largo del puente del 1 de mayo se ha celebrado en Daimiel la edici\u00f3n de 2012 del Campeonato de Castilla-La Mancha del Deporte en Edad Escolar. En esta ocasi\u00f3n, 4 chicos en la categor\u00eda cadete masculina y [&hellip;]<\/p>\n","protected":false},"author":1,"featured_media":4423,"comment_status":"open","ping_status":"closed","sticky":false,"template":"","format":"standard","meta":{"footnotes":""},"categories":[1],"tags":[],"class_list":["post-4422","post","type-post","status-publish","format-standard","has-post-thumbnail","hentry","category-noticias"],"_links":{"self":[{"href":"https:\/\/www.bfv.cloud\/ajedrezeuropa\/wp-json\/wp\/v2\/posts\/4422","targetHints":{"allow":["GET"]}}],"collection":[{"href":"https:\/\/www.bfv.cloud\/ajedrezeuropa\/wp-json\/wp\/v2\/posts"}],"about":[{"href":"https:\/\/www.bfv.cloud\/ajedrezeuropa\/wp-json\/wp\/v2\/types\/post"}],"author":[{"embeddable":true,"href":"https:\/\/www.bfv.cloud\/ajedrezeuropa\/wp-json\/wp\/v2\/users\/1"}],"replies":[{"embeddable":true,"href":"https:\/\/www.bfv.cloud\/ajedrezeuropa\/wp-json\/wp\/v2\/comments?post=4422"}],"version-history":[{"count":1,"href":"https:\/\/www.bfv.cloud\/ajedrezeuropa\/wp-json\/wp\/v2\/posts\/4422\/revisions"}],"predecessor-version":[{"id":4424,"href":"https:\/\/www.bfv.cloud\/ajedrezeuropa\/wp-json\/wp\/v2\/posts\/4422\/revisions\/4424"}],"wp:featuredmedia":[{"embeddable":true,"href":"https:\/\/www.bfv.cloud\/ajedrezeuropa\/wp-json\/wp\/v2\/media\/4423"}],"wp:attachment":[{"href":"https:\/\/www.bfv.cloud\/ajedrezeuropa\/wp-json\/wp\/v2\/media?parent=4422"}],"wp:term":[{"taxonomy":"category","embeddable":true,"href":"https:\/\/www.bfv.cloud\/ajedrezeuropa\/wp-json\/wp\/v2\/categories?post=4422"},{"taxonomy":"post_tag","embeddable":true,"href":"https:\/\/www.bfv.cloud\/ajedrezeuropa\/wp-json\/wp\/v2\/tags?post=4422"}],"curies":[{"name":"wp","href":"https:\/\/api.w.org\/{rel}","templated":true}]}}