{"id":4425,"date":"2010-06-28T21:19:00","date_gmt":"2010-06-28T21:19:00","guid":{"rendered":"https:\/\/www.bfv.cloud\/ajedrezeuropa\/index.php\/2010\/06\/28\/irene-simon-en-el-campeonato-de-espana-sub-10\/"},"modified":"2025-11-20T11:17:05","modified_gmt":"2025-11-20T11:17:05","slug":"irene-simon-en-el-campeonato-de-espana-sub-10","status":"publish","type":"post","link":"https:\/\/www.bfv.cloud\/ajedrezeuropa\/irene-simon-en-el-campeonato-de-espana-sub-10\/","title":{"rendered":"IRENE SIM\u00d3N EN EL CAMPEONATO DE ESPA\u00d1A SUB-10"},"content":{"rendered":"<div class=\"separator\" style=\"clear: both;text-align: center\"><a href=\"https:\/\/www.bfv.cloud\/ajedrezeuropa\/wp-content\/uploads\/2010\/06\/IRENEENELREGIONAL2010.jpg\" style=\"clear: left;float: left;margin-bottom: 1em;margin-right: 1em\"><img decoding=\"async\" border=\"0\" src=\"https:\/\/blogger.googleusercontent.com\/img\/b\/R29vZ2xl\/AVvXsEjy0kdMeiE7IXUlpWSjpj0Dv225_fNBtIX1qIFqKh5qXtA87V-vVkRWka7YaZsHLeKFuZgw2pHz1pK6fHYR3B_8qSt9EoNfevZunAQfhWyzsnnnosb0ttIdDV6pA2cMUAqqOkLo6KP6rVQ\/s320\/IRENE+EN+EL+REGIONAL+2010.jpg\" \/><\/a>Nuestra campeona de Castilla-La Mancha, Irene Sim\u00f3n Escalona de 10 a\u00f1os de edad, comienza ma\u00f1ana en Linares su andadura por el Campeonato de Espa\u00f1a de esta categor\u00eda. Irene procede de Villaca\u00f1as y forma parte del grupo de chicas del proyecto. Hace 2 a\u00f1os obtuvo la 7\u00aa plaza en&nbsp;su primera&nbsp;participaci\u00f3n en&nbsp;un Campeonato de Espa\u00f1a, al&nbsp;que accedi\u00f3 despu\u00e9s&nbsp;de haber sido&nbsp;campeona regional,&nbsp;en aquella ocasi\u00f3n en la categor\u00eda&nbsp;sub-8. Vaya desde aqu\u00ed todo nuestro apoyo y \u00e1nimo para ella y su entrenador, su hermano Jorge, que durante los pr\u00f3ximos 6 d\u00edas compartir\u00e1n&nbsp; el esfuerzo y la lucha por la superaci\u00f3n personal<\/div>\n","protected":false},"excerpt":{"rendered":"<p>Nuestra campeona de Castilla-La Mancha, Irene Sim\u00f3n Escalona de 10 a\u00f1os de edad, comienza ma\u00f1ana en Linares su andadura por el Campeonato de Espa\u00f1a de esta categor\u00eda. Irene procede de Villaca\u00f1as y forma parte del grupo de chicas del proyecto. Hace 2 a\u00f1os obtuvo la 7\u00aa plaza en&nbsp;su primera&nbsp;participaci\u00f3n en&nbsp;un Campeonato de Espa\u00f1a, al&nbsp;que accedi\u00f3 [&hellip;]<\/p>\n","protected":false},"author":1,"featured_media":4426,"comment_status":"open","ping_status":"closed","sticky":false,"template":"","format":"standard","meta":{"footnotes":""},"categories":[1],"tags":[],"class_list":["post-4425","post","type-post","status-publish","format-standard","has-post-thumbnail","hentry","category-noticias"],"_links":{"self":[{"href":"https:\/\/www.bfv.cloud\/ajedrezeuropa\/wp-json\/wp\/v2\/posts\/4425","targetHints":{"allow":["GET"]}}],"collection":[{"href":"https:\/\/www.bfv.cloud\/ajedrezeuropa\/wp-json\/wp\/v2\/posts"}],"about":[{"href":"https:\/\/www.bfv.cloud\/ajedrezeuropa\/wp-json\/wp\/v2\/types\/post"}],"author":[{"embeddable":true,"href":"https:\/\/www.bfv.cloud\/ajedrezeuropa\/wp-json\/wp\/v2\/users\/1"}],"replies":[{"embeddable":true,"href":"https:\/\/www.bfv.cloud\/ajedrezeuropa\/wp-json\/wp\/v2\/comments?post=4425"}],"version-history":[{"count":1,"href":"https:\/\/www.bfv.cloud\/ajedrezeuropa\/wp-json\/wp\/v2\/posts\/4425\/revisions"}],"predecessor-version":[{"id":4427,"href":"https:\/\/www.bfv.cloud\/ajedrezeuropa\/wp-json\/wp\/v2\/posts\/4425\/revisions\/4427"}],"wp:featuredmedia":[{"embeddable":true,"href":"https:\/\/www.bfv.cloud\/ajedrezeuropa\/wp-json\/wp\/v2\/media\/4426"}],"wp:attachment":[{"href":"https:\/\/www.bfv.cloud\/ajedrezeuropa\/wp-json\/wp\/v2\/media?parent=4425"}],"wp:term":[{"taxonomy":"category","embeddable":true,"href":"https:\/\/www.bfv.cloud\/ajedrezeuropa\/wp-json\/wp\/v2\/categories?post=4425"},{"taxonomy":"post_tag","embeddable":true,"href":"https:\/\/www.bfv.cloud\/ajedrezeuropa\/wp-json\/wp\/v2\/tags?post=4425"}],"curies":[{"name":"wp","href":"https:\/\/api.w.org\/{rel}","templated":true}]}}