{"id":4428,"date":"2016-06-08T21:00:00","date_gmt":"2016-06-08T21:00:00","guid":{"rendered":"https:\/\/www.bfv.cloud\/ajedrezeuropa\/index.php\/2016\/06\/08\/san-viator-finaliza-con-grandes-resultados\/"},"modified":"2025-11-20T11:17:08","modified_gmt":"2025-11-20T11:17:08","slug":"san-viator-finaliza-con-grandes-resultados","status":"publish","type":"post","link":"https:\/\/www.bfv.cloud\/ajedrezeuropa\/san-viator-finaliza-con-grandes-resultados\/","title":{"rendered":"\u00a1\u00a1SAN VIATOR FINALIZA CON GRANDES RESULTADOS!!"},"content":{"rendered":"<div class=\"separator\" style=\"clear: both;text-align: center\">\n<\/div>\n<table cellpadding=\"0\" cellspacing=\"0\" class=\"tr-caption-container\" style=\"float: left;text-align: left\">\n<tbody>\n<tr>\n<td style=\"text-align: center\"><a href=\"https:\/\/www.bfv.cloud\/ajedrezeuropa\/wp-content\/uploads\/2016\/06\/IMG-20160606-WA001.jpg\" style=\"clear: right;margin-bottom: 1em;margin-left: auto;margin-right: auto\"><img fetchpriority=\"high\" decoding=\"async\" border=\"0\" height=\"480\" src=\"https:\/\/blogger.googleusercontent.com\/img\/b\/R29vZ2xl\/AVvXsEhG8o620W7Es4OgkCQGdlFUHiK5gRRcUARje5mLphf5nbHJWjgpgqYvJ4V0roeKmtt4o-L1dWg1M4-TIYP9cT-ElhD-JN3neXk-Y-xDeeR-s6RATUxGiNUkcxNZEZygUL0B1AWn4gYVaQ0\/s640\/IMG-20160606-WA001.jpg\" width=\"640\" \/><\/a><\/td>\n<\/tr>\n<tr>\n<td class=\"tr-caption\" style=\"text-align: center\">Irene, Alonso y Roberto en el momento de la entrega de premios<\/td>\n<\/tr>\n<\/tbody>\n<\/table>\n<div style=\"margin-bottom: .0001pt;margin: 0cm;text-align: justify\">\n<span style=\"font-size: 14.0pt\">El<br \/>\ndomingo 5 de junio se clausuraba en Madrid el <b><i><u>XXVI TORNEO SAN VIATOR<\/u><\/i><\/b>.&nbsp; Los excelentes resultados que hab\u00edan logrado<br \/>\nlos 4 jugadores de NUESTRO AJEDREZ EN EUROPA tras las 8 rondas anteriores<br \/>\nfueron refrendados en la novena, completando as\u00ed un magn\u00edfico torneo.<\/span><\/div>\n<div style=\"margin-bottom: .0001pt;margin: 0cm;text-align: justify\">\n<\/div>\n<div style=\"margin-bottom: .0001pt;margin: 0cm;text-align: justify\">\n<b><i><u><span style=\"font-size: 14.0pt\">3<br \/>\ncampeones por categor\u00edas y el tercer puesto de la clasificaci\u00f3n general<\/span><\/u><\/i><\/b><span style=\"font-family: Arial, sans-serif;font-size: 14pt\">&nbsp;<\/span><\/div>\n<div style=\"margin-bottom: .0001pt;margin: 0cm;text-align: justify\">\n<span style=\"font-size: 14.0pt\">Este<br \/>\nbalance tan positivo de los jugadores de la escuela de ajedrez de Villafranca<br \/>\nen el torneo B de San Viator tiene una especial relevancia para <\/span><b><span style=\"color: blue;font-size: 14.0pt\">Roberto L\u00f3pez N\u00fa\u00f1ez, <\/span><\/b><span style=\"font-size: 14.0pt\">que ha obtenido el<br \/>\nt\u00edtulo de campe\u00f3n de la categor\u00eda sub-16 junto al tercer puesto en la<br \/>\nclasificaci\u00f3n general. Las 6 victorias conseguidas ante rivales te\u00f3ricamente<br \/>\nsuperiores le hacen mejorar 145 puntos en su valoraci\u00f3n de ELO FIDE, con un<br \/>\nrendimiento o performance de 2.345 puntos. \u00a1\u00a1Realmente espectacular!!<\/span><\/div>\n<div style=\"margin-bottom: .0001pt;margin: 0cm;text-align: justify\">\n<span style=\"font-size: 14.0pt\">Con<br \/>\n5 puntos y campeona femenina quedaba <b><span style=\"color: blue\">Irene Sim\u00f3n<br \/>\nEscalona.<\/span><\/b> Su actuaci\u00f3n le hace subir 66 puntos de ELO lo que le<br \/>\npermitir\u00e1 aproximarse de nuevo a la cifra de 1.500 en la lista FIDE del 1 de<br \/>\njulio.<\/span><\/div>\n<table align=\"center\" cellpadding=\"0\" cellspacing=\"0\" class=\"tr-caption-container\" style=\"float: left;margin-right: 1em;text-align: left\">\n<tbody>\n<tr>\n<td style=\"text-align: center\"><a href=\"https:\/\/www.bfv.cloud\/ajedrezeuropa\/wp-content\/uploads\/2016\/06\/IMG-20160605-WA001.jpg\" style=\"clear: right;margin-bottom: 1em;margin-left: auto;margin-right: auto\"><img decoding=\"async\" border=\"0\" height=\"240\" src=\"https:\/\/blogger.googleusercontent.com\/img\/b\/R29vZ2xl\/AVvXsEgnX-9ln6BqdVIEYaQ5UXn18YaqDrO887FT4EBtcgzEhRzJPDQwLw9eGtT5bSb3bf0gurSc4F_8dCzgk-eU1ovrxAzuG4ymfrBJqiRVW53qP5vcwJyKgNltASy09hugSpdKq1f1eq5-2Ck\/s400\/IMG-20160605-WA001.jpg\" width=\"400\" \/><\/a><\/td>\n<\/tr>\n<tr>\n<td class=\"tr-caption\" style=\"text-align: center\">Una foto del torneo infantil<\/td>\n<\/tr>\n<\/tbody>\n<\/table>\n<div style=\"margin-bottom: .0001pt;margin: 0cm;text-align: justify\">\n<span style=\"font-size: 14.0pt\">Para<br \/>\n<b><span style=\"color: blue\">Alfredo Amador And\u00fajar <\/span><\/b>ha sido una nueva<br \/>\noportunidad de consolidar su juego y mejorar su autoconfianza. Los 4,5 puntos<br \/>\nconseguidos le sirven para situarse cerca de los 1.550 puntos de ELO FIDE tras<br \/>\nganar 32 en este torneo y perder 13 en el CRDEE.<b><span style=\"color: blue\"> <\/span><\/b><\/span><\/div>\n<div style=\"margin-bottom: .0001pt;margin: 0cm;text-align: justify\">\n<span style=\"font-size: 14.0pt\">La<br \/>\nrepresentaci\u00f3n se completaba&nbsp; con <b><span style=\"color: blue\">Alonso L\u00f3pez N\u00fa\u00f1ez, <\/span><\/b>que se alzaba con la victoria<br \/>\nen la categor\u00eda sub-10 con 4 puntos.<\/span><\/div>\n<div style=\"margin-bottom: .0001pt;margin: 0cm;text-align: justify\">\n<span style=\"font-size: 14.0pt\">En<br \/>\nesta ocasi\u00f3n, al valor propio de los resultados, hay que a\u00f1adir que cada uno de<br \/>\nellos no pudo participar en 3 de las 9 rondas programadas. En estas dif\u00edciles<br \/>\ncondiciones, y en un torneo donde se han dado cita m\u00e1s de 100 jugadores, con 50<br \/>\nde ellos por encima de cualquiera de los nuestros en el ranking inicial, los<br \/>\n\u00e9xitos saben mejor y tienen un m\u00e9rito mayor.<\/span><\/div>\n<p><\/p>\n","protected":false},"excerpt":{"rendered":"<p>Irene, Alonso y Roberto en el momento de la entrega de premios El domingo 5 de junio se clausuraba en Madrid el XXVI TORNEO SAN VIATOR.&nbsp; Los excelentes resultados que hab\u00edan logrado los 4 jugadores de NUESTRO AJEDREZ EN EUROPA tras las 8 rondas anteriores fueron refrendados en la novena, completando as\u00ed un magn\u00edfico torneo. [&hellip;]<\/p>\n","protected":false},"author":1,"featured_media":4429,"comment_status":"open","ping_status":"closed","sticky":false,"template":"","format":"standard","meta":{"footnotes":""},"categories":[1],"tags":[],"class_list":["post-4428","post","type-post","status-publish","format-standard","has-post-thumbnail","hentry","category-noticias"],"_links":{"self":[{"href":"https:\/\/www.bfv.cloud\/ajedrezeuropa\/wp-json\/wp\/v2\/posts\/4428","targetHints":{"allow":["GET"]}}],"collection":[{"href":"https:\/\/www.bfv.cloud\/ajedrezeuropa\/wp-json\/wp\/v2\/posts"}],"about":[{"href":"https:\/\/www.bfv.cloud\/ajedrezeuropa\/wp-json\/wp\/v2\/types\/post"}],"author":[{"embeddable":true,"href":"https:\/\/www.bfv.cloud\/ajedrezeuropa\/wp-json\/wp\/v2\/users\/1"}],"replies":[{"embeddable":true,"href":"https:\/\/www.bfv.cloud\/ajedrezeuropa\/wp-json\/wp\/v2\/comments?post=4428"}],"version-history":[{"count":1,"href":"https:\/\/www.bfv.cloud\/ajedrezeuropa\/wp-json\/wp\/v2\/posts\/4428\/revisions"}],"predecessor-version":[{"id":4431,"href":"https:\/\/www.bfv.cloud\/ajedrezeuropa\/wp-json\/wp\/v2\/posts\/4428\/revisions\/4431"}],"wp:featuredmedia":[{"embeddable":true,"href":"https:\/\/www.bfv.cloud\/ajedrezeuropa\/wp-json\/wp\/v2\/media\/4429"}],"wp:attachment":[{"href":"https:\/\/www.bfv.cloud\/ajedrezeuropa\/wp-json\/wp\/v2\/media?parent=4428"}],"wp:term":[{"taxonomy":"category","embeddable":true,"href":"https:\/\/www.bfv.cloud\/ajedrezeuropa\/wp-json\/wp\/v2\/categories?post=4428"},{"taxonomy":"post_tag","embeddable":true,"href":"https:\/\/www.bfv.cloud\/ajedrezeuropa\/wp-json\/wp\/v2\/tags?post=4428"}],"curies":[{"name":"wp","href":"https:\/\/api.w.org\/{rel}","templated":true}]}}