{"id":4432,"date":"2014-10-24T13:36:00","date_gmt":"2014-10-24T13:36:00","guid":{"rendered":"https:\/\/www.bfv.cloud\/ajedrezeuropa\/index.php\/2014\/10\/24\/ya-esta-en-facebook-twitter-y-google-la-utima-entrega-de-la-seccion-en-jaque\/"},"modified":"2025-11-20T11:17:09","modified_gmt":"2025-11-20T11:17:09","slug":"ya-esta-en-facebook-twitter-y-google-la-utima-entrega-de-la-seccion-en-jaque","status":"publish","type":"post","link":"https:\/\/www.bfv.cloud\/ajedrezeuropa\/ya-esta-en-facebook-twitter-y-google-la-utima-entrega-de-la-seccion-en-jaque\/","title":{"rendered":"YA EST\u00c1 EN FACEBOOK, TWITTER Y GOOGLE + LA \u00daTIMA ENTREGA DE LA SECCI\u00d3N \u201cEN JAQUE\u201d"},"content":{"rendered":"<div class=\"separator\" style=\"clear: both;text-align: center\">\n<a href=\"https:\/\/www.bfv.cloud\/ajedrezeuropa\/wp-content\/uploads\/2014\/10\/ESCOLARTOLEDOJORNADAFINAL031.jpg\" style=\"clear: right;float: right;margin-bottom: 1em;margin-left: 1em\"><img fetchpriority=\"high\" decoding=\"async\" border=\"0\" src=\"https:\/\/www.bfv.cloud\/ajedrezeuropa\/wp-content\/uploads\/2014\/10\/ESCOLARTOLEDOJORNADAFINAL031.jpg\" height=\"300\" width=\"400\" \/><\/a><\/div>\n<div class=\"MsoBodyText\">\n<span>El pasado<br \/>\njueves fueron Jorge e Irene Sim\u00f3n los que intervinieron en la secci\u00f3n <\/span><\/div>\n<div class=\"MsoBodyText\">\n<span>\u201cEn Jaque\u201d<br \/>\ndel programa \u201cDE BUENA MA\u00d1ANA\u201d.<\/span><\/div>\n<div class=\"MsoBodyText\">\n<span>Hemos<br \/>\ncolgado en las redes sociales el podcast de esta entrevista, que resultar\u00e1 muy<br \/>\ninteresante para todos. Irene y Jorge hablan de sus experiencias como jugadores<br \/>\ny de los fundamentos hist\u00f3ricos y t\u00e9cnicos del ajedrez.<\/span><\/div>\n<p><\/p>\n<div class=\"MsoNormal\" style=\"text-align: justify\">\n<span>Os<br \/>\nrecordamos que Radio Villaca\u00f1as puede sintonizarse en el 107.4 de la FM o a<br \/>\ntrav\u00e9s de internet, en su emisi\u00f3n online, a trav\u00e9s de la web <a href=\"http:\/\/www.xn--radiovillacaas-1nb.es\/\">www.radiovillaca\u00f1as.es<\/a> y que \u201cEn<br \/>\nJaque\u201d se emite todos los jueves entre 8,30 y 9 de la ma\u00f1ana.<\/span><\/div>\n","protected":false},"excerpt":{"rendered":"<p>El pasado jueves fueron Jorge e Irene Sim\u00f3n los que intervinieron en la secci\u00f3n \u201cEn Jaque\u201d del programa \u201cDE BUENA MA\u00d1ANA\u201d. Hemos colgado en las redes sociales el podcast de esta entrevista, que resultar\u00e1 muy interesante para todos. Irene y Jorge hablan de sus experiencias como jugadores y de los fundamentos hist\u00f3ricos y t\u00e9cnicos del [&hellip;]<\/p>\n","protected":false},"author":1,"featured_media":4433,"comment_status":"open","ping_status":"closed","sticky":false,"template":"","format":"standard","meta":{"footnotes":""},"categories":[1],"tags":[],"class_list":["post-4432","post","type-post","status-publish","format-standard","has-post-thumbnail","hentry","category-noticias"],"_links":{"self":[{"href":"https:\/\/www.bfv.cloud\/ajedrezeuropa\/wp-json\/wp\/v2\/posts\/4432","targetHints":{"allow":["GET"]}}],"collection":[{"href":"https:\/\/www.bfv.cloud\/ajedrezeuropa\/wp-json\/wp\/v2\/posts"}],"about":[{"href":"https:\/\/www.bfv.cloud\/ajedrezeuropa\/wp-json\/wp\/v2\/types\/post"}],"author":[{"embeddable":true,"href":"https:\/\/www.bfv.cloud\/ajedrezeuropa\/wp-json\/wp\/v2\/users\/1"}],"replies":[{"embeddable":true,"href":"https:\/\/www.bfv.cloud\/ajedrezeuropa\/wp-json\/wp\/v2\/comments?post=4432"}],"version-history":[{"count":1,"href":"https:\/\/www.bfv.cloud\/ajedrezeuropa\/wp-json\/wp\/v2\/posts\/4432\/revisions"}],"predecessor-version":[{"id":4434,"href":"https:\/\/www.bfv.cloud\/ajedrezeuropa\/wp-json\/wp\/v2\/posts\/4432\/revisions\/4434"}],"wp:featuredmedia":[{"embeddable":true,"href":"https:\/\/www.bfv.cloud\/ajedrezeuropa\/wp-json\/wp\/v2\/media\/4433"}],"wp:attachment":[{"href":"https:\/\/www.bfv.cloud\/ajedrezeuropa\/wp-json\/wp\/v2\/media?parent=4432"}],"wp:term":[{"taxonomy":"category","embeddable":true,"href":"https:\/\/www.bfv.cloud\/ajedrezeuropa\/wp-json\/wp\/v2\/categories?post=4432"},{"taxonomy":"post_tag","embeddable":true,"href":"https:\/\/www.bfv.cloud\/ajedrezeuropa\/wp-json\/wp\/v2\/tags?post=4432"}],"curies":[{"name":"wp","href":"https:\/\/api.w.org\/{rel}","templated":true}]}}