{"id":4435,"date":"2023-12-14T20:09:00","date_gmt":"2023-12-14T20:09:00","guid":{"rendered":"https:\/\/www.bfv.cloud\/ajedrezeuropa\/index.php\/2023\/12\/14\/xvii-torneo-ajedrez-por-la-igualdad\/"},"modified":"2025-11-20T11:17:12","modified_gmt":"2025-11-20T11:17:12","slug":"xvii-torneo-ajedrez-por-la-igualdad","status":"publish","type":"post","link":"https:\/\/www.bfv.cloud\/ajedrezeuropa\/xvii-torneo-ajedrez-por-la-igualdad\/","title":{"rendered":"XVII TORNEO AJEDREZ POR LA IGUALDAD"},"content":{"rendered":"<\/p>\n<div class=\"separator\" style=\"clear: both;text-align: center\"><a href=\"https:\/\/www.bfv.cloud\/ajedrezeuropa\/wp-content\/uploads\/2023\/12\/TORNEO20IGUALDAD202024_001-1.jpg\" style=\"clear: right;float: right;margin-bottom: 1em;margin-left: 1em\"><img fetchpriority=\"high\" decoding=\"async\" border=\"0\" data-original-height=\"842\" data-original-width=\"595\" height=\"640\" src=\"https:\/\/blogger.googleusercontent.com\/img\/b\/R29vZ2xl\/AVvXsEgYHYgsCcz4N7xlaB4UukGAdgViMJ4w6_tW9gZfenp9hKZmVFTxW0VTwCmqaJ9HcWZCRlUmkKAT4qhpRPka4HaZ8qBP0Kdlg0GutsrSAkTZvd0aFVs7uEPARH87rqG8BhrfTWfJBwY3bjoL_GzAgKMGHuVQsFhQBkRlB4Iw1rwoeq5INIlt_Kz5B9cQLIM\/w452-h640\/TORNEO%20IGUALDAD%202024_001.jpg\" width=\"452\" \/><\/a><\/div>\n<p>&nbsp;<span style=\"font-family: arial;font-size: large\">El Torneo de Ajedrez por la Igualdad regresar\u00e1 el domingo 7 de enero al sal\u00f3n de actos de la casa de la cultura de Villafranca de los Caballeros. El ritmo de juego ser\u00e1 de 12 minutos por jugador + 5 segundos de incremento por movimiento, comenzando a las 10 de la ma\u00f1ana. Las inscripciones deben realizarse cumplimentando el siguiente formulario en este enlace:<\/span><\/p>\n<div><span style=\"font-family: arial;font-size: large\"><br \/><\/span><\/p>\n<div><span style=\"font-family: arial;font-size: large\"><a href=\"https:\/\/docs.google.com\/forms\/d\/e\/1FAIpQLSe8ens3fLqehWhPnd8J6vbC2kTi7-Eujz41yvCc8PKlmDoFnQ\/viewform?usp=sf_link\" target=\"_blank\">FORMULARIO DE INSCRIPCI\u00d3N <\/a><\/span><\/p>\n<\/div>\n<\/div>\n<div><span style=\"font-family: arial;font-size: large\">Estas son las bases de los dos torneos que se celebrar\u00e1n diferenciados por categor\u00edas:<\/span><\/div>\n<div>\n<div class=\"separator\" style=\"clear: both;text-align: center\"><a href=\"https:\/\/www.bfv.cloud\/ajedrezeuropa\/wp-content\/uploads\/2023\/12\/BASES20DEL20XVII20TORNEO20AJEDREZ20POR20LA20IGUALDAD202024_001.jpg\" style=\"margin-left: 1em;margin-right: 1em\"><img decoding=\"async\" border=\"0\" data-original-height=\"842\" data-original-width=\"595\" height=\"640\" src=\"https:\/\/blogger.googleusercontent.com\/img\/b\/R29vZ2xl\/AVvXsEhIj-RoXun3NeGjltWGdhXh7bJgOJuBWEKvz08tsPdXcDvd0huiNYAW29qGggJzrQKQJEi0K8S4XS-WQC4V0ueH_7ZrZhE-DFbsExSvkYIfMU2HJd2ZbU79T4uDNJb1xl14Btho3yYEbGMo67ckJo_QH7SSLM1CDI1YJINhp9pbJ-TetYcWg6EUHEEPtIg\/w452-h640\/BASES%20DEL%20XVII%20TORNEO%20AJEDREZ%20POR%20LA%20IGUALDAD%202024_001.jpg\" width=\"452\" \/><\/a><\/div>\n<p><span style=\"font-family: arial;font-size: large\"><br \/><\/span><\/div>\n<div class=\"separator\" style=\"clear: both;text-align: center\"><a href=\"https:\/\/www.bfv.cloud\/ajedrezeuropa\/wp-content\/uploads\/2023\/12\/BASES20DEL20XVII20TORNEO20AJEDREZ20POR20LA20IGUALDAD20202320S-12_001.jpg\" style=\"margin-left: 1em;margin-right: 1em\"><img decoding=\"async\" border=\"0\" data-original-height=\"842\" data-original-width=\"595\" height=\"640\" src=\"https:\/\/blogger.googleusercontent.com\/img\/b\/R29vZ2xl\/AVvXsEi0d8Byrv3jINSO7yWZOOjOEk1E_PNBawAS71QUXj4MRQFfsi8hnX9EGNuP_qt7arxUCQh4TomxIAFGE_Wcxe7XdjA551sdi24xH025W8PS-Ds7cftkIOvcXrAa4rAv48UbLGyUTugvEc9_j-6Qy8F9JnVUIi00VB-ViRNZU4eOuNo2s85gjEq6VguXDQQ\/w452-h640\/BASES%20DEL%20XVII%20TORNEO%20AJEDREZ%20POR%20LA%20IGUALDAD%202023%20S-12_001.jpg\" width=\"452\" \/><\/a><\/div>\n<p><\/p>\n","protected":false},"excerpt":{"rendered":"<p>&nbsp;El Torneo de Ajedrez por la Igualdad regresar\u00e1 el domingo 7 de enero al sal\u00f3n de actos de la casa de la cultura de Villafranca de los Caballeros. El ritmo de juego ser\u00e1 de 12 minutos por jugador + 5 segundos de incremento por movimiento, comenzando a las 10 de la ma\u00f1ana. Las inscripciones deben [&hellip;]<\/p>\n","protected":false},"author":1,"featured_media":4436,"comment_status":"open","ping_status":"closed","sticky":false,"template":"","format":"standard","meta":{"footnotes":""},"categories":[1],"tags":[],"class_list":["post-4435","post","type-post","status-publish","format-standard","has-post-thumbnail","hentry","category-noticias"],"_links":{"self":[{"href":"https:\/\/www.bfv.cloud\/ajedrezeuropa\/wp-json\/wp\/v2\/posts\/4435","targetHints":{"allow":["GET"]}}],"collection":[{"href":"https:\/\/www.bfv.cloud\/ajedrezeuropa\/wp-json\/wp\/v2\/posts"}],"about":[{"href":"https:\/\/www.bfv.cloud\/ajedrezeuropa\/wp-json\/wp\/v2\/types\/post"}],"author":[{"embeddable":true,"href":"https:\/\/www.bfv.cloud\/ajedrezeuropa\/wp-json\/wp\/v2\/users\/1"}],"replies":[{"embeddable":true,"href":"https:\/\/www.bfv.cloud\/ajedrezeuropa\/wp-json\/wp\/v2\/comments?post=4435"}],"version-history":[{"count":1,"href":"https:\/\/www.bfv.cloud\/ajedrezeuropa\/wp-json\/wp\/v2\/posts\/4435\/revisions"}],"predecessor-version":[{"id":4439,"href":"https:\/\/www.bfv.cloud\/ajedrezeuropa\/wp-json\/wp\/v2\/posts\/4435\/revisions\/4439"}],"wp:featuredmedia":[{"embeddable":true,"href":"https:\/\/www.bfv.cloud\/ajedrezeuropa\/wp-json\/wp\/v2\/media\/4436"}],"wp:attachment":[{"href":"https:\/\/www.bfv.cloud\/ajedrezeuropa\/wp-json\/wp\/v2\/media?parent=4435"}],"wp:term":[{"taxonomy":"category","embeddable":true,"href":"https:\/\/www.bfv.cloud\/ajedrezeuropa\/wp-json\/wp\/v2\/categories?post=4435"},{"taxonomy":"post_tag","embeddable":true,"href":"https:\/\/www.bfv.cloud\/ajedrezeuropa\/wp-json\/wp\/v2\/tags?post=4435"}],"curies":[{"name":"wp","href":"https:\/\/api.w.org\/{rel}","templated":true}]}}