{"id":4440,"date":"2014-02-10T22:14:00","date_gmt":"2014-02-10T22:14:00","guid":{"rendered":"https:\/\/www.bfv.cloud\/ajedrezeuropa\/index.php\/2014\/02\/10\/la-escuela-de-alcazar-clasifica-a-4-ajedrecistas-para-el-regional-escolar\/"},"modified":"2025-11-20T11:17:15","modified_gmt":"2025-11-20T11:17:15","slug":"la-escuela-de-alcazar-clasifica-a-4-ajedrecistas-para-el-regional-escolar","status":"publish","type":"post","link":"https:\/\/www.bfv.cloud\/ajedrezeuropa\/la-escuela-de-alcazar-clasifica-a-4-ajedrecistas-para-el-regional-escolar\/","title":{"rendered":"LA ESCUELA DE ALC\u00c1ZAR CLASIFICA A 4 AJEDRECISTAS PARA EL REGIONAL ESCOLAR"},"content":{"rendered":"<table cellpadding=\"0\" cellspacing=\"0\" class=\"tr-caption-container\" style=\"float: right;margin-left: 1em;text-align: right\">\n<tbody>\n<tr>\n<td style=\"text-align: center\"><a href=\"https:\/\/www.bfv.cloud\/ajedrezeuropa\/wp-content\/uploads\/2014\/02\/escolarciudadreal2014023.jpg\" style=\"clear: right;margin-bottom: 1em;margin-left: auto;margin-right: auto\"><img fetchpriority=\"high\" decoding=\"async\" border=\"0\" src=\"https:\/\/www.bfv.cloud\/ajedrezeuropa\/wp-content\/uploads\/2014\/02\/escolarciudadreal2014023.jpg\" height=\"417\" width=\"640\" \/><\/a><\/td>\n<\/tr>\n<tr>\n<td class=\"tr-caption\" style=\"text-align: center\">Nuestros jugadores con sus trofeos y medallas<\/td>\n<\/tr>\n<\/tbody>\n<\/table>\n<div class=\"MsoBodyText2\">\n<span style=\"font-family: Georgia, Times New Roman, serif\"><b>El domingo pasado finalizaba en Miguelturra la fase<br \/>\nprovincial de Ciudad Real del CRDEE en la que han participado 11 jugadores de<br \/>\nla Escuela Municipal de Ajedrez de Alc\u00e1zar de San Juan. El resultado final ha<br \/>\nsido sobresaliente al conseguir clasificar a 3 chicas y un chico para la<br \/>\nsiguiente fase de entre las 12 plazas disponibles. De esta forma, el escolar<br \/>\nregional cadete masculino contar\u00e1 con la participaci\u00f3n de Javier Valdepe\u00f1as, como<br \/>\ncampe\u00f3n provincial de esta categor\u00eda, mientras que en el cadete femenino<br \/>\nestar\u00e1n Isabel Marcos-Alberca y Julia Meza, 4\u00aa y 5\u00aa clasificadas<br \/>\nrespectivamente de este provincial en la categor\u00eda infantil, pero gan\u00e1ndose el<br \/>\nderecho a competir en la categor\u00eda superior al existir una \u00fanica jugadora en<br \/>\ncompetici\u00f3n en el provincial ciudarreale\u00f1o. En la otra categor\u00eda, la infantil,<br \/>\nla jugadora Marta Espinosa se alzaba con el subcampeonato, clasific\u00e1ndose para<br \/>\nla final castellano-manchega.<\/b><\/span><\/div>\n<h3>\n<span style=\"font-family: Georgia, Times New Roman, serif\"><u>Victoria de Javier Valdepe\u00f1as en la categor\u00eda<br \/>\ncadete<\/u><\/span><\/h3>\n<div class=\"MsoBodyTextIndent2\" style=\"text-indent: 0cm\">\n<span style=\"font-family: Georgia, Times New Roman, serif\"><b>Despu\u00e9s de 6 rondas, Javier<br \/>\nValdepe\u00f1as, se proclamaba campe\u00f3n provincial tras lograr 5 \u00bd puntos,<br \/>\naventajando al segundo clasificado en un punto y medio, tras haber logrado 5<br \/>\nvictorias y unas tablas. La brillantez con la que ha resuelto todas sus<br \/>\npartidas le han hecho merecedor de revalidar este t\u00edtulo cadete para la escuela<br \/>\nde Alc\u00e1zar, por tercer a\u00f1o consecutivo. Como Javier es el \u00fanico jugador<br \/>\nalcazare\u00f1o en esta edad, no hemos podido competir en la clasificaci\u00f3n por<br \/>\nequipos. <\/b><\/span><\/div>\n<h3>\n<span style=\"font-family: Georgia, Times New Roman, serif\"><u>Notables resultados de las chicas y chicos del<br \/>\ninfantil<\/u><\/span><\/h3>\n<table cellpadding=\"0\" cellspacing=\"0\" class=\"tr-caption-container\" style=\"float: left;text-align: left\">\n<tbody>\n<tr>\n<td style=\"text-align: center\"><a href=\"https:\/\/www.bfv.cloud\/ajedrezeuropa\/wp-content\/uploads\/2014\/02\/escolarciudadreal2014019.jpg\" style=\"clear: left;margin-bottom: 1em;margin-left: auto;margin-right: auto\"><img decoding=\"async\" border=\"0\" src=\"https:\/\/www.bfv.cloud\/ajedrezeuropa\/wp-content\/uploads\/2014\/02\/escolarciudadreal2014019.jpg\" height=\"640\" width=\"394\" \/><\/a><\/td>\n<\/tr>\n<tr>\n<td class=\"tr-caption\" style=\"text-align: center\">Los jugadores del infantil en el podio<\/td>\n<\/tr>\n<\/tbody>\n<\/table>\n<div class=\"MsoBodyTextIndent2\" style=\"text-indent: 0cm\">\n<span style=\"font-family: Georgia, Times New Roman, serif\"><b>En cuanto a la categor\u00eda<br \/>\ninfantil, hemos de se\u00f1alar la enorme lucha e igualdad que se ha producido hasta<br \/>\nla 8\u00aa y \u00faltima ronda. Para los j\u00f3venes jugadores alcazare\u00f1os, todos salvo 2 con<br \/>\nedades inferiores a 12 a\u00f1os en una competici\u00f3n v\u00e1lida hasta los 14, su<br \/>\nparticipaci\u00f3n en este escolar hay que calificarla de \u00f3ptima. Con 3 jugadores<br \/>\nentre las 10 primeras posiciones, estas han sido sus clasificaciones<br \/>\nfinales:<\/b><\/span><\/div>\n<div style=\"text-align: center\">\n<span style=\"font-family: Georgia, 'Times New Roman', serif\"><i><u>Con 6 puntos:<\/u><\/i><\/span><\/div>\n<div style=\"text-align: center\">\n<span style=\"font-family: Georgia, Times New Roman, serif\"><b>Julio M\u00e9rida Ortiz<\/b><\/span><\/div>\n<p><span style=\"font-family: Georgia, Times New Roman, serif\"><br \/>\n<\/span><br \/>\n<\/p>\n<div style=\"text-align: center\">\n<span style=\"font-family: Georgia, Times New Roman, serif\"><b>&nbsp;<\/b>(6\u00aa plaza a \u00bd punto de los 3 primeros)<\/span><\/div>\n<p><span style=\"font-family: Georgia, Times New Roman, serif\"><br \/>\n<\/span><span style=\"font-family: Georgia, Times New Roman, serif\"><\/span><br \/>\n<\/p>\n<div style=\"text-align: center\">\n<span style=\"font-family: Georgia, Times New Roman, serif\"><i><u>Con 5 \u00bd puntos:<\/u><\/i><\/span><\/div>\n<p><span style=\"font-family: Georgia, Times New Roman, serif\"><br \/>\n<\/span><\/p>\n<div style=\"font-weight: bold;text-align: center\">\n<span style=\"font-family: Georgia, Times New Roman, serif\"><b>Marta Espinosa Gil<\/b><\/span><\/div>\n<p><span style=\"font-family: Georgia, Times New Roman, serif\"><\/p>\n<div style=\"text-align: center\">\n&nbsp;(subcampeona femenina, clasificada para el regional infantil<br \/>\ny 9\u00aa en la general)<br \/>\n<b><i>Enrique Velasco Aragon\u00e9s<\/i><\/b><\/div>\n<p><\/span><\/p>\n<div class=\"MsoNormal\" style=\"text-align: center\">\n<span style=\"font-family: Georgia, Times New Roman, serif\">(10\u00aa posici\u00f3n)<\/span><\/div>\n<div class=\"MsoNormal\" style=\"text-align: center\">\n<u><span style=\"font-family: Georgia, Times New Roman, serif\"><i>Con 5 puntos:<\/i><\/span><\/u><\/div>\n<div style=\"text-align: center\">\n<b style=\"font-family: Georgia, 'Times New Roman', serif\"><i>Arturo Mate Mart\u00edn<\/i><\/b><\/div>\n<div style=\"text-align: center\">\n<span style=\"font-family: Georgia, Times New Roman, serif\">(14\u00ba clasificado)<\/span><\/div>\n<p><span style=\"font-family: Georgia, Times New Roman, serif\"><br \/>\n<\/span><br \/>\n<\/p>\n<div style=\"font-weight: bold;text-align: center\">\n<span style=\"font-family: Georgia, Times New Roman, serif\"><b>Isabel<br \/>\nMarcos-Alberca Lizano<\/b><\/span><br \/>\n<span style=\"font-family: Georgia, 'Times New Roman', serif;font-weight: normal\">4\u00aa femenina, jugar\u00e1 el regional cadete)<\/span><\/div>\n<p><span style=\"font-family: Georgia, Times New Roman, serif\"><br \/>\n<\/span><br \/>\n<\/p>\n<div style=\"text-align: center\">\n<span style=\"font-family: Georgia, Times New Roman, serif\"><u><span style=\"font-family: Georgia, Times New Roman, serif\"><i>Con 4 \u00bd puntos:<\/i><\/span><\/u><\/span><br \/>\n<b><i><span style=\"font-family: Georgia, Times New Roman, serif\">Julia Meza Osorio<\/span><\/i><\/b><\/div>\n<div class=\"MsoNormal\" style=\"text-align: center\">\n<span style=\"font-family: Georgia, 'Times New Roman', serif\">(5\u00aa<br \/>\nfemenina, jugar\u00e1 el regional cadete)<\/span><br \/>\n<i><u><span style=\"font-family: Georgia, Times New Roman, serif\">Con 4 puntos:<\/span><\/u><\/i><\/div>\n<div class=\"MsoNormal\" style=\"text-align: center\">\n<span style=\"font-family: Georgia, Times New Roman, serif\"><b><i>Samuel Ortiz S\u00e1nchez<\/i> <\/b>(33\u00ba)<b><\/b><\/span><\/div>\n<div class=\"MsoNormal\" style=\"text-align: center\">\n<i><u><span style=\"font-family: Georgia, Times New Roman, serif\">Con 3 puntos:<b><\/b><\/span><\/u><\/i><\/div>\n<div class=\"MsoNormal\" style=\"text-align: center\">\n<span style=\"font-family: Georgia, Times New Roman, serif\"><b><i>Pablo Vela Adri\u00e1n<\/i> <\/b>(47\u00ba)<\/span><\/div>\n<div style=\"text-align: center\">\n<span style=\"font-family: Georgia, Times New Roman, serif\"><i><u>Con 1 \u00bd puntos:<\/u><\/i><\/span><\/div>\n<div class=\"MsoNormal\" style=\"text-align: center\">\n<span style=\"font-family: Georgia, Times New Roman, serif\"><b style=\"text-align: start\"><\/b><\/span><\/div>\n<div style=\"text-align: center\">\n<span style=\"font-family: Georgia, Times New Roman, serif\"><b>Rub\u00e9n Monge Lara<\/b> (67\u00ba)<\/span><\/div>\n<div class=\"MsoNormal\" style=\"text-align: center\">\n<i><u><span style=\"font-family: Georgia, Times New Roman, serif\">Con 1 punto:<\/span><\/u><\/i><\/div>\n<div class=\"MsoNormal\" style=\"text-align: center\">\n<b><i><span style=\"font-family: Georgia, Times New Roman, serif\">\u00c1lvaro S\u00e1nchez-Mateos<\/span><\/i><\/b><\/div>\n<div class=\"MsoNormal\" style=\"text-align: center\">\n<span style=\"font-family: Georgia, Times New Roman, serif\">&nbsp;(69\u00ba,<br \/>\ntan solo pudo disputar 2 partidas)<\/span><\/div>\n<h4 style=\"text-align: left\">\n<b><span style=\"font-family: Georgia, Times New Roman, serif\">La clasificaci\u00f3n por equipos,<br \/>\npuntuable con los 3 mejores resultados de cada escuela,&nbsp; se ha decidido por un escaso margen, con<br \/>\nTomelloso en 1\u00aa posici\u00f3n con 19 \u00bd puntos, a continuaci\u00f3n Valdepe\u00f1as con 17 \u00bd ,<br \/>\ny bronce para Alc\u00e1zar con 17.<\/span><\/b><\/h4>\n<h3>\n<span style=\"font-family: Georgia, Times New Roman, serif\"><u>Premios especiales:<\/u><\/span><\/h3>\n<div class=\"MsoBodyText2\">\n<span style=\"font-family: Georgia, Times New Roman, serif\"><b>Este provincial concede unos premios especiales para los<br \/>\najedrecistas de las 2 categor\u00edas de menor edad. Por un lado, los escasos<br \/>\nparticipantes sub-10, donde Alc\u00e1zar en raz\u00f3n de a\u00f1o de nacimiento no ha podido<br \/>\ntener participaci\u00f3n, y por otra los sub-12. Ha sido aqu\u00ed, en los chicos y<br \/>\nchicas sub-12, donde la progresi\u00f3n de nuestros alumnos se ha hecho m\u00e1s patente,<br \/>\ndejando a Enrique Velasco como subcampe\u00f3n masculino, a Isabel Marcos-Alberca<br \/>\ncomo campeona femenina y a Julia Meza como subcampeona.<\/b><\/span><\/div>\n","protected":false},"excerpt":{"rendered":"<p>Nuestros jugadores con sus trofeos y medallas El domingo pasado finalizaba en Miguelturra la fase provincial de Ciudad Real del CRDEE en la que han participado 11 jugadores de la Escuela Municipal de Ajedrez de Alc\u00e1zar de San Juan. El resultado final ha sido sobresaliente al conseguir clasificar a 3 chicas y un chico para [&hellip;]<\/p>\n","protected":false},"author":1,"featured_media":4441,"comment_status":"open","ping_status":"closed","sticky":false,"template":"","format":"standard","meta":{"footnotes":""},"categories":[1],"tags":[],"class_list":["post-4440","post","type-post","status-publish","format-standard","has-post-thumbnail","hentry","category-noticias"],"_links":{"self":[{"href":"https:\/\/www.bfv.cloud\/ajedrezeuropa\/wp-json\/wp\/v2\/posts\/4440","targetHints":{"allow":["GET"]}}],"collection":[{"href":"https:\/\/www.bfv.cloud\/ajedrezeuropa\/wp-json\/wp\/v2\/posts"}],"about":[{"href":"https:\/\/www.bfv.cloud\/ajedrezeuropa\/wp-json\/wp\/v2\/types\/post"}],"author":[{"embeddable":true,"href":"https:\/\/www.bfv.cloud\/ajedrezeuropa\/wp-json\/wp\/v2\/users\/1"}],"replies":[{"embeddable":true,"href":"https:\/\/www.bfv.cloud\/ajedrezeuropa\/wp-json\/wp\/v2\/comments?post=4440"}],"version-history":[{"count":1,"href":"https:\/\/www.bfv.cloud\/ajedrezeuropa\/wp-json\/wp\/v2\/posts\/4440\/revisions"}],"predecessor-version":[{"id":4443,"href":"https:\/\/www.bfv.cloud\/ajedrezeuropa\/wp-json\/wp\/v2\/posts\/4440\/revisions\/4443"}],"wp:featuredmedia":[{"embeddable":true,"href":"https:\/\/www.bfv.cloud\/ajedrezeuropa\/wp-json\/wp\/v2\/media\/4441"}],"wp:attachment":[{"href":"https:\/\/www.bfv.cloud\/ajedrezeuropa\/wp-json\/wp\/v2\/media?parent=4440"}],"wp:term":[{"taxonomy":"category","embeddable":true,"href":"https:\/\/www.bfv.cloud\/ajedrezeuropa\/wp-json\/wp\/v2\/categories?post=4440"},{"taxonomy":"post_tag","embeddable":true,"href":"https:\/\/www.bfv.cloud\/ajedrezeuropa\/wp-json\/wp\/v2\/tags?post=4440"}],"curies":[{"name":"wp","href":"https:\/\/api.w.org\/{rel}","templated":true}]}}