{"id":4444,"date":"2016-05-25T22:56:00","date_gmt":"2016-05-25T22:56:00","guid":{"rendered":"https:\/\/www.bfv.cloud\/ajedrezeuropa\/index.php\/2016\/05\/25\/ix-campus-de-verano-nuestro-ajedrez-en-europa\/"},"modified":"2025-11-20T11:17:20","modified_gmt":"2025-11-20T11:17:20","slug":"ix-campus-de-verano-nuestro-ajedrez-en-europa","status":"publish","type":"post","link":"https:\/\/www.bfv.cloud\/ajedrezeuropa\/ix-campus-de-verano-nuestro-ajedrez-en-europa\/","title":{"rendered":"IX CAMPUS DE VERANO \u00abNUESTRO AJEDREZ EN EUROPA\u00bb"},"content":{"rendered":"<div class=\"separator\" style=\"clear: both;text-align: center\">\n<a href=\"https:\/\/www.bfv.cloud\/ajedrezeuropa\/wp-content\/uploads\/2016\/05\/CARTELIXCAMPUS.jpgdefinitivo.jpg\" style=\"clear: right;float: right;margin-bottom: 1em;margin-left: 1em\"><img fetchpriority=\"high\" decoding=\"async\" border=\"0\" height=\"640\" src=\"https:\/\/blogger.googleusercontent.com\/img\/b\/R29vZ2xl\/AVvXsEgym3QibsX_OBqcxalOyscjM3kO-XEvqfbRPVpDCr1TgZgtmoMGks8Ie6aehzCRXAVBRrndt4_qmKadGbPQMUFP2xn7XKd3imD0KsOG7Fkjoq4I-nT_Q3K15xwQ4LIca4XFhUwPX8oLbCc\/s640\/CARTEL+IX+CAMPUS..jpgdefinitivo.jpg\" width=\"448\" \/><\/a><\/div>\n<p><span style=\", sans-serif\"><b>La 9\u00aa edici\u00f3n del campus de verano, que organizan los ayuntamientos de Alc\u00e1zar de San Juan y Villafranca de los Caballeros conjuntamente con el proyecto NUESTRO AJEDREZ EN EUROPA, vuelve del 25 al 30 de julio para continuar con el trabajo formativo de casi una d\u00e9cada.<\/b><\/span><br \/>\n<span style=\", sans-serif\"><b><br \/><\/b><\/span><br \/>\n<span style=\"color: #990000;, sans-serif\"><b><i><u>LAS REUNIONES INFORMATIVAS EL S\u00c1BADO 4 DE JUNIO<\/u><\/i><\/b><\/span><br \/>\n<span style=\", sans-serif\"><b>A la vez que se publican todas las caracter\u00edsticas del campus 2016, se convocan las reuniones informativas el s\u00e1bado 4 de junio en los siguientes lugares y horarios:<\/b><\/span><br \/>\n<span style=\", sans-serif\"><b><br \/><\/b><\/span><br \/>\n<\/p>\n<h3>\n<span style=\"color: blue;, sans-serif;font-size: large\"><b>&#8211; CIJ LA COVADONGA de Alc\u00e1zar de San Juan a las 13,30 horas.<\/b><\/span><\/h3>\n<h3>\n<span style=\"color: blue;, sans-serif\"><b><br \/><\/b><\/span><span style=\"color: blue;, sans-serif;font-size: large\"><b>&#8211; CASA DE LA CULTURA de Villafranca de los Caballeros a las 20 horas.<\/b><\/span><\/h3>\n<div>\n<span style=\"color: blue;, sans-serif;font-size: large\"><b><br \/><\/b><\/span><\/div>\n<div>\n<span style=\", sans-serif\"><b>Todas la informaci\u00f3n relativa a este 9\u00ba campus de verano est\u00e1 a disposici\u00f3n de los interesados en el tr\u00edptico que aqu\u00ed publicamos.&nbsp;<\/b><\/span><\/div>\n<div>\n<span style=\", sans-serif\"><b>Invitamos a todos los padres y madres a las reuniones preparatorias y recordamos que cualquier aclaraci\u00f3n o consulta puede realizarse en la siguiente direcci\u00f3n de correo electr\u00f3nico:<\/b><\/span><\/div>\n<h3 style=\"text-align: center\">\n<a href=\"mailto:felixtoribio@nuestroajedrezeneuropa.com\"><span style=\"color: #38761d;font-size: large\">felixtoribio@nuestroajedrezeneuropa.com<\/span><\/a><\/h3>\n<div>\n<span style=\"color: #38761d;, sans-serif\"><b><br \/><\/b><\/span><\/div>\n<div class=\"separator\" style=\"clear: both;text-align: center\">\n<a href=\"https:\/\/www.bfv.cloud\/ajedrezeuropa\/wp-content\/uploads\/2016\/05\/EXTERIORTR25C3258DPTICOCAMPUS2016.jpg\" style=\"margin-left: 1em;margin-right: 1em\"><img decoding=\"async\" border=\"0\" height=\"460\" src=\"https:\/\/blogger.googleusercontent.com\/img\/b\/R29vZ2xl\/AVvXsEgOjqyCjQ86RGZoHnJpQX0gNxfVAY4FSC1PS08ZGBWOmJxW_RaQnWC5f2DwOOX17GLEMQzT0PxSmD505it0qfcJmjNdl3uwFTAgomD7dTXi8kpRTNI-KatQgJunfmlppE5OpnJ39C4HQIY\/s640\/EXTERIOR+TR%25C3%258DPTICO+CAMPUS+2016.jpg\" width=\"640\" \/><\/a><\/div>\n<p><\/p>\n<div class=\"separator\" style=\"clear: both;text-align: center\">\n<a href=\"https:\/\/www.bfv.cloud\/ajedrezeuropa\/wp-content\/uploads\/2016\/05\/INTERIORTR25C3258DPTICOCAMPUS2016.jpg\" style=\"margin-left: 1em;margin-right: 1em\"><img decoding=\"async\" border=\"0\" height=\"460\" src=\"https:\/\/blogger.googleusercontent.com\/img\/b\/R29vZ2xl\/AVvXsEgRoyWAwrq2-phXkhwmC_ZGUVaGNvUBS1bPEqbpnPZQI8ENTaiJSlzzFO7w67Ke44WzY5FRnxIJ-Yk01LdhW6coU5lG94Vpf1e05yenJfn9Ke7O0F4Ru3YrJVvAc1reX_BcDzGlbyTemQE\/s640\/INTERIOR+TR%25C3%258DPTICO+CAMPUS+2016.jpg\" width=\"640\" \/><\/a><\/div>\n","protected":false},"excerpt":{"rendered":"<p>La 9\u00aa edici\u00f3n del campus de verano, que organizan los ayuntamientos de Alc\u00e1zar de San Juan y Villafranca de los Caballeros conjuntamente con el proyecto NUESTRO AJEDREZ EN EUROPA, vuelve del 25 al 30 de julio para continuar con el trabajo formativo de casi una d\u00e9cada. LAS REUNIONES INFORMATIVAS EL S\u00c1BADO 4 DE JUNIO A [&hellip;]<\/p>\n","protected":false},"author":1,"featured_media":4445,"comment_status":"open","ping_status":"closed","sticky":false,"template":"","format":"standard","meta":{"footnotes":""},"categories":[1],"tags":[],"class_list":["post-4444","post","type-post","status-publish","format-standard","has-post-thumbnail","hentry","category-noticias"],"_links":{"self":[{"href":"https:\/\/www.bfv.cloud\/ajedrezeuropa\/wp-json\/wp\/v2\/posts\/4444","targetHints":{"allow":["GET"]}}],"collection":[{"href":"https:\/\/www.bfv.cloud\/ajedrezeuropa\/wp-json\/wp\/v2\/posts"}],"about":[{"href":"https:\/\/www.bfv.cloud\/ajedrezeuropa\/wp-json\/wp\/v2\/types\/post"}],"author":[{"embeddable":true,"href":"https:\/\/www.bfv.cloud\/ajedrezeuropa\/wp-json\/wp\/v2\/users\/1"}],"replies":[{"embeddable":true,"href":"https:\/\/www.bfv.cloud\/ajedrezeuropa\/wp-json\/wp\/v2\/comments?post=4444"}],"version-history":[{"count":1,"href":"https:\/\/www.bfv.cloud\/ajedrezeuropa\/wp-json\/wp\/v2\/posts\/4444\/revisions"}],"predecessor-version":[{"id":4448,"href":"https:\/\/www.bfv.cloud\/ajedrezeuropa\/wp-json\/wp\/v2\/posts\/4444\/revisions\/4448"}],"wp:featuredmedia":[{"embeddable":true,"href":"https:\/\/www.bfv.cloud\/ajedrezeuropa\/wp-json\/wp\/v2\/media\/4445"}],"wp:attachment":[{"href":"https:\/\/www.bfv.cloud\/ajedrezeuropa\/wp-json\/wp\/v2\/media?parent=4444"}],"wp:term":[{"taxonomy":"category","embeddable":true,"href":"https:\/\/www.bfv.cloud\/ajedrezeuropa\/wp-json\/wp\/v2\/categories?post=4444"},{"taxonomy":"post_tag","embeddable":true,"href":"https:\/\/www.bfv.cloud\/ajedrezeuropa\/wp-json\/wp\/v2\/tags?post=4444"}],"curies":[{"name":"wp","href":"https:\/\/api.w.org\/{rel}","templated":true}]}}