{"id":4449,"date":"2017-07-18T20:31:00","date_gmt":"2017-07-18T20:31:00","guid":{"rendered":"https:\/\/www.bfv.cloud\/ajedrezeuropa\/index.php\/2017\/07\/18\/tres-de-nuestros-jugadores-en-el-campeonato-de-espana-sub-14\/"},"modified":"2025-11-20T11:17:23","modified_gmt":"2025-11-20T11:17:23","slug":"tres-de-nuestros-jugadores-en-el-campeonato-de-espana-sub-14","status":"publish","type":"post","link":"https:\/\/www.bfv.cloud\/ajedrezeuropa\/tres-de-nuestros-jugadores-en-el-campeonato-de-espana-sub-14\/","title":{"rendered":"TRES DE NUESTROS JUGADORES EN EL CAMPEONATO DE ESPA\u00d1A SUB-14"},"content":{"rendered":"<table cellpadding=\"0\" cellspacing=\"0\" class=\"tr-caption-container\" style=\"float: left;margin-right: 1em;text-align: left\">\n<tbody>\n<tr>\n<td style=\"text-align: center\"><a href=\"https:\/\/www.bfv.cloud\/ajedrezeuropa\/wp-content\/uploads\/2017\/07\/IMG-20170716-WA004.jpg\" style=\"clear: left;margin-bottom: 1em;margin-left: auto;margin-right: auto\"><img fetchpriority=\"high\" decoding=\"async\" border=\"0\" data-original-height=\"896\" data-original-width=\"1050\" height=\"341\" src=\"https:\/\/blogger.googleusercontent.com\/img\/b\/R29vZ2xl\/AVvXsEgw9jhNPepmDs8pH3geCcwwfdIh8DFdgEgYQ39CQe-YmWNDZnMxnZxQ7fobzo3jlrtyXhEY05gFKpFzFq_FswSwfdb6ooHiSKb5WvS6uCSGUExSprY7NVJsaBivIbg699vlIVvazRVgTfA\/s400\/IMG-20170716-WA004.jpg\" width=\"400\" \/><\/a><\/td>\n<\/tr>\n<tr>\n<td class=\"tr-caption\" style=\"text-align: center\">Alfredo Amador junto al GM David Ant\u00f3n<\/td>\n<\/tr>\n<\/tbody>\n<\/table>\n<table cellpadding=\"0\" cellspacing=\"0\" class=\"tr-caption-container\" style=\"float: right;margin-left: 1em;text-align: right\">\n<tbody>\n<tr>\n<td style=\"text-align: center\"><a href=\"https:\/\/www.bfv.cloud\/ajedrezeuropa\/wp-content\/uploads\/2017\/07\/IMG-20170717-WA007.jpg\" style=\"clear: left;margin-bottom: 1em;margin-left: auto;margin-right: auto\"><img decoding=\"async\" border=\"0\" data-original-height=\"1032\" data-original-width=\"1080\" height=\"381\" src=\"https:\/\/blogger.googleusercontent.com\/img\/b\/R29vZ2xl\/AVvXsEjFuwFS3laBrb3hzr0OUAoxCKcH0Y_6hi3zw38Ie_Zdrt7R3w3hyMULPxMaHQqlMq0HAhQDlUqBoNo8DtQ2iyht7p4D8cLUcATAJ8gSOBydfe2Aewoi5MiZSGq-i7UTwiF7nUfG3I439Sc\/s400\/IMG-20170717-WA007.jpg\" width=\"400\" \/><\/a><\/td>\n<\/tr>\n<tr>\n<td class=\"tr-caption\" style=\"text-align: center\">Roberto Yeghiazaryan y Juanfran Mar\u00edn (con camiseta azul)<br \/>&nbsp;tambi\u00e9n acompa\u00f1ados de grandes entrenadores y excelentes jugadores<br \/>el MI David Mart\u00ednez y David Ant\u00f3n<\/td>\n<\/tr>\n<\/tbody>\n<\/table>\n<p>&nbsp;<span style=\"color: blue;font-family: Helvetica Neue, Arial, Helvetica, sans-serif;font-size: large\">Ayer comenz\u00f3 en Salobre\u00f1a una nueva categor\u00eda del Campeonato de Espa\u00f1a de J\u00f3venes, esta vez le corresponde al sub-14. En este torneo Nuestro Ajedrez en Europa est\u00e1 representado por 3 chicos con una notable proyecci\u00f3n deportiva: Alfredo &nbsp; Amador And\u00fajar, Roberto Yeghiazaryan Petrosyan y Juanfran Mar\u00edn Torres. Hasta esta tarde han sido 3 las rondas disputadas y todos ellos han conseguido puntuar: Roberto suma 1,5 puntos, Alfredo logra 1 punto y Juanfran ha conseguido sumar medio punto en su \u00faltima partida. A este nacional acuden 180 ajedrecistas y nuestros chicos parten de posiciones incluidas en la segunda mitad del ranking inicial. Con las ganas que le ponen, estamos convencidos que el torneo les servir\u00e1 para afianzar su juego y continuar aprendiendo. Ma\u00f1ana ser\u00e1 jornada de doble ronda, la 4\u00aa y la 5\u00aa, y queremos desearles lo mejor. Desde aqu\u00ed iremos siguiendo su juego y trayector\u00eda en estos enlaces:<\/span><br \/>\n<span style=\"color: blue;font-family: Helvetica Neue, Arial, Helvetica, sans-serif;font-size: large\"><br \/><\/span><\/p>\n<div style=\"text-align: center\">\n<span style=\"color: blue;font-family: Helvetica Neue, Arial, Helvetica, sans-serif;font-size: large\"><a href=\"https:\/\/info64.org\/campeonato-de-espana-sub-14-2017\/4\">RESULTADOS RONDA 4 CAMPEONATO ESPA\u00d1A SUB-14<\/a><\/span><\/div>\n<div style=\"text-align: center\">\n<\/div>\n<div style=\"text-align: center\">\n<a href=\"http:\/\/feda.org\/feda2k16\/\">RETRANSMISI\u00d3N EN DIRECTO DESDE LA SALA DE JUEGO<\/a><\/div>\n<p><\/p>\n<table align=\"center\" cellpadding=\"0\" cellspacing=\"0\" class=\"tr-caption-container\" style=\"margin-left: auto;margin-right: auto;text-align: center\">\n<tbody>\n<tr>\n<td style=\"text-align: center\"><a href=\"https:\/\/www.bfv.cloud\/ajedrezeuropa\/wp-content\/uploads\/2017\/07\/IMG-20170717-WA006.jpg\" style=\"margin-left: auto;margin-right: auto\"><img decoding=\"async\" border=\"0\" data-original-height=\"1099\" data-original-width=\"655\" height=\"640\" src=\"https:\/\/blogger.googleusercontent.com\/img\/b\/R29vZ2xl\/AVvXsEhsLqYV3puOUBy3RCpp-6_hqF2Y21197Ws-_IwmGSGbegePFFsgk5cPWZm9eLFfDOxNUKxsfdQdV2rEp3xyTjs7CgmTXKMbCwNKsuugH4ZVIboIke-A5biYaFILAG5C2Bxn879cN7Pzwm8\/s640\/IMG-20170717-WA006.jpg\" width=\"380\" \/><\/a><\/td>\n<\/tr>\n<tr>\n<td class=\"tr-caption\" style=\"text-align: center\">Alfredo y Roberto al p\u00ede de la entrada a la sala de juego<\/td>\n<\/tr>\n<\/tbody>\n<\/table>\n<p><\/p>\n","protected":false},"excerpt":{"rendered":"<p>Alfredo Amador junto al GM David Ant\u00f3n Roberto Yeghiazaryan y Juanfran Mar\u00edn (con camiseta azul)&nbsp;tambi\u00e9n acompa\u00f1ados de grandes entrenadores y excelentes jugadoresel MI David Mart\u00ednez y David Ant\u00f3n &nbsp;Ayer comenz\u00f3 en Salobre\u00f1a una nueva categor\u00eda del Campeonato de Espa\u00f1a de J\u00f3venes, esta vez le corresponde al sub-14. En este torneo Nuestro Ajedrez en Europa est\u00e1 [&hellip;]<\/p>\n","protected":false},"author":1,"featured_media":4450,"comment_status":"open","ping_status":"closed","sticky":false,"template":"","format":"standard","meta":{"footnotes":""},"categories":[1],"tags":[],"class_list":["post-4449","post","type-post","status-publish","format-standard","has-post-thumbnail","hentry","category-noticias"],"_links":{"self":[{"href":"https:\/\/www.bfv.cloud\/ajedrezeuropa\/wp-json\/wp\/v2\/posts\/4449","targetHints":{"allow":["GET"]}}],"collection":[{"href":"https:\/\/www.bfv.cloud\/ajedrezeuropa\/wp-json\/wp\/v2\/posts"}],"about":[{"href":"https:\/\/www.bfv.cloud\/ajedrezeuropa\/wp-json\/wp\/v2\/types\/post"}],"author":[{"embeddable":true,"href":"https:\/\/www.bfv.cloud\/ajedrezeuropa\/wp-json\/wp\/v2\/users\/1"}],"replies":[{"embeddable":true,"href":"https:\/\/www.bfv.cloud\/ajedrezeuropa\/wp-json\/wp\/v2\/comments?post=4449"}],"version-history":[{"count":1,"href":"https:\/\/www.bfv.cloud\/ajedrezeuropa\/wp-json\/wp\/v2\/posts\/4449\/revisions"}],"predecessor-version":[{"id":4453,"href":"https:\/\/www.bfv.cloud\/ajedrezeuropa\/wp-json\/wp\/v2\/posts\/4449\/revisions\/4453"}],"wp:featuredmedia":[{"embeddable":true,"href":"https:\/\/www.bfv.cloud\/ajedrezeuropa\/wp-json\/wp\/v2\/media\/4450"}],"wp:attachment":[{"href":"https:\/\/www.bfv.cloud\/ajedrezeuropa\/wp-json\/wp\/v2\/media?parent=4449"}],"wp:term":[{"taxonomy":"category","embeddable":true,"href":"https:\/\/www.bfv.cloud\/ajedrezeuropa\/wp-json\/wp\/v2\/categories?post=4449"},{"taxonomy":"post_tag","embeddable":true,"href":"https:\/\/www.bfv.cloud\/ajedrezeuropa\/wp-json\/wp\/v2\/tags?post=4449"}],"curies":[{"name":"wp","href":"https:\/\/api.w.org\/{rel}","templated":true}]}}