{"id":445,"date":"2013-03-17T21:32:00","date_gmt":"2013-03-17T21:32:00","guid":{"rendered":"https:\/\/www.bfv.cloud\/ajedrezeuropa\/index.php\/2013\/03\/17\/illescas-recupera-sus-torneos-con-una-notable-participacion\/"},"modified":"2025-11-20T10:17:44","modified_gmt":"2025-11-20T10:17:44","slug":"illescas-recupera-sus-torneos-con-una-notable-participacion","status":"publish","type":"post","link":"https:\/\/www.bfv.cloud\/ajedrezeuropa\/illescas-recupera-sus-torneos-con-una-notable-participacion\/","title":{"rendered":"ILLESCAS RECUPERA SUS TORNEOS CON UNA NOTABLE PARTICIPACI\u00d3N"},"content":{"rendered":"<table cellpadding=\"0\" cellspacing=\"0\" class=\"tr-caption-container\" style=\"float: right;margin-left: 1em;text-align: right\">\n<tbody>\n<tr>\n<td style=\"text-align: center\"><a href=\"https:\/\/www.bfv.cloud\/ajedrezeuropa\/wp-content\/uploads\/2013\/03\/torneodeIllescas002.jpg\" style=\"clear: right;margin-bottom: 1em;margin-left: auto;margin-right: auto\"><img fetchpriority=\"high\" decoding=\"async\" border=\"0\" height=\"300\" src=\"https:\/\/blogger.googleusercontent.com\/img\/b\/R29vZ2xl\/AVvXsEhem7NE7D4ou0ryTvyqasrtjN-eEpdfxrIphSnXFjDCzQTm-MqQvuqtxgLJoh8mnNVx17OSuX3AJf1VBQPeVY2t_60BrYpmfgSaxK5RKCC5D_jgTKJfu0MC-MwomQswMr2z5VB9dyZGLOY\/s400\/torneo+de+Illescas+002.jpg\" width=\"400\" \/><\/a><\/td>\n<\/tr>\n<tr>\n<td class=\"tr-caption\" style=\"text-align: center\">Una imagen de la sala de juego<\/td>\n<\/tr>\n<\/tbody>\n<\/table>\n<p><span style=\"font-family: Helvetica Neue, Arial, Helvetica, sans-serif\">El pasado s\u00e1bado por la tarde la localidad toledana de Illescas retomaba la organizaci\u00f3n de torneos de ajedrez con la participaci\u00f3n de 43 ajedrecistas llegados de diversos puntos de las comunidades de Castilla-La Mancha y Madrid. Un magn\u00edfico conjunto de jugadores y jugadoras de todas las edades y conocimientos pudieron disfrutar de unas horas de juego en torno a los tableros de ajedrez, teniendo como sala de juego uno de los salones del Espacio de Creaci\u00f3n Joven y como espectadores a un buen n\u00famero de entrenadores, padres y madres. El t\u00edtulo de campe\u00f3n fue a parar a las manos del alcarre\u00f1o Miguel Moreno, destacando las actuaciones de Isaac Lozano e Iv\u00e1n Valencia. Un total de 16 trofeos premiaron los resultados de jugadores y jugadoras en 4 categor\u00edas distintas: absoluta, sub-16, sub-12 y sub-10. El acto de entrega de premios fue dirigido por la concejala de deportes del ayuntamiento de Illescas, Mar\u00eda del Olmo.<\/span><\/p>\n<table cellpadding=\"0\" cellspacing=\"0\" class=\"tr-caption-container\" style=\"float: right;margin-left: 1em;text-align: right\">\n<tbody>\n<tr>\n<td style=\"text-align: center\"><a href=\"https:\/\/www.bfv.cloud\/ajedrezeuropa\/wp-content\/uploads\/2013\/03\/torneodeIllescas005.jpg\" style=\"clear: right;margin-bottom: 1em;margin-left: auto;margin-right: auto\"><img decoding=\"async\" border=\"0\" height=\"300\" src=\"https:\/\/blogger.googleusercontent.com\/img\/b\/R29vZ2xl\/AVvXsEjM9IRvy23JW9jtWSI0ysjSbtjdy2eC8vmUEzFpq6U8ABagwu9zPyT1lx2YR43wE46cxBkwysP3lEirDDUkLvjgAiFn9x8dV_lyR_QVf3kbaQP00c0i7_oCMSIhUH5ciHfaJKPsUyGugoI\/s400\/torneo+de+Illescas+005.jpg\" width=\"400\" \/><\/a><\/td>\n<\/tr>\n<tr>\n<td class=\"tr-caption\" style=\"text-align: center\">Los primeros tableros del torneo durante una de las rondas<\/td>\n<\/tr>\n<\/tbody>\n<\/table>\n<p><span style=\"font-family: Helvetica Neue, Arial, Helvetica, sans-serif\">Con el \u00abI TORNEO FIESTAS DEL MILAGRO\u00bb se inicia la actividad competitiva, dentro de la propia poblaci\u00f3n de Illescas, de su escuela deportiva m\u00e1s reciente, la de ajedrez con Daniel P\u00edriz Fern\u00e1ndez al frente. Como todos sab\u00e9is, Daniel es un jugador nacido en Esquivias, que ha pertenecido a nuestra escuela de Villafranca y a nuestro club, habiendo sido ganador de varios t\u00edtulos regionales y de la medalla de bronce nacional en la categor\u00eda sub-16. Ahora est\u00e1 emprendiendo una nueva etapa en las labores de monitor y queremos desearle todo lo mejor. Esperamos que m\u00e1s alumnos y alumnas de nuestras escuelas se interesen por formarse como monitores nacionales de ajedrez, para poder ense\u00f1ar todos esos conocimientos que han ido adquiriendo a lo largo de los a\u00f1os.<\/span><br \/>\n<span style=\"font-family: Helvetica Neue, Arial, Helvetica, sans-serif\"><br \/><\/span><\/p>\n","protected":false},"excerpt":{"rendered":"<p>Una imagen de la sala de juego El pasado s\u00e1bado por la tarde la localidad toledana de Illescas retomaba la organizaci\u00f3n de torneos de ajedrez con la participaci\u00f3n de 43 ajedrecistas llegados de diversos puntos de las comunidades de Castilla-La Mancha y Madrid. Un magn\u00edfico conjunto de jugadores y jugadoras de todas las edades y [&hellip;]<\/p>\n","protected":false},"author":1,"featured_media":446,"comment_status":"open","ping_status":"closed","sticky":false,"template":"","format":"standard","meta":{"footnotes":""},"categories":[1],"tags":[],"class_list":["post-445","post","type-post","status-publish","format-standard","has-post-thumbnail","hentry","category-noticias"],"_links":{"self":[{"href":"https:\/\/www.bfv.cloud\/ajedrezeuropa\/wp-json\/wp\/v2\/posts\/445","targetHints":{"allow":["GET"]}}],"collection":[{"href":"https:\/\/www.bfv.cloud\/ajedrezeuropa\/wp-json\/wp\/v2\/posts"}],"about":[{"href":"https:\/\/www.bfv.cloud\/ajedrezeuropa\/wp-json\/wp\/v2\/types\/post"}],"author":[{"embeddable":true,"href":"https:\/\/www.bfv.cloud\/ajedrezeuropa\/wp-json\/wp\/v2\/users\/1"}],"replies":[{"embeddable":true,"href":"https:\/\/www.bfv.cloud\/ajedrezeuropa\/wp-json\/wp\/v2\/comments?post=445"}],"version-history":[{"count":1,"href":"https:\/\/www.bfv.cloud\/ajedrezeuropa\/wp-json\/wp\/v2\/posts\/445\/revisions"}],"predecessor-version":[{"id":448,"href":"https:\/\/www.bfv.cloud\/ajedrezeuropa\/wp-json\/wp\/v2\/posts\/445\/revisions\/448"}],"wp:featuredmedia":[{"embeddable":true,"href":"https:\/\/www.bfv.cloud\/ajedrezeuropa\/wp-json\/wp\/v2\/media\/446"}],"wp:attachment":[{"href":"https:\/\/www.bfv.cloud\/ajedrezeuropa\/wp-json\/wp\/v2\/media?parent=445"}],"wp:term":[{"taxonomy":"category","embeddable":true,"href":"https:\/\/www.bfv.cloud\/ajedrezeuropa\/wp-json\/wp\/v2\/categories?post=445"},{"taxonomy":"post_tag","embeddable":true,"href":"https:\/\/www.bfv.cloud\/ajedrezeuropa\/wp-json\/wp\/v2\/tags?post=445"}],"curies":[{"name":"wp","href":"https:\/\/api.w.org\/{rel}","templated":true}]}}