{"id":4462,"date":"2011-10-19T22:10:00","date_gmt":"2011-10-19T22:10:00","guid":{"rendered":"https:\/\/www.bfv.cloud\/ajedrezeuropa\/index.php\/2011\/10\/19\/campeonato-de-espana-por-equipos-sub-16\/"},"modified":"2025-11-20T11:17:33","modified_gmt":"2025-11-20T11:17:33","slug":"campeonato-de-espana-por-equipos-sub-16","status":"publish","type":"post","link":"https:\/\/www.bfv.cloud\/ajedrezeuropa\/campeonato-de-espana-por-equipos-sub-16\/","title":{"rendered":"CAMPEONATO DE ESPA\u00d1A POR EQUIPOS SUB-16"},"content":{"rendered":"<div class=\"separator\" style=\"clear: both;text-align: center\"><a href=\"https:\/\/www.bfv.cloud\/ajedrezeuropa\/wp-content\/uploads\/2011\/10\/ceclubs-162011.jpg\" style=\"clear: left;float: left;margin-bottom: 1em;margin-right: 1em\"><img decoding=\"async\" border=\"0\" height=\"640px\" src=\"https:\/\/blogger.googleusercontent.com\/img\/b\/R29vZ2xl\/AVvXsEhi99QDHRe2IqTBy-_EG3rg2gJhgB4K60e83uLWIWqdACmBWA9fkL59cb1-5M2JVOECLpSPksv4EZfcKUcFFr8iT1QstBTsSrQTcuoEGm2iK15BTOP94FyobeDtSS4l7I3ZLMqeaUsnn7Q\/s640\/ceclub+s-16+2011.jpg\" width=\"374px\" \/><\/a><strong><span style=\", serif\">Este s\u00e1bado comienzan los entrenamientos espec\u00edficos preparatorios del IV Campeonato de Espa\u00f1a por Equipos de Club Sub-16. Al igual que el a\u00f1o pasado,&nbsp;los dos clubes que forman parte de nuestro proyecto preparan sus equipos para la competici\u00f3n de mayor importancia que disputar\u00e1n este a\u00f1o. De esta forma los pr\u00f3ximos fines de semana nos conducir\u00e1n hasta el 7 de diciembre entre esta preparaci\u00f3n de los s\u00e1bados y el campeonato absoluto por equipos de Toledo 2012 que se jugar\u00e1 casi todos los domingos de noviembre. Pr\u00f3ximamente daremos a conocer la composici\u00f3n de los equipos de Nuestro Ajedrez en Europa y Nuestro Ajedrez por la Igualdad para estas competiciones.<\/span><\/strong><\/div>\n<div class=\"separator\" style=\"clear: both;text-align: center\">\n<\/div>\n<div align=\"center\">\ufeff<\/div>\n","protected":false},"excerpt":{"rendered":"<p>Este s\u00e1bado comienzan los entrenamientos espec\u00edficos preparatorios del IV Campeonato de Espa\u00f1a por Equipos de Club Sub-16. Al igual que el a\u00f1o pasado,&nbsp;los dos clubes que forman parte de nuestro proyecto preparan sus equipos para la competici\u00f3n de mayor importancia que disputar\u00e1n este a\u00f1o. De esta forma los pr\u00f3ximos fines de semana nos conducir\u00e1n hasta [&hellip;]<\/p>\n","protected":false},"author":1,"featured_media":4463,"comment_status":"open","ping_status":"closed","sticky":false,"template":"","format":"standard","meta":{"footnotes":""},"categories":[1],"tags":[],"class_list":["post-4462","post","type-post","status-publish","format-standard","has-post-thumbnail","hentry","category-noticias"],"_links":{"self":[{"href":"https:\/\/www.bfv.cloud\/ajedrezeuropa\/wp-json\/wp\/v2\/posts\/4462","targetHints":{"allow":["GET"]}}],"collection":[{"href":"https:\/\/www.bfv.cloud\/ajedrezeuropa\/wp-json\/wp\/v2\/posts"}],"about":[{"href":"https:\/\/www.bfv.cloud\/ajedrezeuropa\/wp-json\/wp\/v2\/types\/post"}],"author":[{"embeddable":true,"href":"https:\/\/www.bfv.cloud\/ajedrezeuropa\/wp-json\/wp\/v2\/users\/1"}],"replies":[{"embeddable":true,"href":"https:\/\/www.bfv.cloud\/ajedrezeuropa\/wp-json\/wp\/v2\/comments?post=4462"}],"version-history":[{"count":1,"href":"https:\/\/www.bfv.cloud\/ajedrezeuropa\/wp-json\/wp\/v2\/posts\/4462\/revisions"}],"predecessor-version":[{"id":4464,"href":"https:\/\/www.bfv.cloud\/ajedrezeuropa\/wp-json\/wp\/v2\/posts\/4462\/revisions\/4464"}],"wp:featuredmedia":[{"embeddable":true,"href":"https:\/\/www.bfv.cloud\/ajedrezeuropa\/wp-json\/wp\/v2\/media\/4463"}],"wp:attachment":[{"href":"https:\/\/www.bfv.cloud\/ajedrezeuropa\/wp-json\/wp\/v2\/media?parent=4462"}],"wp:term":[{"taxonomy":"category","embeddable":true,"href":"https:\/\/www.bfv.cloud\/ajedrezeuropa\/wp-json\/wp\/v2\/categories?post=4462"},{"taxonomy":"post_tag","embeddable":true,"href":"https:\/\/www.bfv.cloud\/ajedrezeuropa\/wp-json\/wp\/v2\/tags?post=4462"}],"curies":[{"name":"wp","href":"https:\/\/api.w.org\/{rel}","templated":true}]}}