{"id":4465,"date":"2010-12-22T12:54:00","date_gmt":"2010-12-22T12:54:00","guid":{"rendered":"https:\/\/www.bfv.cloud\/ajedrezeuropa\/index.php\/2010\/12\/22\/firma-del-convenio-entre-el-linex-magic-extremadura-y-nuestro-ajedrez-en-europa-2\/"},"modified":"2025-11-20T11:17:35","modified_gmt":"2025-11-20T11:17:35","slug":"firma-del-convenio-entre-el-linex-magic-extremadura-y-nuestro-ajedrez-en-europa-2","status":"publish","type":"post","link":"https:\/\/www.bfv.cloud\/ajedrezeuropa\/firma-del-convenio-entre-el-linex-magic-extremadura-y-nuestro-ajedrez-en-europa-2\/","title":{"rendered":"FIRMA DEL CONVENIO ENTRE EL LINEX-MAGIC EXTREMADURA Y NUESTRO AJEDREZ EN EUROPA"},"content":{"rendered":"<div style=\"text-align: justify\">\n<div class=\"separator\" style=\"clear: both;text-align: center\"><a href=\"https:\/\/www.bfv.cloud\/ajedrezeuropa\/wp-content\/uploads\/2010\/12\/PRESENTACI25C32593N2010ENPDF.png\" style=\"margin-left: 1em;margin-right: 1em\"><img fetchpriority=\"high\" decoding=\"async\" border=\"0\" height=\"300\" src=\"https:\/\/blogger.googleusercontent.com\/img\/b\/R29vZ2xl\/AVvXsEiOmi_LwRI23fKO7e1Kp2SW2XV_yoIJfB1MWneuRylNUGIiXuy_IGDVClfSFWcbv_MhaS0iumXEhDNrZItekhWwwNlrJHZLDdGINI3GQuiW8xn5PDi6mjSme-57pN3c4jvDfCRLcZXXE3w\/s400\/PRESENTACI%25C3%2593N+2010+EN+PDF.png\" width=\"400\" \/><\/a><\/div>\n<p><strong><em><span style=\"font-family: Verdana\">Como hemos venido anunciando, el pr\u00f3ximo lunes 27 de diciembre a las 11 de la ma\u00f1ana en la sala de comisiones del ayuntamiento de Alc\u00e1zar, tendr\u00e1 lugar el acto oficial de firma del convenio de colaboraci\u00f3n entre el CLUB DE AJEDREZ LINEX-MAGIC EXTREMADURA y el CLUB NUESTRO AJEDREZ EN EUROPA. Los extreme\u00f1os estar\u00e1n representados por su secretario general, Juan Antonio Montero, y los castellano-manchegos por su presidente, F\u00e9lix Toribio, que ser\u00e1n los encargados de firmar y rubricar este importante acuerdo, pensado en beneficio de la formaci\u00f3n ajedrec\u00edstica y humana de todos nuestros chicos y chicas, haci\u00e9ndolo extensivo a diferentes grupos sociales en el \u00e1mbito de las dos comunidades, Extremadura y Castilla-La Mancha. Dada la trascendencia de este convenio, tanto en lo deportivo como en lo social, el acto estar\u00e1 presidido por la m\u00e1s alta representaci\u00f3n pol\u00edtica de los ayuntamientos de M\u00e9rida, Alc\u00e1zar de San Juan y Villafranca de los Caballeros, que han querido, de este modo, apoyar con su presencia la iniciativa de ambos clubes de ajedrez. Es indudable que para el mundo del deporte, en general, y del ajedrez, en particular, es un&nbsp; privilegio promover actuaciones y proyectos como \u00e9ste, que son el fruto de la colaboraci\u00f3n y el entendimiento entre gentes, distantes en lo geogr\u00e1fico, pero cercanas en el terreno de las ideas y de los sentimientos en favor de los valores del ajedrez.<\/span><\/em><\/strong><\/div>\n","protected":false},"excerpt":{"rendered":"<p>Como hemos venido anunciando, el pr\u00f3ximo lunes 27 de diciembre a las 11 de la ma\u00f1ana en la sala de comisiones del ayuntamiento de Alc\u00e1zar, tendr\u00e1 lugar el acto oficial de firma del convenio de colaboraci\u00f3n entre el CLUB DE AJEDREZ LINEX-MAGIC EXTREMADURA y el CLUB NUESTRO AJEDREZ EN EUROPA. Los extreme\u00f1os estar\u00e1n representados por [&hellip;]<\/p>\n","protected":false},"author":1,"featured_media":4466,"comment_status":"open","ping_status":"closed","sticky":false,"template":"","format":"standard","meta":{"footnotes":""},"categories":[1],"tags":[],"class_list":["post-4465","post","type-post","status-publish","format-standard","has-post-thumbnail","hentry","category-noticias"],"_links":{"self":[{"href":"https:\/\/www.bfv.cloud\/ajedrezeuropa\/wp-json\/wp\/v2\/posts\/4465","targetHints":{"allow":["GET"]}}],"collection":[{"href":"https:\/\/www.bfv.cloud\/ajedrezeuropa\/wp-json\/wp\/v2\/posts"}],"about":[{"href":"https:\/\/www.bfv.cloud\/ajedrezeuropa\/wp-json\/wp\/v2\/types\/post"}],"author":[{"embeddable":true,"href":"https:\/\/www.bfv.cloud\/ajedrezeuropa\/wp-json\/wp\/v2\/users\/1"}],"replies":[{"embeddable":true,"href":"https:\/\/www.bfv.cloud\/ajedrezeuropa\/wp-json\/wp\/v2\/comments?post=4465"}],"version-history":[{"count":1,"href":"https:\/\/www.bfv.cloud\/ajedrezeuropa\/wp-json\/wp\/v2\/posts\/4465\/revisions"}],"predecessor-version":[{"id":4467,"href":"https:\/\/www.bfv.cloud\/ajedrezeuropa\/wp-json\/wp\/v2\/posts\/4465\/revisions\/4467"}],"wp:featuredmedia":[{"embeddable":true,"href":"https:\/\/www.bfv.cloud\/ajedrezeuropa\/wp-json\/wp\/v2\/media\/4466"}],"wp:attachment":[{"href":"https:\/\/www.bfv.cloud\/ajedrezeuropa\/wp-json\/wp\/v2\/media?parent=4465"}],"wp:term":[{"taxonomy":"category","embeddable":true,"href":"https:\/\/www.bfv.cloud\/ajedrezeuropa\/wp-json\/wp\/v2\/categories?post=4465"},{"taxonomy":"post_tag","embeddable":true,"href":"https:\/\/www.bfv.cloud\/ajedrezeuropa\/wp-json\/wp\/v2\/tags?post=4465"}],"curies":[{"name":"wp","href":"https:\/\/api.w.org\/{rel}","templated":true}]}}