{"id":4468,"date":"2010-10-08T10:46:00","date_gmt":"2010-10-08T10:46:00","guid":{"rendered":"https:\/\/www.bfv.cloud\/ajedrezeuropa\/index.php\/2010\/10\/08\/nace-el-club-nuestro-ajedrez-por-la-igualdad\/"},"modified":"2025-11-20T11:17:36","modified_gmt":"2025-11-20T11:17:36","slug":"nace-el-club-nuestro-ajedrez-por-la-igualdad","status":"publish","type":"post","link":"https:\/\/www.bfv.cloud\/ajedrezeuropa\/nace-el-club-nuestro-ajedrez-por-la-igualdad\/","title":{"rendered":"NACE EL CLUB NUESTRO AJEDREZ POR LA IGUALDAD"},"content":{"rendered":"<div class=\"separator\" style=\"clear: both;text-align: center\"><a href=\"https:\/\/www.bfv.cloud\/ajedrezeuropa\/wp-content\/uploads\/2010\/10\/LOGODELAWEBNAPI.jpg\" style=\"margin-left: 1em;margin-right: 1em\"><img fetchpriority=\"high\" decoding=\"async\" border=\"0\" height=\"282\" src=\"https:\/\/blogger.googleusercontent.com\/img\/b\/R29vZ2xl\/AVvXsEgC3DfyNudcqQaEWXsSUOK6pnh4dCpwXeN1yx6e4SKKRGm7_3gNjRMSm5nBt39ygWyVeaAJ1mIT8efaFdsqc0sONExnLE0iEgE2EJZ2pIup-72zRjlMZtPEjPmucLlSCkOBFqyeZ7WgJzM\/s400\/LOGO+DE+LA+WEB+NAPI.JPG\" width=\"400\" \/><\/a><\/div>\n<div align=\"center\" class=\"separator\" style=\"clear: both;text-align: center\"><strong><span style=\", Courier, monospace\">El desarrollo del proyecto \u00abNuestro Ajedrez en Europa\u00bb sigue dando sus frutos. Como parte de la ejecuci\u00f3n del programa de igualdad e inserci\u00f3n de nuestras chicas en el deporte, durante el pasado mes de septiembre, se han&nbsp;finalizado&nbsp;las gestiones para&nbsp;la creaci\u00f3n del segundo club nacido al amparo de este ambicioso proyecto ajedrec\u00edstico. La vocaci\u00f3n que inspira el nacimiento del \u00abClub Deportivo Elemental Nuestro Ajedrez por la Igualdad\u00bb, no es otra que la de facilitar la participaci\u00f3n femenina&nbsp;en&nbsp;la pr\u00e1ctica y la formaci\u00f3n deportiva,&nbsp;a la vez que&nbsp;fomentar su integraci\u00f3n en&nbsp;las competiciones&nbsp;individuales y por equipos de medio y alto nivel.&nbsp;El logotipo que encabeza esta informaci\u00f3n ser\u00e1 el emblema utilizado por este nuevo club. Confiamos en&nbsp;el conjunto de beneficios&nbsp;de esta nueva iniciativa y alentamos a todas las mujeres, j\u00f3venes y ni\u00f1as, a participar en ella.<\/span><\/strong><\/div>\n","protected":false},"excerpt":{"rendered":"<p>El desarrollo del proyecto \u00abNuestro Ajedrez en Europa\u00bb sigue dando sus frutos. Como parte de la ejecuci\u00f3n del programa de igualdad e inserci\u00f3n de nuestras chicas en el deporte, durante el pasado mes de septiembre, se han&nbsp;finalizado&nbsp;las gestiones para&nbsp;la creaci\u00f3n del segundo club nacido al amparo de este ambicioso proyecto ajedrec\u00edstico. La vocaci\u00f3n que inspira [&hellip;]<\/p>\n","protected":false},"author":1,"featured_media":4469,"comment_status":"open","ping_status":"closed","sticky":false,"template":"","format":"standard","meta":{"footnotes":""},"categories":[1],"tags":[],"class_list":["post-4468","post","type-post","status-publish","format-standard","has-post-thumbnail","hentry","category-noticias"],"_links":{"self":[{"href":"https:\/\/www.bfv.cloud\/ajedrezeuropa\/wp-json\/wp\/v2\/posts\/4468","targetHints":{"allow":["GET"]}}],"collection":[{"href":"https:\/\/www.bfv.cloud\/ajedrezeuropa\/wp-json\/wp\/v2\/posts"}],"about":[{"href":"https:\/\/www.bfv.cloud\/ajedrezeuropa\/wp-json\/wp\/v2\/types\/post"}],"author":[{"embeddable":true,"href":"https:\/\/www.bfv.cloud\/ajedrezeuropa\/wp-json\/wp\/v2\/users\/1"}],"replies":[{"embeddable":true,"href":"https:\/\/www.bfv.cloud\/ajedrezeuropa\/wp-json\/wp\/v2\/comments?post=4468"}],"version-history":[{"count":1,"href":"https:\/\/www.bfv.cloud\/ajedrezeuropa\/wp-json\/wp\/v2\/posts\/4468\/revisions"}],"predecessor-version":[{"id":4470,"href":"https:\/\/www.bfv.cloud\/ajedrezeuropa\/wp-json\/wp\/v2\/posts\/4468\/revisions\/4470"}],"wp:featuredmedia":[{"embeddable":true,"href":"https:\/\/www.bfv.cloud\/ajedrezeuropa\/wp-json\/wp\/v2\/media\/4469"}],"wp:attachment":[{"href":"https:\/\/www.bfv.cloud\/ajedrezeuropa\/wp-json\/wp\/v2\/media?parent=4468"}],"wp:term":[{"taxonomy":"category","embeddable":true,"href":"https:\/\/www.bfv.cloud\/ajedrezeuropa\/wp-json\/wp\/v2\/categories?post=4468"},{"taxonomy":"post_tag","embeddable":true,"href":"https:\/\/www.bfv.cloud\/ajedrezeuropa\/wp-json\/wp\/v2\/tags?post=4468"}],"curies":[{"name":"wp","href":"https:\/\/api.w.org\/{rel}","templated":true}]}}