{"id":4471,"date":"2017-12-31T19:10:00","date_gmt":"2017-12-31T19:10:00","guid":{"rendered":"https:\/\/www.bfv.cloud\/ajedrezeuropa\/index.php\/2017\/12\/31\/el-torneo-de-la-igualdad-alcanza-su-mayor-cifra-de-participantes\/"},"modified":"2025-11-20T11:17:42","modified_gmt":"2025-11-20T11:17:42","slug":"el-torneo-de-la-igualdad-alcanza-su-mayor-cifra-de-participantes","status":"publish","type":"post","link":"https:\/\/www.bfv.cloud\/ajedrezeuropa\/el-torneo-de-la-igualdad-alcanza-su-mayor-cifra-de-participantes\/","title":{"rendered":"\u00a1EL TORNEO DE LA IGUALDAD ALCANZA SU MAYOR CIFRA DE PARTICIPANTES!"},"content":{"rendered":"<table align=\"center\" cellpadding=\"0\" cellspacing=\"0\" class=\"tr-caption-container\" style=\"margin-left: auto;margin-right: auto;text-align: center\">\n<tbody>\n<tr>\n<td style=\"text-align: center\"><a href=\"https:\/\/www.bfv.cloud\/ajedrezeuropa\/wp-content\/uploads\/2017\/12\/SAM_3695.jpg\" style=\"margin-left: auto;margin-right: auto\"><img fetchpriority=\"high\" decoding=\"async\" border=\"0\" data-original-height=\"923\" data-original-width=\"1600\" height=\"368\" src=\"https:\/\/blogger.googleusercontent.com\/img\/b\/R29vZ2xl\/AVvXsEgn4Ti5xhK3vw1niARDanT_FTlXKkOnelqyGRKUVvfupCpr8_0ZgmYRszdaPRXEdE3hnvzRKi2GX8RJCropI9Yp840xZ0dInQqY4f5t4_G5r2fczmAnPgHYswNjinm0b3Ju_K3hJ1aH3Uw\/s640\/SAM_3695.JPG\" width=\"640\" \/><\/a><\/td>\n<\/tr>\n<tr>\n<td class=\"tr-caption\" style=\"text-align: center\">64 participantes llenaron el sal\u00f3n de actos de la casa de la cultura<\/td>\n<\/tr>\n<\/tbody>\n<\/table>\n<p><span style=\"color: #660000;, serif;font-size: large\"><b>El \u00faltimo torneo del a\u00f1o en la provincia de Toledo reun\u00eda el s\u00e1bado d\u00eda 30 en Villafranca de los Caballeros a 64 ajedrecistas, mejorando notablemente las cifras de anteriores ediciones y convirti\u00e9ndose en uno de los m\u00e1s participativos de toda la temporada dentro del ajedrez toledano.&nbsp;<\/b><\/span><br \/>\n<span style=\"color: #660000;, serif;font-size: large\"><b>Tambi\u00e9n esta 13\u00aa edici\u00f3n del Torneo de la Igualdad presenta un n\u00famero r\u00e9cord en participaci\u00f3n femenina, 18 entre las categor\u00edas absoluta y sub-12. <\/p>\n<table align=\"center\" cellpadding=\"0\" cellspacing=\"0\" class=\"tr-caption-container\" style=\"margin-left: auto;margin-right: auto;text-align: center\">\n<tbody>\n<tr>\n<td style=\"text-align: center\"><a href=\"https:\/\/www.bfv.cloud\/ajedrezeuropa\/wp-content\/uploads\/2017\/12\/FOTOGRUPOCESARPALOMARES.jpg\" style=\"margin-left: auto;margin-right: auto\"><img decoding=\"async\" border=\"0\" data-original-height=\"820\" data-original-width=\"1600\" height=\"328\" src=\"https:\/\/blogger.googleusercontent.com\/img\/b\/R29vZ2xl\/AVvXsEiSuMk6BZ1Jx5XcXbseNAXcKCs0ZgXyuS-DoVY0UXk8h0Bp2a1Q-B8TXgSoTm6KE2059-mdqI9fEbeoHcsrGQPdKMN_XPiszTLXHU0LTkQDqtlgo0qaiIQQFRDPPNOHYXXfnGJWIy17AbI\/s640\/FOTO+GRUPO+CESAR+PALOMARES.JPG\" width=\"640\" \/><\/a><\/td>\n<\/tr>\n<tr>\n<td class=\"tr-caption\" style=\"text-align: center\">Foto cedida por C\u00e9sar Palomares: Algunos de los participantes al finalizar la entrega de trofeos<\/td>\n<\/tr>\n<\/tbody>\n<\/table>\n<p>En este \u00faltimo apartado, el del sub-12, un total de 25 chicos y chicas demostraban que el nivel de ajedrez de algunos de ellos es tan bueno como el de los j\u00f3venes y mayores, manteni\u00e9ndose hasta la clasificaci\u00f3n final en los primeros puestos del torneo.&nbsp;<\/b><\/span><\/p>\n<table align=\"center\" cellpadding=\"0\" cellspacing=\"0\" class=\"tr-caption-container\" style=\"margin-left: auto;margin-right: auto;text-align: center\">\n<tbody>\n<tr>\n<td style=\"text-align: center\"><a href=\"https:\/\/www.bfv.cloud\/ajedrezeuropa\/wp-content\/uploads\/2017\/12\/SAM_3696.jpg\" style=\"margin-left: auto;margin-right: auto\"><img decoding=\"async\" border=\"0\" data-original-height=\"670\" data-original-width=\"1600\" height=\"266\" src=\"https:\/\/blogger.googleusercontent.com\/img\/b\/R29vZ2xl\/AVvXsEgH-8V6khfPMuBq_CiiG8D8FIydrSI0MDsD5Q-zAUaFBfG4KydGnWguAGu2MOGhoOysZBENf9hgddJkJqaIzdnmmfE3crp2MZk5svV3Cgm63bLiLMGEQO206dhij7jAARluAirzv9fSam8\/s640\/SAM_3696.JPG\" width=\"640\" \/><\/a><\/td>\n<\/tr>\n<tr>\n<td class=\"tr-caption\" style=\"text-align: center\">El ajedrez ha sido el protagonista en Villafranca durante la \u00faltima semana del a\u00f1o<\/td>\n<\/tr>\n<\/tbody>\n<\/table>\n<p><b style=\"color: #660000;, serif\"><span style=\"font-size: large\">Despu\u00e9s de la 5\u00aa y \u00faltima ronda eran 2 los sub-12 clasificados entre los 5 primeros puestos, mientras que 4 j\u00f3venes jugadoras lo hac\u00edan en las 10 posiciones principales. Un gran m\u00e9rito para est@s 7 ajedrecistas que tan solo permitieron a 3 jugadores absolutos clasificarse entre los 10 mejores.<\/span><\/b><\/p>\n<table cellpadding=\"0\" cellspacing=\"0\" class=\"tr-caption-container\" style=\"float: left;margin-right: 1em;text-align: left\">\n<tbody>\n<tr>\n<td style=\"text-align: center\"><a href=\"https:\/\/www.bfv.cloud\/ajedrezeuropa\/wp-content\/uploads\/2017\/12\/SAM_3699.jpg\" style=\"clear: left;margin-bottom: 1em;margin-left: auto;margin-right: auto\"><img loading=\"lazy\" decoding=\"async\" border=\"0\" data-original-height=\"1200\" data-original-width=\"1600\" height=\"300\" src=\"https:\/\/blogger.googleusercontent.com\/img\/b\/R29vZ2xl\/AVvXsEjOJGFqxnJ8EEeyTGL-dCVzt8vX7PEKkh0jZzi6Q1aykqDD3a24hEaMmCXSm5H4B8F5HzzgcqW629YitfxOStyr1um9QTQS6XDaFhN5ZccCfA6RLyHkIQxJEwy2-BGoh5fSvO8kbwEeDxw\/s400\/SAM_3699.JPG\" width=\"400\" \/><\/a><\/td>\n<\/tr>\n<tr>\n<td class=\"tr-caption\" style=\"text-align: center\">Las partidas fueron muy disputadas durante todo el torneo<\/td>\n<\/tr>\n<\/tbody>\n<\/table>\n<p><b style=\"color: #660000;, serif\"><span style=\"font-size: large\">De esta forma finalizaba el a\u00f1o 2017 para nuestro proyecto, con una semana cargada de actividades. Entre la Concentraci\u00f3n de Navidad y el Torneo de la Igualdad casi un centenar de aficionad@s al ajedrez han tenido oportunidad de seguir disfrutando de su deporte favorito.<\/span><\/b><\/p>\n<div style=\"text-align: center\">\n<b style=\"color: #660000;, serif\"><span style=\"font-size: large\">\u00a1\u00a1FELIZ A\u00d1O 2018!!<\/span><\/b><\/div>\n<div class=\"separator\" style=\"clear: both;text-align: center\">\n<a href=\"https:\/\/www.bfv.cloud\/ajedrezeuropa\/wp-content\/uploads\/2017\/12\/CLASIFICACI25C32593NFINALXIIITORNEODELAIGUALDAD_001.jpg\" style=\"margin-left: 1em;margin-right: 1em\"><img loading=\"lazy\" decoding=\"async\" border=\"0\" data-original-height=\"494\" data-original-width=\"727\" height=\"430\" src=\"https:\/\/blogger.googleusercontent.com\/img\/b\/R29vZ2xl\/AVvXsEivUFbj_J77_KxqwFwf8hTVRwDo-EAzQh5Uvtki-Kvmm2StOLGWVbTo8AG1YrxAmwgPxqXjoUvBXw2IgYW2L-lty5XU4U27wRA7XIiAhla78Z9UMmWTWS1vq7EoF84kbPAfOhLIFY5s2bQ\/s640\/CLASIFICACI%25C3%2593N+FINAL+XIII+TORNEO+DE+LA+IGUALDAD_001.jpg\" width=\"640\" \/><\/a><\/div>\n<p><span style=\"color: #660000;, serif;font-size: large\"><b><br \/><\/b><\/span><\/p>\n","protected":false},"excerpt":{"rendered":"<p>64 participantes llenaron el sal\u00f3n de actos de la casa de la cultura El \u00faltimo torneo del a\u00f1o en la provincia de Toledo reun\u00eda el s\u00e1bado d\u00eda 30 en Villafranca de los Caballeros a 64 ajedrecistas, mejorando notablemente las cifras de anteriores ediciones y convirti\u00e9ndose en uno de los m\u00e1s participativos de toda la temporada [&hellip;]<\/p>\n","protected":false},"author":1,"featured_media":4472,"comment_status":"open","ping_status":"closed","sticky":false,"template":"","format":"standard","meta":{"footnotes":""},"categories":[1],"tags":[],"class_list":["post-4471","post","type-post","status-publish","format-standard","has-post-thumbnail","hentry","category-noticias"],"_links":{"self":[{"href":"https:\/\/www.bfv.cloud\/ajedrezeuropa\/wp-json\/wp\/v2\/posts\/4471","targetHints":{"allow":["GET"]}}],"collection":[{"href":"https:\/\/www.bfv.cloud\/ajedrezeuropa\/wp-json\/wp\/v2\/posts"}],"about":[{"href":"https:\/\/www.bfv.cloud\/ajedrezeuropa\/wp-json\/wp\/v2\/types\/post"}],"author":[{"embeddable":true,"href":"https:\/\/www.bfv.cloud\/ajedrezeuropa\/wp-json\/wp\/v2\/users\/1"}],"replies":[{"embeddable":true,"href":"https:\/\/www.bfv.cloud\/ajedrezeuropa\/wp-json\/wp\/v2\/comments?post=4471"}],"version-history":[{"count":1,"href":"https:\/\/www.bfv.cloud\/ajedrezeuropa\/wp-json\/wp\/v2\/posts\/4471\/revisions"}],"predecessor-version":[{"id":4477,"href":"https:\/\/www.bfv.cloud\/ajedrezeuropa\/wp-json\/wp\/v2\/posts\/4471\/revisions\/4477"}],"wp:featuredmedia":[{"embeddable":true,"href":"https:\/\/www.bfv.cloud\/ajedrezeuropa\/wp-json\/wp\/v2\/media\/4472"}],"wp:attachment":[{"href":"https:\/\/www.bfv.cloud\/ajedrezeuropa\/wp-json\/wp\/v2\/media?parent=4471"}],"wp:term":[{"taxonomy":"category","embeddable":true,"href":"https:\/\/www.bfv.cloud\/ajedrezeuropa\/wp-json\/wp\/v2\/categories?post=4471"},{"taxonomy":"post_tag","embeddable":true,"href":"https:\/\/www.bfv.cloud\/ajedrezeuropa\/wp-json\/wp\/v2\/tags?post=4471"}],"curies":[{"name":"wp","href":"https:\/\/api.w.org\/{rel}","templated":true}]}}