{"id":4478,"date":"2016-08-07T10:17:00","date_gmt":"2016-08-07T10:17:00","guid":{"rendered":"https:\/\/www.bfv.cloud\/ajedrezeuropa\/index.php\/2016\/08\/07\/la-clausura-del-campus-avanza-el-futuro-del-proyecto\/"},"modified":"2025-11-20T11:17:46","modified_gmt":"2025-11-20T11:17:46","slug":"la-clausura-del-campus-avanza-el-futuro-del-proyecto","status":"publish","type":"post","link":"https:\/\/www.bfv.cloud\/ajedrezeuropa\/la-clausura-del-campus-avanza-el-futuro-del-proyecto\/","title":{"rendered":"\u00a1\u00a1LA CLAUSURA DEL CAMPUS AVANZA EL FUTURO DEL PROYECTO!!"},"content":{"rendered":"<table align=\"center\" cellpadding=\"0\" cellspacing=\"0\" class=\"tr-caption-container\" style=\"margin-left: auto;margin-right: auto;text-align: center\">\n<tbody>\n<tr>\n<td style=\"text-align: center\"><a href=\"https:\/\/www.bfv.cloud\/ajedrezeuropa\/wp-content\/uploads\/2016\/08\/SAM_2915.jpg\" style=\"margin-left: auto;margin-right: auto\"><img fetchpriority=\"high\" decoding=\"async\" border=\"0\" height=\"342\" src=\"https:\/\/blogger.googleusercontent.com\/img\/b\/R29vZ2xl\/AVvXsEjIT7vCxCsctdmMXeddBbKm3jz3vjB0KatCj1DzM8ivSKYSAKKdkjWnN5ITrlDIv9MjFPVc9pZXMRPvFrg96bBM0R1hj9qVDyPtZc3IiTl8qOyAU5d9yFaBvGN_ZdD2Yda54XJC0dcyir0\/s640\/SAM_2915.JPG\" width=\"640\" \/><\/a><\/td>\n<\/tr>\n<tr>\n<td class=\"tr-caption\" style=\"text-align: center\">Los alumnos con sus entrenadores y monitores tras la entrega de diplomas<\/td>\n<\/tr>\n<\/tbody>\n<\/table>\n<p><b style=\"font-family: verdana, sans-serif\">El s\u00e1bado 30 de julio finaliz\u00f3 en Villafranca el IX campus de verano con un acto de clausura donde estuvieron presentes: Juli\u00e1n Bola\u00f1os, alcalde de Villafranca, y &nbsp;Javier Ortega, concejal de deportes de Alc\u00e1zar. Por primera vez se hizo entrega a todos los participantes de un diploma acreditativo de su asistencia y cumplimiento con los objetivos formativos del campus. Este diploma, concedido por el CD NUESTRO AJEDREZ EN EUROPA, est\u00e1 firmado por los grandes maestros, Elizbar Ubilava y Herminio Herr\u00e1iz, y por el director del campus, F\u00e9lix Toribio.<\/b><br \/>\n<b style=\"font-family: verdana, sans-serif\"><br \/><\/b><\/p>\n<table cellpadding=\"0\" cellspacing=\"0\" class=\"tr-caption-container\" style=\"float: right;margin-left: 1em;text-align: right\">\n<tbody>\n<tr>\n<td style=\"text-align: center\"><a href=\"https:\/\/www.bfv.cloud\/ajedrezeuropa\/wp-content\/uploads\/2016\/08\/SAM_2905.jpg\" style=\"clear: right;margin-bottom: 1em;margin-left: auto;margin-right: auto\"><img decoding=\"async\" border=\"0\" height=\"208\" src=\"https:\/\/blogger.googleusercontent.com\/img\/b\/R29vZ2xl\/AVvXsEi_3ZcBxxaU6iCMNyRSzlHUrysnpd-7GZkWQv-uoTp5v2orT80-xLdRLaIQnXnA1QkWllXZNDI4zSDhvuI3bWawWovqyJvBRG0ICvY2dcZUKDFvFatzeNUPjxX3wfkYbWcSEYMK34p3mrk\/s400\/SAM_2905.JPG\" width=\"400\" \/><\/a><\/td>\n<\/tr>\n<tr>\n<td class=\"tr-caption\" style=\"text-align: center\">El alcalde de Villafranca, Juli\u00e1n Bola\u00f1os, y el concejal de deportes de<br \/>Alc\u00e1zar, Javier Ortega, acompa\u00f1ados de los responsables t\u00e9cnicos del<br \/>campus,&nbsp;durante el acto de clausura del s\u00e1bado<\/td>\n<\/tr>\n<\/tbody>\n<\/table>\n<p><b style=\"font-family: verdana, sans-serif\">El trabajo continuado del proyecto ha hecho posible que en 2017 se vayan a celebrar los diez a\u00f1os ininterrumpidos del campus del verano y de la concentraci\u00f3n de Navidad. Estas ser\u00e1n unas ediciones especiales para las que ya se est\u00e1n preparando novedades y colaboraciones que distinguir\u00e1n y potenciar\u00e1n ambas actividades.<\/b><br \/>\n<b style=\"font-family: verdana, sans-serif\"><br \/><\/b><br \/>\n<b style=\"font-family: verdana, sans-serif\">Por ahora, haremos referencia al campus de 2016, que tanto para alumnos como padres y madres, ha resultado ser el mejor de cuantos se han celebrado. Sin duda que esto es debido al magn\u00edfico grupo de entrenadores y monitores con el que se est\u00e1 trabajando durante todo este tiempo.&nbsp;<\/b><br \/>\n<b style=\"font-family: verdana, sans-serif\">Gracias a todos por creer en un proyecto \u00fanico en Espa\u00f1a, que con sus marcadas singularidades es uno de los referentes del ajedrez nacional.<\/b><br \/>\n<b style=\"font-family: verdana, sans-serif\"><br \/><\/b><\/p>\n<table align=\"center\" cellpadding=\"0\" cellspacing=\"0\" class=\"tr-caption-container\" style=\"margin-left: auto;margin-right: auto;text-align: center\">\n<tbody>\n<tr>\n<td style=\"text-align: center\"><a href=\"https:\/\/www.bfv.cloud\/ajedrezeuropa\/wp-content\/uploads\/2016\/08\/SAM_2893.jpg\" style=\"margin-left: auto;margin-right: auto\"><img decoding=\"async\" border=\"0\" height=\"480\" src=\"https:\/\/blogger.googleusercontent.com\/img\/b\/R29vZ2xl\/AVvXsEgSK-8Cq8CNeY6ppp3Xqi3ttGdmni5a2CbNiTY-bst2v1GCdQTI7l2hXvV7_fgQWfO3oJ8vPYRAdB7mfpfNbzCfndnE-PB9huHGOneSa1X1H77ekheTiwisqSzbB2k9dCOfEbb_NGytjZ8\/s640\/SAM_2893.JPG\" width=\"640\" \/><\/a><\/td>\n<\/tr>\n<tr>\n<td class=\"tr-caption\" style=\"text-align: center\">Una imagen del sal\u00f3n de actos de la Casa de la Cultura de Villafranca al comienzo de la proyecci\u00f3n del v\u00eddeo de clausura<\/td>\n<\/tr>\n<\/tbody>\n<\/table>\n<p><b style=\"font-family: verdana, sans-serif\"><br \/><\/b><\/p>\n","protected":false},"excerpt":{"rendered":"<p>Los alumnos con sus entrenadores y monitores tras la entrega de diplomas El s\u00e1bado 30 de julio finaliz\u00f3 en Villafranca el IX campus de verano con un acto de clausura donde estuvieron presentes: Juli\u00e1n Bola\u00f1os, alcalde de Villafranca, y &nbsp;Javier Ortega, concejal de deportes de Alc\u00e1zar. Por primera vez se hizo entrega a todos los [&hellip;]<\/p>\n","protected":false},"author":1,"featured_media":4479,"comment_status":"open","ping_status":"closed","sticky":false,"template":"","format":"standard","meta":{"footnotes":""},"categories":[1],"tags":[],"class_list":["post-4478","post","type-post","status-publish","format-standard","has-post-thumbnail","hentry","category-noticias"],"_links":{"self":[{"href":"https:\/\/www.bfv.cloud\/ajedrezeuropa\/wp-json\/wp\/v2\/posts\/4478","targetHints":{"allow":["GET"]}}],"collection":[{"href":"https:\/\/www.bfv.cloud\/ajedrezeuropa\/wp-json\/wp\/v2\/posts"}],"about":[{"href":"https:\/\/www.bfv.cloud\/ajedrezeuropa\/wp-json\/wp\/v2\/types\/post"}],"author":[{"embeddable":true,"href":"https:\/\/www.bfv.cloud\/ajedrezeuropa\/wp-json\/wp\/v2\/users\/1"}],"replies":[{"embeddable":true,"href":"https:\/\/www.bfv.cloud\/ajedrezeuropa\/wp-json\/wp\/v2\/comments?post=4478"}],"version-history":[{"count":1,"href":"https:\/\/www.bfv.cloud\/ajedrezeuropa\/wp-json\/wp\/v2\/posts\/4478\/revisions"}],"predecessor-version":[{"id":4482,"href":"https:\/\/www.bfv.cloud\/ajedrezeuropa\/wp-json\/wp\/v2\/posts\/4478\/revisions\/4482"}],"wp:featuredmedia":[{"embeddable":true,"href":"https:\/\/www.bfv.cloud\/ajedrezeuropa\/wp-json\/wp\/v2\/media\/4479"}],"wp:attachment":[{"href":"https:\/\/www.bfv.cloud\/ajedrezeuropa\/wp-json\/wp\/v2\/media?parent=4478"}],"wp:term":[{"taxonomy":"category","embeddable":true,"href":"https:\/\/www.bfv.cloud\/ajedrezeuropa\/wp-json\/wp\/v2\/categories?post=4478"},{"taxonomy":"post_tag","embeddable":true,"href":"https:\/\/www.bfv.cloud\/ajedrezeuropa\/wp-json\/wp\/v2\/tags?post=4478"}],"curies":[{"name":"wp","href":"https:\/\/api.w.org\/{rel}","templated":true}]}}